{"id":7768,"date":"2025-11-10T08:51:37","date_gmt":"2025-11-10T07:51:37","guid":{"rendered":"http:\/\/jnr-cpl.com\/?p=7768"},"modified":"2025-11-10T08:51:37","modified_gmt":"2025-11-10T07:51:37","slug":"interview-de-georges-duffau-epstein","status":"publish","type":"post","link":"http:\/\/jnr-cpl.com\/?p=7768","title":{"rendered":"Interview de Georges Duffau-Epstein"},"content":{"rendered":"<div class=\"html-div xdj266r xat24cr x1lziwak xexx8yu xyri2b x18d9i69 x1c1uobl x78zum5 x2lah0s xqtp20y x1xegmmw\">\n<div class=\"x1vqgdyp x100vrsf\"><\/div>\n<\/div>\n<div class=\"html-div xdj266r x14z9mp xat24cr x1lziwak xexx8yu xyri2b x18d9i69 x1c1uobl x1iyjqo2 xeuugli\">\n<div class=\"x78zum5 xdt5ytf xz62fqu x16ldp7u\">\n<div class=\"xu06os2 x1ok221b\">\n<div id=\"_r_2k_\" class=\"html-div xdj266r x14z9mp xat24cr x1lziwak xexx8yu xyri2b x18d9i69 x1c1uobl x6s0dn4 x17zd0t2 x78zum5 x1q0g3np x1a02dak\"><\/div>\n<\/div>\n<\/div>\n<\/div>\n<div class=\"html-div xdj266r x14z9mp xat24cr x1lziwak xexx8yu xyri2b x18d9i69 x1c1uobl\" dir=\"auto\">\n<div class=\"html-div xdj266r x14z9mp xat24cr x1lziwak xexx8yu xyri2b x18d9i69 x1c1uobl\" data-ad-rendering-role=\"story_message\">\n<div id=\"_r_2l_\" class=\"x1l90r2v x1iorvi4 x1g0dm76 xpdmqnj\" data-ad-comet-preview=\"message\" data-ad-preview=\"message\">\n<div class=\"x78zum5 xdt5ytf xz62fqu x16ldp7u\">\n<div class=\"xu06os2 x1ok221b\">\n<div class=\"html-div xdj266r x14z9mp xat24cr x1lziwak xexx8yu xyri2b x18d9i69 x1c1uobl\">\n<div class=\"xdj266r x14z9mp xat24cr x1lziwak x1vvkbs x126k92a\">\n<div dir=\"auto\">Vous trouverez ci-dessous le lien pour visionner le film de l\u2019 interview de Georges Duffau-Epstein mont\u00e9 par Miguel Vallecillo Mata dans le cadre du travail de m\u00e9moire men\u00e9e par l\u2019ADVR sur le th\u00e8me : La R\u00e9sistance en h\u00e9ritage.<\/div>\n<div dir=\"auto\">Georges Duffau-Epstein est le fils de Joseph Epstein, le colonel Gilles, chef des FTP de l\u2019\u00cele-de-France de f\u00e9vrier 1943 \u00e0 novembre 1943 date \u00e0 laquelle il est arr\u00eat\u00e9 en compagnie de Manouchian. Tortur\u00e9 pendant plusieurs mois, il ne parle pas et es fusill\u00e9 au Mont Valerien en avril 1944.<\/div>\n<div dir=\"auto\">Bien cordialement.<\/div>\n<div dir=\"auto\">Yves Blondeau, secr\u00e9taire g\u00e9n\u00e9ral de l&rsquo;ADVR<\/div>\n<div dir=\"auto\"><\/div>\n<\/div>\n<div dir=\"auto\"><a href=\"https:\/\/www.youtube.com\/watch?v=lyZT2ASxvqY\" target=\"_blank\" rel=\"noopener\"><img loading=\"lazy\" decoding=\"async\" class=\"alignnone size-large wp-image-7773\" src=\"http:\/\/jnr-cpl.com\/wp-content\/uploads\/2025\/11\/Capture-decran-2025-11-10-a-08.42.57-1024x532.png\" alt=\"\" width=\"640\" height=\"333\" srcset=\"http:\/\/jnr-cpl.com\/wp-content\/uploads\/2025\/11\/Capture-decran-2025-11-10-a-08.42.57-1024x532.png 1024w, http:\/\/jnr-cpl.com\/wp-content\/uploads\/2025\/11\/Capture-decran-2025-11-10-a-08.42.57-300x156.png 300w, http:\/\/jnr-cpl.com\/wp-content\/uploads\/2025\/11\/Capture-decran-2025-11-10-a-08.42.57-768x399.png 768w, http:\/\/jnr-cpl.com\/wp-content\/uploads\/2025\/11\/Capture-decran-2025-11-10-a-08.42.57-519x270.png 519w, http:\/\/jnr-cpl.com\/wp-content\/uploads\/2025\/11\/Capture-decran-2025-11-10-a-08.42.57.png 1158w\" sizes=\"auto, (max-width: 640px) 100vw, 640px\" \/><\/a><\/div>\n<\/div>\n<\/div>\n<\/div>\n<\/div>\n<\/div>\n<\/div>\n","protected":false},"excerpt":{"rendered":"<p>Vous trouverez ci-dessous le lien pour visionner le film de l\u2019 interview de Georges Duffau-Epstein mont\u00e9 par Miguel Vallecillo Mata dans le cadre du travail de m\u00e9moire men\u00e9e par l\u2019ADVR sur le th\u00e8me : La R\u00e9sistance en h\u00e9ritage. Georges Duffau-Epstein est le fils de Joseph Epstein, le colonel Gilles, chef des FTP de l\u2019\u00cele-de-France de &hellip; <\/p>\n<p class=\"read-more\"><a class=\"btn btn-default\" href=\"http:\/\/jnr-cpl.com\/?p=7768\"> Read More<span class=\"screen-reader-text\">  Read More<\/span><\/a><\/p>\n","protected":false},"author":1,"featured_media":0,"comment_status":"closed","ping_status":"open","sticky":false,"template":"","format":"standard","meta":{"footnotes":""},"categories":[18],"tags":[],"class_list":["post-7768","post","type-post","status-publish","format-standard","hentry","category-actualite-de-la-resistance"],"_links":{"self":[{"href":"http:\/\/jnr-cpl.com\/index.php?rest_route=\/wp\/v2\/posts\/7768","targetHints":{"allow":["GET"]}}],"collection":[{"href":"http:\/\/jnr-cpl.com\/index.php?rest_route=\/wp\/v2\/posts"}],"about":[{"href":"http:\/\/jnr-cpl.com\/index.php?rest_route=\/wp\/v2\/types\/post"}],"author":[{"embeddable":true,"href":"http:\/\/jnr-cpl.com\/index.php?rest_route=\/wp\/v2\/users\/1"}],"replies":[{"embeddable":true,"href":"http:\/\/jnr-cpl.com\/index.php?rest_route=%2Fwp%2Fv2%2Fcomments&post=7768"}],"version-history":[{"count":1,"href":"http:\/\/jnr-cpl.com\/index.php?rest_route=\/wp\/v2\/posts\/7768\/revisions"}],"predecessor-version":[{"id":7779,"href":"http:\/\/jnr-cpl.com\/index.php?rest_route=\/wp\/v2\/posts\/7768\/revisions\/7779"}],"wp:attachment":[{"href":"http:\/\/jnr-cpl.com\/index.php?rest_route=%2Fwp%2Fv2%2Fmedia&parent=7768"}],"wp:term":[{"taxonomy":"category","embeddable":true,"href":"http:\/\/jnr-cpl.com\/index.php?rest_route=%2Fwp%2Fv2%2Fcategories&post=7768"},{"taxonomy":"post_tag","embeddable":true,"href":"http:\/\/jnr-cpl.com\/index.php?rest_route=%2Fwp%2Fv2%2Ftags&post=7768"}],"curies":[{"name":"wp","href":"https:\/\/api.w.org\/{rel}","templated":true}]}}