{"id":7749,"date":"2025-11-03T09:54:48","date_gmt":"2025-11-03T08:54:48","guid":{"rendered":"http:\/\/jnr-cpl.com\/?p=7749"},"modified":"2025-11-03T09:54:48","modified_gmt":"2025-11-03T08:54:48","slug":"visite-thematique-compagnons-de-la-liberation-et-medaillees-de-la-resistance","status":"publish","type":"post","link":"http:\/\/jnr-cpl.com\/?p=7749","title":{"rendered":"Visite th\u00e9matique \u00ab Compagnons de la Lib\u00e9ration et m\u00e9daill\u00e9es de la R\u00e9sistance\u00a0\u00bb"},"content":{"rendered":"<p class=\"fw-bold font-size-16 my-1\">Le 15\/11\/2025<\/p>\n<p class=\"fw-bold font-size-16 my-1\"><i class=\"me-3 bi bi-geo-alt\"><\/i> <a class=\"mr-2\" href=\"https:\/\/www.jds.fr\/lyon\/patrimoine-historique\/memorial-national-de-la-prison-de-montluc-18308_L\">M\u00e9morial National de la prison de Montluc<\/a> | <a href=\"https:\/\/www.jds.fr\/lyon\/\">Lyon<\/a><\/p>\n<p class=\"fw-bold font-size-16 my-1\"><i class=\"bi bi-currency-euro me-3\"><\/i> Gratuit<\/p>\n<div class=\"description clearfix mt-3\">\n<p>Il y a 85 ans, le 16 novembre 1940, le G\u00e9n\u00e9ral de Gaulle cr\u00e9ait l\u2019Ordre de la Lib\u00e9ration.<\/p>\n<p><a class=\"image detail   position-relative d-block\" title=\"Visite th\u00e9matique \u00ab Compagnons de la Lib\u00e9ration et m\u00e9daill\u00e9es de la R\u00e9sistance \u00bb &amp;copy; M\u00e9morial National de la prison de Montluc \/ ShD de Caen\" href=\"https:\/\/www.jds.fr\/medias\/image\/0-42164800-1761749855-759713-920-0-F.webp\" data-lightbox=\"article\" data-title=\"Visite th\u00e9matique \u00ab Compagnons de la Lib\u00e9ration et m\u00e9daill\u00e9es de la R\u00e9sistance \u00bb &amp;copy; M\u00e9morial National de la prison de Montluc \/ ShD de Caen\"> <span class=\"position-relative d-block\"><img decoding=\"async\" class=\"border\" src=\"https:\/\/www.jds.fr\/medias\/image\/0-42164800-1761749855-759713-1200-0.webp\" sizes=\"(max-width: 320px) 100vw,\n(max-width: 480px) 100vw,\n(max-width: 768px) 100vw,\n(max-width: 920px) 100vw,\n100vw\" srcset=\"https:\/\/www.jds.fr\/medias\/image\/0-42164800-1761749855-759713-320-0.webp 320w,\nhttps:\/\/www.jds.fr\/medias\/image\/0-42164800-1761749855-759713-480-0.webp 480w,\nhttps:\/\/www.jds.fr\/medias\/image\/0-42164800-1761749855-759713-768-0.webp 768w,\nhttps:\/\/www.jds.fr\/medias\/image\/0-42164800-1761749855-759713-920-0.webp 920w,\nhttps:\/\/www.jds.fr\/medias\/image\/0-42164800-1761749855-759713-1200-0.webp 1200w\" alt=\"Visite th\u00e9matique \u00ab Compagnons de la Lib\u00e9ration et m\u00e9daill\u00e9es de la R\u00e9sistance \u00bb\" width=\"685\" \/> <span class=\"copyright\">\u00a9 M\u00e9morial National de la prison de Montluc \/ ShD de Caen<\/span> <\/span><span class=\"legende\">Visite th\u00e9matique\u00a0\u00ab Compagnons de la Lib\u00e9ration et m\u00e9daill\u00e9es de la R\u00e9sistance\u00a0\u00bb<\/span> <\/a><\/p>\n<div class=\"gp_div_affiche\" data-id=\"1624\" data-id-format=\"63\"><\/div>\n<p>Le temps d\u2019une visite guid\u00e9e th\u00e9matique, d\u00e9couvrez des itin\u00e9raires d\u2019hommes nomm\u00e9s Compagnons de la Lib\u00e9ration ainsi que des parcours de femmes m\u00e9daill\u00e9es de la R\u00e9sistance fran\u00e7aise ayant \u00e9t\u00e9 intern\u00e9s \u00e0 la prison de Montluc entre 1943 et 1944.<\/p>\n<p>Samedi 15 novembre \u00e0 10h30.<br \/>\n\u00c9v\u00e9nement gratuit, uniquement sur r\u00e9servation.<\/p>\n<p>Les r\u00e9servations peuvent \u00eatre effectu\u00e9es\u00a0:<br \/>\n\u2022 par t\u00e9l\u00e9phone au 04 78 53 60 41<br \/>\n\u2022 par mail \u00e0 l&rsquo;adresse <a href=\"mailto:reservation.memorial-montluc@onacvg.fr\">reservation.memorial-montluc@onacvg.fr<\/a><\/p>\n<\/div>\n<div class=\"clearfix\"><\/div>\n<div class=\"bg-light renseignements mt-5 full-width-sm py-4 px-2rem\">\n<h2 class=\"mt-0\">Renseignements<\/h2>\n<div class=\"programmation\">\n<p><strong class=\"font-size-18\">O\u00f9\u00a0:<\/strong><br \/>\n<a class=\"mt-1 d-block \" href=\"https:\/\/www.jds.fr\/lyon\/patrimoine-historique\/memorial-national-de-la-prison-de-montluc-18308_L\"><i class=\"me-1 bi bi-geo-alt text-primary\"><\/i> M\u00e9morial National de la prison de Montluc &#8211; Lyon<\/a><a class=\"mt-1 d-block ps-4\" href=\"https:\/\/www.jds.fr\/lyon\/\"> 69003 Lyon<\/a><\/p>\n<div class=\"renseignements\">\n<p class=\"mt-3 mb-n3 fw-bold font-size-18\">Contacts\u00a0:<\/p>\n<p>&lt;span\u00a0class=\u00a0\u00bbtel\u00a0\u00bb&gt;+33\u00a04\u00a078\u00a053\u00a060\u00a041<br \/>\n<a href=\"mailto:reservation.memorial-montluc@onacvg.fr\">reser<wbr \/>vatio<wbr \/>n.mem<wbr \/>orial<wbr \/>-mont<wbr \/>luc@o<wbr \/>nacvg<wbr \/>.fr<\/a><br \/>\n<a href=\"https:\/\/www.memorial-montluc.fr\" target=\"_blank\" rel=\"nofollow noopener\">www.m<wbr \/>emori<wbr \/>al-mo<wbr \/>ntluc<wbr \/>.fr<\/a><br \/>\n<a href=\"https:\/\/www.facebook.com\/MemorialNationalPrisonMontluc\" target=\"_blank\" rel=\"nofollow noopener\">Facebook<\/a><br \/>\n<a href=\"https:\/\/www.instagram.com\/memorialnationalprisonmontluc\" target=\"_blank\" rel=\"nofollow noopener\">Instagram<\/a><br \/>\nSur r\u00e9servation&lt;\/span\u00a0class=\u00a0\u00bbtel\u00a0\u00bb&gt;<\/p>\n<\/div>\n<h3 class=\"mb-n3 font-size-18 mt-4\">Dates et horaires\u00a0:<\/h3>\n<div class=\"mt-3\">\n<ul id=\"liste-dates-6907e4ccb03a1\" class=\"liste-dates list-unstyled\">\n<li>Samedi 15 Novembre 2025 de 10h30 \u00e0 12h<\/li>\n<\/ul>\n<\/div>\n<h3 id=\"tarifs\" class=\"mb-0 font-size-18 mt-4\">Tarifs\u00a0:<\/h3>\n<div class=\"tarifs\">\n<p>Gratuit<\/p>\n<\/div>\n<\/div>\n<\/div>\n","protected":false},"excerpt":{"rendered":"<p>Le 15\/11\/2025 M\u00e9morial National de la prison de Montluc | Lyon Gratuit Il y a 85 ans, le 16 novembre 1940, le G\u00e9n\u00e9ral de Gaulle cr\u00e9ait l\u2019Ordre de la Lib\u00e9ration. \u00a9 M\u00e9morial National de la prison de Montluc \/ ShD de Caen Visite th\u00e9matique\u00a0\u00ab Compagnons de la Lib\u00e9ration et m\u00e9daill\u00e9es de la R\u00e9sistance\u00a0\u00bb Le temps &hellip; <\/p>\n<p class=\"read-more\"><a class=\"btn btn-default\" href=\"http:\/\/jnr-cpl.com\/?p=7749\"> Read More<span class=\"screen-reader-text\">  Read More<\/span><\/a><\/p>\n","protected":false},"author":1,"featured_media":0,"comment_status":"closed","ping_status":"open","sticky":false,"template":"","format":"standard","meta":{"footnotes":""},"categories":[18],"tags":[],"class_list":["post-7749","post","type-post","status-publish","format-standard","hentry","category-actualite-de-la-resistance"],"_links":{"self":[{"href":"http:\/\/jnr-cpl.com\/index.php?rest_route=\/wp\/v2\/posts\/7749","targetHints":{"allow":["GET"]}}],"collection":[{"href":"http:\/\/jnr-cpl.com\/index.php?rest_route=\/wp\/v2\/posts"}],"about":[{"href":"http:\/\/jnr-cpl.com\/index.php?rest_route=\/wp\/v2\/types\/post"}],"author":[{"embeddable":true,"href":"http:\/\/jnr-cpl.com\/index.php?rest_route=\/wp\/v2\/users\/1"}],"replies":[{"embeddable":true,"href":"http:\/\/jnr-cpl.com\/index.php?rest_route=%2Fwp%2Fv2%2Fcomments&post=7749"}],"version-history":[{"count":1,"href":"http:\/\/jnr-cpl.com\/index.php?rest_route=\/wp\/v2\/posts\/7749\/revisions"}],"predecessor-version":[{"id":7763,"href":"http:\/\/jnr-cpl.com\/index.php?rest_route=\/wp\/v2\/posts\/7749\/revisions\/7763"}],"wp:attachment":[{"href":"http:\/\/jnr-cpl.com\/index.php?rest_route=%2Fwp%2Fv2%2Fmedia&parent=7749"}],"wp:term":[{"taxonomy":"category","embeddable":true,"href":"http:\/\/jnr-cpl.com\/index.php?rest_route=%2Fwp%2Fv2%2Fcategories&post=7749"},{"taxonomy":"post_tag","embeddable":true,"href":"http:\/\/jnr-cpl.com\/index.php?rest_route=%2Fwp%2Fv2%2Ftags&post=7749"}],"curies":[{"name":"wp","href":"https:\/\/api.w.org\/{rel}","templated":true}]}}