{"id":7691,"date":"2025-10-01T10:02:14","date_gmt":"2025-10-01T08:02:14","guid":{"rendered":"http:\/\/jnr-cpl.com\/?p=7691"},"modified":"2025-10-01T10:02:14","modified_gmt":"2025-10-01T08:02:14","slug":"une-place-inauguree-en-lhonneur-du-resistant-daniel-cordier","status":"publish","type":"post","link":"http:\/\/jnr-cpl.com\/?p=7691","title":{"rendered":"Une place inaugur\u00e9e en l\u2019honneur du r\u00e9sistant Daniel Cordier"},"content":{"rendered":"<div class=\"node node-editorial-content node--type-editorial-content node--promoted node--view-mode-article-standard node-editorial-content--media\">\n<div class=\"component\">\n<div class=\"rich-text node-editorial-content__chapo\">\n<p><img loading=\"lazy\" decoding=\"async\" class=\"alignnone  wp-image-7685\" src=\"http:\/\/jnr-cpl.com\/wp-content\/uploads\/2025\/10\/Capture-decran-2025-10-01-a-09.54.04.png\" alt=\"\" width=\"205\" height=\"71\" srcset=\"http:\/\/jnr-cpl.com\/wp-content\/uploads\/2025\/10\/Capture-decran-2025-10-01-a-09.54.04.png 364w, http:\/\/jnr-cpl.com\/wp-content\/uploads\/2025\/10\/Capture-decran-2025-10-01-a-09.54.04-300x104.png 300w\" sizes=\"auto, (max-width: 205px) 100vw, 205px\" \/><\/p>\n<p>La Ville a rendu hommage au Compagnon de la Lib\u00e9ration en baptisant la place Daniel Cordier (quartier Saint-Seurin) ce mardi 23 septembre 2025. Un geste pour saluer la m\u00e9moire de cette figure de la R\u00e9sistance, disparu en 2020.<\/p>\n<\/div>\n<\/div>\n<\/div>\n<div class=\"content-container__paragraphs\">\n<div class=\"toc-js__container\">\n<div class=\"toc-js__content component--no-padding\">\n<div class=\"rich-text component paragraph--type--rich-text paragraph--view-mode--default\">\n<p>Parti rejoindre les Forces Fran\u00e7aises Libres en Angleterre d\u00e8s juin 1940, puis devenu secr\u00e9taire de Jean Moulin, Daniel Cordier \u00e9tait une figure majeure de la R\u00e9sistance fran\u00e7aise \u00e0 l\u2019occupant allemand durant la Seconde Guerre mondiale.<\/p>\n<p>Ce Bordelais d\u2019origine, d\u00e9c\u00e9d\u00e9 en 2020 \u00e0 l\u2019\u00e2ge de 100 ans \u00e9tait l\u2019un des derniers Compagnons de la Lib\u00e9ration encore en vie. En mai 2024, le Conseil municipal a souhait\u00e9 prolonger son h\u00e9ritage et vivifier sa m\u00e9moire en donnant son nom \u00e0 la place toute proche de sa maison natale (17 rue Ernest Renan), quartier Saint-Seurin, \u00e0 l&rsquo;intersection de la rue de Turenne et de la rue Ernest-Renan.<\/p>\n<p>Une c\u00e9r\u00e9monie d\u2019inauguration a eu lieu ce 23 septembre 2025. Une plaque biographique explicative a \u00e9galement \u00e9t\u00e9 appos\u00e9e sur sa maison \u00e0 cette occasion.<\/p>\n<p><a href=\"https:\/\/www.bordeaux.fr\/le-mag\/une-place-inauguree-en-lhonneur-du-resistant-daniel-cordier\" target=\"_blank\" rel=\"noopener\"><strong>LIRE LA SUITE<\/strong><\/a><\/p>\n<\/div>\n<\/div>\n<\/div>\n<\/div>\n<p>&nbsp;<\/p>\n<p>&nbsp;<\/p>\n<p>&nbsp;<\/p>\n","protected":false},"excerpt":{"rendered":"<p>La Ville a rendu hommage au Compagnon de la Lib\u00e9ration en baptisant la place Daniel Cordier (quartier Saint-Seurin) ce mardi 23 septembre 2025. Un geste pour saluer la m\u00e9moire de cette figure de la R\u00e9sistance, disparu en 2020. Parti rejoindre les Forces Fran\u00e7aises Libres en Angleterre d\u00e8s juin 1940, puis devenu secr\u00e9taire de Jean Moulin, &hellip; <\/p>\n<p class=\"read-more\"><a class=\"btn btn-default\" href=\"http:\/\/jnr-cpl.com\/?p=7691\"> Read More<span class=\"screen-reader-text\">  Read More<\/span><\/a><\/p>\n","protected":false},"author":1,"featured_media":0,"comment_status":"closed","ping_status":"open","sticky":false,"template":"","format":"standard","meta":{"footnotes":""},"categories":[18],"tags":[],"class_list":["post-7691","post","type-post","status-publish","format-standard","hentry","category-actualite-de-la-resistance"],"_links":{"self":[{"href":"http:\/\/jnr-cpl.com\/index.php?rest_route=\/wp\/v2\/posts\/7691","targetHints":{"allow":["GET"]}}],"collection":[{"href":"http:\/\/jnr-cpl.com\/index.php?rest_route=\/wp\/v2\/posts"}],"about":[{"href":"http:\/\/jnr-cpl.com\/index.php?rest_route=\/wp\/v2\/types\/post"}],"author":[{"embeddable":true,"href":"http:\/\/jnr-cpl.com\/index.php?rest_route=\/wp\/v2\/users\/1"}],"replies":[{"embeddable":true,"href":"http:\/\/jnr-cpl.com\/index.php?rest_route=%2Fwp%2Fv2%2Fcomments&post=7691"}],"version-history":[{"count":1,"href":"http:\/\/jnr-cpl.com\/index.php?rest_route=\/wp\/v2\/posts\/7691\/revisions"}],"predecessor-version":[{"id":7692,"href":"http:\/\/jnr-cpl.com\/index.php?rest_route=\/wp\/v2\/posts\/7691\/revisions\/7692"}],"wp:attachment":[{"href":"http:\/\/jnr-cpl.com\/index.php?rest_route=%2Fwp%2Fv2%2Fmedia&parent=7691"}],"wp:term":[{"taxonomy":"category","embeddable":true,"href":"http:\/\/jnr-cpl.com\/index.php?rest_route=%2Fwp%2Fv2%2Fcategories&post=7691"},{"taxonomy":"post_tag","embeddable":true,"href":"http:\/\/jnr-cpl.com\/index.php?rest_route=%2Fwp%2Fv2%2Ftags&post=7691"}],"curies":[{"name":"wp","href":"https:\/\/api.w.org\/{rel}","templated":true}]}}