{"id":7345,"date":"2025-05-05T09:40:56","date_gmt":"2025-05-05T07:40:56","guid":{"rendered":"http:\/\/jnr-cpl.com\/?p=7345"},"modified":"2025-05-05T09:40:56","modified_gmt":"2025-05-05T07:40:56","slug":"nous-sommes-la-pour-dire-noubliez-pas-a-buchenwald-avec-les-mots-de-jorge-semprun-la-jeunesse-franco-allemande-devient-passeuse-de-memoire","status":"publish","type":"post","link":"http:\/\/jnr-cpl.com\/?p=7345","title":{"rendered":"\u00ab Nous sommes l\u00e0 pour dire : N\u2019oubliez pas \u00bb : \u00e0 Buchenwald, avec les mots de Jorge Semprun, la jeunesse franco-allemande devient passeuse de m\u00e9moire"},"content":{"rendered":"<p><img loading=\"lazy\" decoding=\"async\" class=\"alignnone  wp-image-7347\" src=\"http:\/\/jnr-cpl.com\/wp-content\/uploads\/2025\/05\/Capture-decran-2025-05-05-a-09.11.46.png\" alt=\"\" width=\"200\" height=\"46\" srcset=\"http:\/\/jnr-cpl.com\/wp-content\/uploads\/2025\/05\/Capture-decran-2025-05-05-a-09.11.46.png 622w, http:\/\/jnr-cpl.com\/wp-content\/uploads\/2025\/05\/Capture-decran-2025-05-05-a-09.11.46-300x69.png 300w, http:\/\/jnr-cpl.com\/wp-content\/uploads\/2025\/05\/Capture-decran-2025-05-05-a-09.11.46-604x140.png 604w\" sizes=\"auto, (max-width: 200px) 100vw, 200px\" \/><\/p>\n<p>Dans l\u2019indicible du camp de Buchenwald, les artistes Hiam Abbass et Jean-Baptiste Sastre ont r\u00e9uni 30\u00a0jeunes de Berlin, Clichy et Bourges pour dire \u00ab\u00a0l\u2019\u00c9criture ou la vie\u00a0\u00bb, de l\u2019auteur r\u00e9sistant espagnol, Jorge Semprun, d\u00e9port\u00e9 en 1944. En devenant garante de cette m\u00e9moire, la jeunesse raconte quelque chose d\u2019elle-m\u00eame.<\/p>\n<p>Il y a le silence. Celui, tout particulier, d\u2019un camp de concentration vide, un silence lourd de tous les morts, ces 56\u00a0000\u00a0hommes, femmes et enfants tomb\u00e9s de froid, de faim, d\u2019\u00e9puisement ou de maladies, pendus ou fusill\u00e9s, entre 1937 et 1945. Puis il y a un autre silence, actif, tendu celui-l\u00e0, celui gard\u00e9 par une petite foule de jeunes gens debout dans le vent et le noir de la nuit thuringienne. Il est bris\u00e9 par une voix\u00a0: \u00ab\u00a0Nous partagions cette mort qui s\u2019avan\u00e7ait, obscurcissant leurs yeux, comme un morceau de pain.\u00a0\u00bb<\/p>\n<p><a href=\"https:\/\/www.humanite.fr\/culture-et-savoir\/80e-anniversaire-de-la-liberation-des-camps-nazis\/nous-sommes-la-pour-dire-noubliez-pas-a-buchenwald-avec-les-mots-de-jorge-semprun-la-jeunesse-franco-allemande-devient-passeuse-de-memoire?fbclid=IwY2xjawKFQ7pleHRuA2FlbQIxMQABHja8G5M1wto-Agrz0JnCSSosYpuFP-FhyKbXRm8qyMw-UJFaYtJ_07t1OY2Z_aem_CKCrOhljJPQ67UVVucW_6A\" target=\"_blank\" rel=\"noopener\"><strong>LIRE LA SUITE<\/strong><\/a><\/p>\n","protected":false},"excerpt":{"rendered":"<p>Dans l\u2019indicible du camp de Buchenwald, les artistes Hiam Abbass et Jean-Baptiste Sastre ont r\u00e9uni 30\u00a0jeunes de Berlin, Clichy et Bourges pour dire \u00ab\u00a0l\u2019\u00c9criture ou la vie\u00a0\u00bb, de l\u2019auteur r\u00e9sistant espagnol, Jorge Semprun, d\u00e9port\u00e9 en 1944. En devenant garante de cette m\u00e9moire, la jeunesse raconte quelque chose d\u2019elle-m\u00eame. Il y a le silence. Celui, tout &hellip; <\/p>\n<p class=\"read-more\"><a class=\"btn btn-default\" href=\"http:\/\/jnr-cpl.com\/?p=7345\"> Read More<span class=\"screen-reader-text\">  Read More<\/span><\/a><\/p>\n","protected":false},"author":1,"featured_media":0,"comment_status":"closed","ping_status":"open","sticky":false,"template":"","format":"standard","meta":{"footnotes":""},"categories":[19],"tags":[],"class_list":["post-7345","post","type-post","status-publish","format-standard","hentry","category-actualite-de-la-deportation"],"_links":{"self":[{"href":"http:\/\/jnr-cpl.com\/index.php?rest_route=\/wp\/v2\/posts\/7345","targetHints":{"allow":["GET"]}}],"collection":[{"href":"http:\/\/jnr-cpl.com\/index.php?rest_route=\/wp\/v2\/posts"}],"about":[{"href":"http:\/\/jnr-cpl.com\/index.php?rest_route=\/wp\/v2\/types\/post"}],"author":[{"embeddable":true,"href":"http:\/\/jnr-cpl.com\/index.php?rest_route=\/wp\/v2\/users\/1"}],"replies":[{"embeddable":true,"href":"http:\/\/jnr-cpl.com\/index.php?rest_route=%2Fwp%2Fv2%2Fcomments&post=7345"}],"version-history":[{"count":1,"href":"http:\/\/jnr-cpl.com\/index.php?rest_route=\/wp\/v2\/posts\/7345\/revisions"}],"predecessor-version":[{"id":7358,"href":"http:\/\/jnr-cpl.com\/index.php?rest_route=\/wp\/v2\/posts\/7345\/revisions\/7358"}],"wp:attachment":[{"href":"http:\/\/jnr-cpl.com\/index.php?rest_route=%2Fwp%2Fv2%2Fmedia&parent=7345"}],"wp:term":[{"taxonomy":"category","embeddable":true,"href":"http:\/\/jnr-cpl.com\/index.php?rest_route=%2Fwp%2Fv2%2Fcategories&post=7345"},{"taxonomy":"post_tag","embeddable":true,"href":"http:\/\/jnr-cpl.com\/index.php?rest_route=%2Fwp%2Fv2%2Ftags&post=7345"}],"curies":[{"name":"wp","href":"https:\/\/api.w.org\/{rel}","templated":true}]}}