{"id":7177,"date":"2025-02-17T09:15:21","date_gmt":"2025-02-17T08:15:21","guid":{"rendered":"http:\/\/jnr-cpl.com\/?p=7177"},"modified":"2025-02-17T09:15:21","modified_gmt":"2025-02-17T08:15:21","slug":"episode-18-27-la-resistance-medicale","status":"publish","type":"post","link":"http:\/\/jnr-cpl.com\/?p=7177","title":{"rendered":"\u00c9pisode 18\/27 : La r\u00e9sistance m\u00e9dicale"},"content":{"rendered":"<p><img loading=\"lazy\" decoding=\"async\" class=\"alignnone size-full wp-image-7182\" src=\"http:\/\/jnr-cpl.com\/wp-content\/uploads\/2025\/02\/Capture-de\u0301cran-2025-02-17-a\u0300-08.55.58.png\" alt=\"\" width=\"216\" height=\"102\" \/><\/p>\n<div class=\"ExpressionSummary svelte-w3dfw8 \">\n<p class=\"ExpressionSummary-standFirst qg-tt4 qg-xtra-lh svelte-w3dfw8\" data-testid=\"ExpressionSummary-standFirst\"><strong>\u00catre m\u00e9decin dans un camp de concentration, voil\u00e0 une position qui interroge. Cet \u00e9pisode de la s\u00e9rie \u00ab\u00a0Le monde concentrationnaire\u00a0\u00bb, diffus\u00e9e en 1965, raconte le r\u00f4le des m\u00e9decins dans la r\u00e9sistance interne et les pratiques m\u00e9dicales et exp\u00e9rimentales des nazis sur des \u00eatres humains.<\/strong><\/p>\n<\/div>\n<div class=\"ExpressionBodyJson ExpressionBodyJson-franceculture g-block-margin svelte-w3dfw8\">\n<div class=\"HtmlBodyWrapper station-franceculture \" data-brand=\"franceculture\">\n<div>\n<p class=\"PopSlotParagraph qg-tx2 qg-xtra-lh svelte-1r0pyek\">Soigner et exterminer&#8230;. Voici le paradoxe d&rsquo;un m\u00e9decin dans un camp de concentration. Pourquoi les nazis voudraient-ils soigner ces m\u00eames d\u00e9port\u00e9s qu\u2019ils exterminent \u00e0 tour de bras\u00a0? Dans cette \u00e9mission du \u00ab\u00a0Monde concentrationnaire\u00a0\u00bb diffus\u00e9e le 19 mai 1965, le professeur Jean Gilbert-Dreyfus et Jean-Aim\u00e9 Dolidier expliquent le r\u00f4le des m\u00e9decins d\u00e9port\u00e9s, confront\u00e9s aux\u00a0<a class=\"svelte-zw08ld\" href=\"https:\/\/www.radiofrance.fr\/franceculture\/medecine-comment-l-horreur-nazie-faconne-la-notion-de-cobaye-7313576\" data-testid=\"link\">exp\u00e9rimentations des nazis sur les prisonniers utilis\u00e9s comme des rats de laboratoire.<\/a><\/p>\n<h2 class=\"qg-st2 \">Soigner pour l&rsquo;effort de guerre nazi<\/h2>\n<p class=\"PopSlotParagraph qg-tx2 qg-xtra-lh svelte-1r0pyek\">C\u2019est en r\u00e9alit\u00e9 surtout dans les derni\u00e8res ann\u00e9es de la guerre que les nazis introduisent des m\u00e9decins \u00e9trangers dans les camps de concentration afin de garder en vie celles et ceux qu\u2019ils voient comme une force productrice pour leurs efforts de guerre. Leur r\u00f4le n\u2019est pas \u00e0 proprement parler, ou du moins pas seulement de gu\u00e9rir. Il s&rsquo;agit de trier les prisonniers, de d\u00e9cider lesquels on laisse mourir et lesquels on soigne.<\/p>\n<p><a href=\"https:\/\/www.radiofrance.fr\/franceculture\/podcasts\/les-nuits-de-france-culture\/la-resistance-medicale-8074302\" target=\"_blank\" rel=\"noopener\"><strong>LIRE LA SUITE<\/strong><\/a><\/p>\n<\/div>\n<\/div>\n<\/div>\n","protected":false},"excerpt":{"rendered":"<p>\u00catre m\u00e9decin dans un camp de concentration, voil\u00e0 une position qui interroge. Cet \u00e9pisode de la s\u00e9rie \u00ab\u00a0Le monde concentrationnaire\u00a0\u00bb, diffus\u00e9e en 1965, raconte le r\u00f4le des m\u00e9decins dans la r\u00e9sistance interne et les pratiques m\u00e9dicales et exp\u00e9rimentales des nazis sur des \u00eatres humains. Soigner et exterminer&#8230;. Voici le paradoxe d&rsquo;un m\u00e9decin dans un camp &hellip; <\/p>\n<p class=\"read-more\"><a class=\"btn btn-default\" href=\"http:\/\/jnr-cpl.com\/?p=7177\"> Read More<span class=\"screen-reader-text\">  Read More<\/span><\/a><\/p>\n","protected":false},"author":1,"featured_media":0,"comment_status":"closed","ping_status":"open","sticky":false,"template":"","format":"standard","meta":{"footnotes":""},"categories":[19,18],"tags":[],"class_list":["post-7177","post","type-post","status-publish","format-standard","hentry","category-actualite-de-la-deportation","category-actualite-de-la-resistance"],"_links":{"self":[{"href":"http:\/\/jnr-cpl.com\/index.php?rest_route=\/wp\/v2\/posts\/7177","targetHints":{"allow":["GET"]}}],"collection":[{"href":"http:\/\/jnr-cpl.com\/index.php?rest_route=\/wp\/v2\/posts"}],"about":[{"href":"http:\/\/jnr-cpl.com\/index.php?rest_route=\/wp\/v2\/types\/post"}],"author":[{"embeddable":true,"href":"http:\/\/jnr-cpl.com\/index.php?rest_route=\/wp\/v2\/users\/1"}],"replies":[{"embeddable":true,"href":"http:\/\/jnr-cpl.com\/index.php?rest_route=%2Fwp%2Fv2%2Fcomments&post=7177"}],"version-history":[{"count":1,"href":"http:\/\/jnr-cpl.com\/index.php?rest_route=\/wp\/v2\/posts\/7177\/revisions"}],"predecessor-version":[{"id":7188,"href":"http:\/\/jnr-cpl.com\/index.php?rest_route=\/wp\/v2\/posts\/7177\/revisions\/7188"}],"wp:attachment":[{"href":"http:\/\/jnr-cpl.com\/index.php?rest_route=%2Fwp%2Fv2%2Fmedia&parent=7177"}],"wp:term":[{"taxonomy":"category","embeddable":true,"href":"http:\/\/jnr-cpl.com\/index.php?rest_route=%2Fwp%2Fv2%2Fcategories&post=7177"},{"taxonomy":"post_tag","embeddable":true,"href":"http:\/\/jnr-cpl.com\/index.php?rest_route=%2Fwp%2Fv2%2Ftags&post=7177"}],"curies":[{"name":"wp","href":"https:\/\/api.w.org\/{rel}","templated":true}]}}