{"id":7167,"date":"2025-02-10T14:24:24","date_gmt":"2025-02-10T13:24:24","guid":{"rendered":"http:\/\/jnr-cpl.com\/?p=7167"},"modified":"2025-02-10T14:24:24","modified_gmt":"2025-02-10T13:24:24","slug":"la-libre-pensee-dans-la-resistance-avec-christian-eyschen-secretaire-general-de-la-libre-pensee","status":"publish","type":"post","link":"http:\/\/jnr-cpl.com\/?p=7167","title":{"rendered":"La Libre Pens\u00e9e dans la R\u00e9sistance, avec Christian Eyschen, secr\u00e9taire g\u00e9n\u00e9ral de la Libre Pens\u00e9e"},"content":{"rendered":"<p><img loading=\"lazy\" decoding=\"async\" class=\"alignnone  wp-image-7168\" src=\"http:\/\/jnr-cpl.com\/wp-content\/uploads\/2025\/02\/Capture-de\u0301cran-2025-02-10-a\u0300-14.22.33.png\" alt=\"\" width=\"141\" height=\"118\" \/><\/p>\n<div class=\"ExpressionSummary svelte-w3dfw8 \">\n<p class=\"ExpressionSummary-standFirst qg-tt4 qg-xtra-lh svelte-w3dfw8\" data-testid=\"ExpressionSummary-standFirst\"><strong>Pour beaucoup, la R\u00e9sistance, c\u2019\u00e9tait les Gaullistes, les Communistes et les Catholiques. Depuis, le temps a fait son \u0153uvre et la pr\u00e9sence, d\u00e8s le d\u00e9but, de gens d\u2019extr\u00eame-droite et des Royalistes a \u00e9t\u00e9 \u00e9tablie, mais jamais des Libres Penseurs.<\/strong><\/p>\n<div class=\"Expression-guests svelte-w3dfw8\" data-testid=\"Expression-guests\">\n<div class=\"Expression-guestsTitle qg-tt5 svelte-w3dfw8\">Avec<\/div>\n<ul class=\"svelte-w3dfw8\">\n<li class=\"qg-tx2 qg-xtra-lh svelte-w3dfw8\"><span class=\"qg-st4\">Christian Eyschen<\/span> Secr\u00e9taire g\u00e9n\u00e9ral de la Libre Pens\u00e9e<\/li>\n<\/ul>\n<\/div>\n<\/div>\n<div class=\"ExpressionBodyJson ExpressionBodyJson-franceculture g-block-margin svelte-w3dfw8\">\n<div class=\"HtmlBodyWrapper station-franceculture \" data-brand=\"franceculture\">\n<div>\n<p class=\"PopSlotParagraph qg-tx2 qg-xtra-lh svelte-1yf0pls\">Nous avons \u00e9tabli qu\u2019ils \u00e9taient tr\u00e8s certainement pr\u00e9sents dans au moins sept Mouvements et R\u00e9seaux de R\u00e9sistance\u00a0: Lib\u00e9ration-Nord, Lib\u00e9ration-Sud, Combat, Lib\u00e9rer et F\u00e9d\u00e9rer, le Coq Encha\u00een\u00e9, l\u2019Insurg\u00e9, R\u00e9seau Ponzan. La tonalit\u00e9 et les propos tenus et imprim\u00e9s le montrent indubitablement. Mais les Libres Penseurs \u00e9taient aussi pr\u00e9sents dans les FTP et FFI, et m\u00eame au CNR et \u00e0 l\u2019Assembl\u00e9e consultative \u00e0 Alger, puis \u00e0 Paris.<\/p>\n<p><a href=\"https:\/\/www.radiofrance.fr\/franceculture\/podcasts\/divers-aspects-de-la-pensee-contemporaine\/la-libre-pensee-dans-la-resistance-christian-eyschen-secretaire-general-de-la-libre-pensee-6342242\" target=\"_blank\" rel=\"noopener\"><strong>LIRE LA SUITE<\/strong><\/a><\/p>\n<\/div>\n<\/div>\n<\/div>\n","protected":false},"excerpt":{"rendered":"<p>Pour beaucoup, la R\u00e9sistance, c\u2019\u00e9tait les Gaullistes, les Communistes et les Catholiques. Depuis, le temps a fait son \u0153uvre et la pr\u00e9sence, d\u00e8s le d\u00e9but, de gens d\u2019extr\u00eame-droite et des Royalistes a \u00e9t\u00e9 \u00e9tablie, mais jamais des Libres Penseurs. Avec Christian Eyschen Secr\u00e9taire g\u00e9n\u00e9ral de la Libre Pens\u00e9e Nous avons \u00e9tabli qu\u2019ils \u00e9taient tr\u00e8s certainement &hellip; <\/p>\n<p class=\"read-more\"><a class=\"btn btn-default\" href=\"http:\/\/jnr-cpl.com\/?p=7167\"> Read More<span class=\"screen-reader-text\">  Read More<\/span><\/a><\/p>\n","protected":false},"author":1,"featured_media":0,"comment_status":"closed","ping_status":"open","sticky":false,"template":"","format":"standard","meta":{"footnotes":""},"categories":[18],"tags":[],"class_list":["post-7167","post","type-post","status-publish","format-standard","hentry","category-actualite-de-la-resistance"],"_links":{"self":[{"href":"http:\/\/jnr-cpl.com\/index.php?rest_route=\/wp\/v2\/posts\/7167","targetHints":{"allow":["GET"]}}],"collection":[{"href":"http:\/\/jnr-cpl.com\/index.php?rest_route=\/wp\/v2\/posts"}],"about":[{"href":"http:\/\/jnr-cpl.com\/index.php?rest_route=\/wp\/v2\/types\/post"}],"author":[{"embeddable":true,"href":"http:\/\/jnr-cpl.com\/index.php?rest_route=\/wp\/v2\/users\/1"}],"replies":[{"embeddable":true,"href":"http:\/\/jnr-cpl.com\/index.php?rest_route=%2Fwp%2Fv2%2Fcomments&post=7167"}],"version-history":[{"count":1,"href":"http:\/\/jnr-cpl.com\/index.php?rest_route=\/wp\/v2\/posts\/7167\/revisions"}],"predecessor-version":[{"id":7171,"href":"http:\/\/jnr-cpl.com\/index.php?rest_route=\/wp\/v2\/posts\/7167\/revisions\/7171"}],"wp:attachment":[{"href":"http:\/\/jnr-cpl.com\/index.php?rest_route=%2Fwp%2Fv2%2Fmedia&parent=7167"}],"wp:term":[{"taxonomy":"category","embeddable":true,"href":"http:\/\/jnr-cpl.com\/index.php?rest_route=%2Fwp%2Fv2%2Fcategories&post=7167"},{"taxonomy":"post_tag","embeddable":true,"href":"http:\/\/jnr-cpl.com\/index.php?rest_route=%2Fwp%2Fv2%2Ftags&post=7167"}],"curies":[{"name":"wp","href":"https:\/\/api.w.org\/{rel}","templated":true}]}}