{"id":7165,"date":"2025-02-10T14:26:02","date_gmt":"2025-02-10T13:26:02","guid":{"rendered":"http:\/\/jnr-cpl.com\/?p=7165"},"modified":"2025-02-10T14:26:02","modified_gmt":"2025-02-10T13:26:02","slug":"cnrd-2025-liberer-et-refonder-la-france-1943-1945","status":"publish","type":"post","link":"http:\/\/jnr-cpl.com\/?p=7165","title":{"rendered":"[CNRD 2025] Lib\u00e9rer et refonder la France (1943-1945)"},"content":{"rendered":"<div class=\"article container-auteurs ng-star-inserted\">\n<div class=\"dispalay-auteurs\">\n<div class=\"content\">\n<div><img loading=\"lazy\" decoding=\"async\" class=\"alignnone size-full wp-image-7170\" src=\"http:\/\/jnr-cpl.com\/wp-content\/uploads\/2025\/02\/Capture-de\u0301cran-2025-02-10-a\u0300-14.22.19.png\" alt=\"\" width=\"240\" height=\"112\" \/><\/div>\n<div class=\"authors-infos ng-star-inserted\">Par <span class=\"ng-star-inserted\"><span class=\"author-name text-bold\">Emeline Vanthuyne<\/span><span class=\"author-function ng-star-inserted\">,\u00a0Professeure agr\u00e9g\u00e9e d&rsquo;histoire<\/span><\/span><span class=\"ng-star-inserted\">\u00a0; <span class=\"author-name text-bold\">Fabrice Grenard<\/span><span class=\"author-function ng-star-inserted\">,\u00a0Agr\u00e9g\u00e9 et docteur en histoire, chef du d\u00e9partement Recherche et p\u00e9dagogie de la Fondation de la R\u00e9sistance<\/span><\/span><span class=\"ng-star-inserted\">\u00a0; <span class=\"author-name text-bold\">Rapha\u00eblle Bellon<\/span><span class=\"author-function ng-star-inserted\">,\u00a0Responsable des activit\u00e9s p\u00e9dagogiques de la Fondation de la R\u00e9sistance<\/span><\/span><span class=\"ng-star-inserted\"> et <span class=\"author-name text-bold\">Sophie Bachmann<\/span><span class=\"author-function ng-star-inserted\">,\u00a0Responsable de projet au Service actions et partenariats culturels et \u00e9ducatifs de l&rsquo;INA<\/span><\/span><\/div>\n<div class=\"dates publicationDate\"><span class=\"ng-star-inserted\">Publication :\u00a0<\/span><span class=\"ng-star-inserted\">09 oct. 2024<\/span><span class=\"ng-star-inserted\"> | Mis \u00e0 jour :\u00a0<\/span><span class=\"ng-star-inserted\">06 f\u00e9vr. 2025<\/span><\/div>\n<div class=\"readingTime ng-star-inserted\">Temps de lecture : 6 min<\/div>\n<\/div>\n<\/div>\n<\/div>\n<div class=\"content-blocPage niveaux ng-star-inserted\">\n<h2 id=\"title-0\" class=\"firstH2 ng-star-inserted\" tabindex=\"-1\">Niveaux et disciplines<\/h2>\n<ul class=\"main-ul ng-star-inserted\">\n<li class=\"main-li ng-star-inserted\"><a class=\"ng-star-inserted\" title=\"Cycle 4 : Voir les ressources\" href=\"https:\/\/enseignants.lumni.fr\/mediatheque\/liste?niveauDisciplineSpecialite=655---Cycle%204\"><span class=\"main-label\">Cycle 4<\/span><\/a>\n<ul class=\"sub-ul ng-star-inserted\">\n<li class=\"sub-li ng-star-inserted\"><a class=\"ng-star-inserted\" title=\"Histoire : Voir les ressources\" href=\"https:\/\/enseignants.lumni.fr\/mediatheque\/liste?niveauDisciplineSpecialite=681---Histoire\">Histoire<\/a>\n<ul class=\"sub-ul ng-star-inserted\">\n<li class=\"sub-li ng-star-inserted\"><a class=\"ng-star-inserted\" title=\"3e : Voir les ressources\" href=\"https:\/\/enseignants.lumni.fr\/mediatheque\/liste?niveauDisciplineSpecialite=684---3e\">3e<\/a><\/li>\n<\/ul>\n<\/li>\n<\/ul>\n<\/li>\n<li class=\"main-li ng-star-inserted\"><a class=\"ng-star-inserted\" title=\"Lyc\u00e9e g\u00e9n\u00e9ral et technologique : Voir les ressources\" href=\"https:\/\/enseignants.lumni.fr\/mediatheque\/liste?niveauDisciplineSpecialite=658---Lyc%C3%A9e%20g%C3%A9n%C3%A9ral%20et%20technologique\"><span class=\"main-label\">Lyc\u00e9e g\u00e9n\u00e9ral et technologique<\/span><\/a>\n<ul class=\"sub-ul ng-star-inserted\">\n<li class=\"sub-li ng-star-inserted\"><a class=\"ng-star-inserted\" title=\"Histoire : Voir les ressources\" href=\"https:\/\/enseignants.lumni.fr\/mediatheque\/liste?niveauDisciplineSpecialite=699---Histoire\">Histoire<\/a><span class=\"ng-star-inserted\" aria-hidden=\"true\"> | <\/span><\/li>\n<li class=\"sub-li ng-star-inserted\"><a class=\"ng-star-inserted\" title=\"Histoire g\u00e9ographie, g\u00e9opolitique et sciences politiques : Voir les ressources\" href=\"https:\/\/enseignants.lumni.fr\/mediatheque\/liste?niveauDisciplineSpecialite=701---Histoire%20g%C3%A9ographie,%20g%C3%A9opolitique%20et%20sciences%20politiques\">Histoire g\u00e9ographie, g\u00e9opolitique et sciences politiques<\/a><\/li>\n<\/ul>\n<\/li>\n<li class=\"main-li ng-star-inserted\"><a class=\"ng-star-inserted\" title=\"Lyc\u00e9e professionnel : Voir les ressources\" href=\"https:\/\/enseignants.lumni.fr\/mediatheque\/liste?niveauDisciplineSpecialite=674---Lyc%C3%A9e%20professionnel\"><span class=\"main-label\">Lyc\u00e9e professionnel<\/span><\/a>\n<ul class=\"sub-ul ng-star-inserted\">\n<li class=\"sub-li ng-star-inserted\"><a class=\"ng-star-inserted\" title=\"Histoire : Voir les ressources\" href=\"https:\/\/enseignants.lumni.fr\/mediatheque\/liste?niveauDisciplineSpecialite=711---Histoire\">Histoire<\/a><\/li>\n<\/ul>\n<\/li>\n<\/ul>\n<\/div>\n<div class=\"accessGranted article scenario-content ng-star-inserted\">\n<div>\n<div class=\"default-container container-root\">\n<p>L&rsquo;INA (Institut national de l&rsquo;audiovisuel), partenaire du Concours national de la R\u00e9sistance et de la D\u00e9portation, met chaque ann\u00e9e \u00e0 disposition des enseignants et des \u00e9l\u00e8ves des documents audiovisuels issus de ses fonds d&rsquo;archives afin de pr\u00e9parer les \u00e9preuves et int\u00e9grer des extraits vid\u00e9o aux travaux collectifs en toute l\u00e9galit\u00e9.<\/p>\n<p>\u00c9pousant le th\u00e8me du concours 2024-2025, le corpus propose, au sein de Lumni\u00a0Enseignement, 50\u00a0archives issues majoritairement de ses fonds de presse film\u00e9e permettant d\u2019illustrer et de comprendre les principales \u00e9tapes et probl\u00e9matiques li\u00e9es \u00e0 la lib\u00e9ration et la refondation de la France de 1943 \u00e0 1945.<\/p>\n<p><a href=\"https:\/\/enseignants.lumni.fr\/parcours\/1385\/cnrd-2025-liberer-et-refonder-la-france-1943-1945.html\" target=\"_blank\" rel=\"noopener\"><strong>LIRE LA SUITE<\/strong><\/a><\/p>\n<\/div>\n<\/div>\n<\/div>\n","protected":false},"excerpt":{"rendered":"<p>Par Emeline Vanthuyne,\u00a0Professeure agr\u00e9g\u00e9e d&rsquo;histoire\u00a0; Fabrice Grenard,\u00a0Agr\u00e9g\u00e9 et docteur en histoire, chef du d\u00e9partement Recherche et p\u00e9dagogie de la Fondation de la R\u00e9sistance\u00a0; Rapha\u00eblle Bellon,\u00a0Responsable des activit\u00e9s p\u00e9dagogiques de la Fondation de la R\u00e9sistance et Sophie Bachmann,\u00a0Responsable de projet au Service actions et partenariats culturels et \u00e9ducatifs de l&rsquo;INA Publication :\u00a009 oct. 2024 | Mis &hellip; <\/p>\n<p class=\"read-more\"><a class=\"btn btn-default\" href=\"http:\/\/jnr-cpl.com\/?p=7165\"> Read More<span class=\"screen-reader-text\">  Read More<\/span><\/a><\/p>\n","protected":false},"author":1,"featured_media":0,"comment_status":"closed","ping_status":"open","sticky":false,"template":"","format":"standard","meta":{"footnotes":""},"categories":[18],"tags":[],"class_list":["post-7165","post","type-post","status-publish","format-standard","hentry","category-actualite-de-la-resistance"],"_links":{"self":[{"href":"http:\/\/jnr-cpl.com\/index.php?rest_route=\/wp\/v2\/posts\/7165","targetHints":{"allow":["GET"]}}],"collection":[{"href":"http:\/\/jnr-cpl.com\/index.php?rest_route=\/wp\/v2\/posts"}],"about":[{"href":"http:\/\/jnr-cpl.com\/index.php?rest_route=\/wp\/v2\/types\/post"}],"author":[{"embeddable":true,"href":"http:\/\/jnr-cpl.com\/index.php?rest_route=\/wp\/v2\/users\/1"}],"replies":[{"embeddable":true,"href":"http:\/\/jnr-cpl.com\/index.php?rest_route=%2Fwp%2Fv2%2Fcomments&post=7165"}],"version-history":[{"count":1,"href":"http:\/\/jnr-cpl.com\/index.php?rest_route=\/wp\/v2\/posts\/7165\/revisions"}],"predecessor-version":[{"id":7173,"href":"http:\/\/jnr-cpl.com\/index.php?rest_route=\/wp\/v2\/posts\/7165\/revisions\/7173"}],"wp:attachment":[{"href":"http:\/\/jnr-cpl.com\/index.php?rest_route=%2Fwp%2Fv2%2Fmedia&parent=7165"}],"wp:term":[{"taxonomy":"category","embeddable":true,"href":"http:\/\/jnr-cpl.com\/index.php?rest_route=%2Fwp%2Fv2%2Fcategories&post=7165"},{"taxonomy":"post_tag","embeddable":true,"href":"http:\/\/jnr-cpl.com\/index.php?rest_route=%2Fwp%2Fv2%2Ftags&post=7165"}],"curies":[{"name":"wp","href":"https:\/\/api.w.org\/{rel}","templated":true}]}}