{"id":7162,"date":"2025-02-10T13:04:31","date_gmt":"2025-02-10T12:04:31","guid":{"rendered":"http:\/\/jnr-cpl.com\/?p=7162"},"modified":"2025-02-10T13:04:31","modified_gmt":"2025-02-10T12:04:31","slug":"anniversaire","status":"publish","type":"post","link":"http:\/\/jnr-cpl.com\/?p=7162","title":{"rendered":"Anniversaire"},"content":{"rendered":"<div class=\"html-div xdj266r x11i5rnm xat24cr x1mh8g0r xexx8yu x4uap5 x18d9i69 xkhd6sd\" dir=\"auto\">\n<div class=\"html-div xdj266r x11i5rnm xat24cr x1mh8g0r xexx8yu x4uap5 x18d9i69 xkhd6sd\" dir=\"auto\">\n<div class=\"html-div xdj266r x11i5rnm xat24cr x1mh8g0r xexx8yu x4uap5 x18d9i69 xkhd6sd\" data-ad-rendering-role=\"story_message\">\n<div class=\"x1l90r2v x1iorvi4 x1ye3gou xn6708d\" data-ad-comet-preview=\"message\" data-ad-preview=\"message\">\n<div class=\"x78zum5 xdt5ytf xz62fqu x16ldp7u\">\n<div class=\"xu06os2 x1ok221b\">\n<div class=\"xdj266r x11i5rnm xat24cr x1mh8g0r x1vvkbs x126k92a\">\n<div dir=\"auto\"><\/div>\n<div dir=\"auto\"><\/div>\n<div dir=\"auto\"><img loading=\"lazy\" decoding=\"async\" class=\"alignnone  wp-image-7163\" src=\"http:\/\/jnr-cpl.com\/wp-content\/uploads\/2025\/02\/Capture-de\u0301cran-2025-02-10-a\u0300-13.03.55-914x1024.png\" alt=\"\" width=\"490\" height=\"549\" srcset=\"http:\/\/jnr-cpl.com\/wp-content\/uploads\/2025\/02\/Capture-de\u0301cran-2025-02-10-a\u0300-13.03.55-914x1024.png 914w, http:\/\/jnr-cpl.com\/wp-content\/uploads\/2025\/02\/Capture-de\u0301cran-2025-02-10-a\u0300-13.03.55-268x300.png 268w, http:\/\/jnr-cpl.com\/wp-content\/uploads\/2025\/02\/Capture-de\u0301cran-2025-02-10-a\u0300-13.03.55-768x860.png 768w, http:\/\/jnr-cpl.com\/wp-content\/uploads\/2025\/02\/Capture-de\u0301cran-2025-02-10-a\u0300-13.03.55-241x270.png 241w, http:\/\/jnr-cpl.com\/wp-content\/uploads\/2025\/02\/Capture-de\u0301cran-2025-02-10-a\u0300-13.03.55.png 1082w\" sizes=\"auto, (max-width: 490px) 100vw, 490px\" \/>TRES BEL ANNIVERSAIRE GINETTE !<\/div>\n<div dir=\"auto\">Ginette KOLINKA n\u00e9e le 4 f\u00e9vrier 1925, rescap\u00e9e d\u2019Auschwitz, f\u00eate ses 100 ans.<\/div>\n<div dir=\"auto\">Le message d\u2019espoir de Ginette KOLINKA\/<\/div>\n<\/div>\n<div class=\"x11i5rnm xat24cr x1mh8g0r x1vvkbs xtlvy1s x126k92a\">\n<div dir=\"auto\">\u00ab\u00a0Pour que plus jamais l\u2019humanit\u00e9 ne vive l\u2019indicible en esp\u00e9rant que la haine dispara\u00eetra de nos vocabulaires et qu\u2019on pourra vivre ensemble\u00bb.<\/div>\n<div dir=\"auto\">Photo (rgauvrit) de GInette KOLINKA \u00e0 la grande manifestation du 11 janvier 2015 \u00e0 Paris sur les attentats de Charlie Hebdo\/ \u00ab\u00a0C&rsquo;est l&rsquo;encre qui doit couler pas le sang\u00a0\u00bb et \u00ab\u00a0la libert\u00e9 d&rsquo;expression n&rsquo;a pas de religion\u00a0\u00bb !<\/div>\n<div dir=\"auto\"><span class=\"html-span xdj266r x11i5rnm xat24cr x1mh8g0r xexx8yu x4uap5 x18d9i69 xkhd6sd x1hl2dhg x16tdsg8 x1vvkbs\"><a class=\"x1i10hfl xjbqb8w x1ejq31n xd10rxx x1sy0etr x17r0tee x972fbf xcfux6l x1qhh985 xm0m39n x9f619 x1ypdohk xt0psk2 xe8uvvx xdj266r x11i5rnm xat24cr x1mh8g0r xexx8yu x4uap5 x18d9i69 xkhd6sd x16tdsg8 x1hl2dhg xggy1nq x1a2a7pz x1sur9pj xkrqix3 x1fey0fg x1s688f\" tabindex=\"0\" role=\"link\" href=\"https:\/\/www.humanite.fr\/en-debat\/80e-anniversaire-de-la-liberation-des-camps-nazis\/cetait-pire-que-ce-quon-vous-dit-ginette-kolinka-se-souvient-dauschwitz?fbclid=IwZXh0bgNhZW0CMTAAAR2D_XvDHbbwaXr6U6cZp969-DrncDaD6mbLQ29W9_EboUAhpueKo_OMiEU_aem_b5ybOHz46ekE44KVOLqBTA\" target=\"_blank\" rel=\"nofollow noopener noreferrer\">https:\/\/www.humanite.fr\/&#8230;\/cetait-pire-que-ce-quon-vous&#8230;<\/a><\/span><\/div>\n<\/div>\n<\/div>\n<\/div>\n<\/div>\n<\/div>\n<\/div>\n<\/div>\n","protected":false},"excerpt":{"rendered":"<p>TRES BEL ANNIVERSAIRE GINETTE ! Ginette KOLINKA n\u00e9e le 4 f\u00e9vrier 1925, rescap\u00e9e d\u2019Auschwitz, f\u00eate ses 100 ans. Le message d\u2019espoir de Ginette KOLINKA\/ \u00ab\u00a0Pour que plus jamais l\u2019humanit\u00e9 ne vive l\u2019indicible en esp\u00e9rant que la haine dispara\u00eetra de nos vocabulaires et qu\u2019on pourra vivre ensemble\u00bb. Photo (rgauvrit) de GInette KOLINKA \u00e0 la grande manifestation &hellip; <\/p>\n<p class=\"read-more\"><a class=\"btn btn-default\" href=\"http:\/\/jnr-cpl.com\/?p=7162\"> Read More<span class=\"screen-reader-text\">  Read More<\/span><\/a><\/p>\n","protected":false},"author":1,"featured_media":0,"comment_status":"closed","ping_status":"open","sticky":false,"template":"","format":"standard","meta":{"footnotes":""},"categories":[19,18],"tags":[],"class_list":["post-7162","post","type-post","status-publish","format-standard","hentry","category-actualite-de-la-deportation","category-actualite-de-la-resistance"],"_links":{"self":[{"href":"http:\/\/jnr-cpl.com\/index.php?rest_route=\/wp\/v2\/posts\/7162","targetHints":{"allow":["GET"]}}],"collection":[{"href":"http:\/\/jnr-cpl.com\/index.php?rest_route=\/wp\/v2\/posts"}],"about":[{"href":"http:\/\/jnr-cpl.com\/index.php?rest_route=\/wp\/v2\/types\/post"}],"author":[{"embeddable":true,"href":"http:\/\/jnr-cpl.com\/index.php?rest_route=\/wp\/v2\/users\/1"}],"replies":[{"embeddable":true,"href":"http:\/\/jnr-cpl.com\/index.php?rest_route=%2Fwp%2Fv2%2Fcomments&post=7162"}],"version-history":[{"count":1,"href":"http:\/\/jnr-cpl.com\/index.php?rest_route=\/wp\/v2\/posts\/7162\/revisions"}],"predecessor-version":[{"id":7164,"href":"http:\/\/jnr-cpl.com\/index.php?rest_route=\/wp\/v2\/posts\/7162\/revisions\/7164"}],"wp:attachment":[{"href":"http:\/\/jnr-cpl.com\/index.php?rest_route=%2Fwp%2Fv2%2Fmedia&parent=7162"}],"wp:term":[{"taxonomy":"category","embeddable":true,"href":"http:\/\/jnr-cpl.com\/index.php?rest_route=%2Fwp%2Fv2%2Fcategories&post=7162"},{"taxonomy":"post_tag","embeddable":true,"href":"http:\/\/jnr-cpl.com\/index.php?rest_route=%2Fwp%2Fv2%2Ftags&post=7162"}],"curies":[{"name":"wp","href":"https:\/\/api.w.org\/{rel}","templated":true}]}}