{"id":7149,"date":"2025-02-03T09:10:07","date_gmt":"2025-02-03T08:10:07","guid":{"rendered":"http:\/\/jnr-cpl.com\/?p=7149"},"modified":"2025-02-03T09:10:07","modified_gmt":"2025-02-03T08:10:07","slug":"portrait-un-parcours-exemplaire-lancien-resistant-georges-baillot-age-de-100-ans-decore-de-la-legion-dhonneur","status":"publish","type":"post","link":"http:\/\/jnr-cpl.com\/?p=7149","title":{"rendered":"PORTRAIT. \u00ab\u00a0Un parcours exemplaire\u00a0\u00bb : l&rsquo;ancien r\u00e9sistant Georges Baillot, \u00e2g\u00e9 de 100 ans, d\u00e9cor\u00e9 de la L\u00e9gion d&rsquo;honneur"},"content":{"rendered":"<p>Figure majeure de la r\u00e9sistance dijonnaise lors de la Seconde Guerre mondiale, Georges Baillot, 100 ans, a \u00e9t\u00e9 d\u00e9cor\u00e9 de la L\u00e9gion d&rsquo;honneur ce samedi 1er f\u00e9vrier 2025. L&rsquo;occasion pour lui et sa famille de partager son histoire et de rappeler que la libert\u00e9 n&rsquo;a pas de prix.<\/p>\n<p>Les yeux humides, lumineux derri\u00e8re ses lunettes rectangulaires, Georges Baillot cherche vaguement \u00e0 dissimuler son \u00e9motion. Ce Dijonnais centenaire,<span class=\"mce-nbsp-wrap\">\u00a0<\/span>qui ne court pas apr\u00e8s les honneurs, arbore fi\u00e8rement la petite m\u00e9daille rouge qu&rsquo;il vient de recevoir, accroch\u00e9e solidement sur sa veste, juste \u00e0 c\u00f4t\u00e9 du c\u0153ur. Une L\u00e9gion d&rsquo;honneur, plus belle r\u00e9compense qu&rsquo;un ancien r\u00e9sistant de la Seconde Guerre mondiale, tel que Georges Baillot, puisse recevoir.<\/p>\n<h2 class=\"subheader\">Une famille reconnaissante<\/h2>\n<p>Cette d\u00e9coration, plus haute distinction fran\u00e7aise, Georges Baillot l&rsquo;a re\u00e7ue ce samedi 2 janvier lors d&rsquo;une c\u00e9r\u00e9monie \u00e0 la mairie de Dijon o\u00f9 toute sa famille \u00e9tait convi\u00e9e. Sur la photo de groupe, prise pour immortaliser l&rsquo;instant, les Baillot ne sont que sourire. Pendant 80 ans, ce r\u00e9sistant s&rsquo;est \u00e9vertu\u00e9 \u00e0 raconter son histoire \u00e0 ses proches, puis \u00e0 son entourage, et enfin \u00e0 toute la C\u00f4te-d&rsquo;Or, faisant l&rsquo;honneur de ses descendants.<\/p>\n<div class=\"article-image__container\">\n<figure><a href=\"https:\/\/france3-regions.francetvinfo.fr\/bourgogne-franche-comte\/cote-d-or\/dijon\/portrait-un-parcours-exemplaire-l-ancien-resistant-georges-baillot-age-de-100-ans-decore-de-la-legion-d-honneur-3101443.html\" target=\"_blank\" rel=\"noopener\"><strong>LIRE LA SUITE<picture aria-hidden=\"true\"><source srcset=\"https:\/\/france3-regions.francetvinfo.fr\/image\/UYSRSxPXA3AjSGKLJeZIObKwAes\/0x0:1920x1080\/800x450\/filters:format(webp)\/regions\/2025\/02\/02\/ftv-rabeisen4180-00-00-01-15-679f3ffe1a6d4078220438.jpg 600w, https:\/\/france3-regions.francetvinfo.fr\/image\/UYSRSxPXA3AjSGKLJeZIObKwAes\/0x0:1920x1080\/800x450\/filters:format(webp)\/regions\/2025\/02\/02\/ftv-rabeisen4180-00-00-01-15-679f3ffe1a6d4078220438.jpg 930w\" sizes=\"(max-width: 599px) 100vw, (min-width: 600px) 927px\" data-srcset=\"https:\/\/france3-regions.francetvinfo.fr\/image\/UYSRSxPXA3AjSGKLJeZIObKwAes\/0x0:1920x1080\/800x450\/filters:format(webp)\/regions\/2025\/02\/02\/ftv-rabeisen4180-00-00-01-15-679f3ffe1a6d4078220438.jpg 600w, https:\/\/france3-regions.francetvinfo.fr\/image\/UYSRSxPXA3AjSGKLJeZIObKwAes\/0x0:1920x1080\/800x450\/filters:format(webp)\/regions\/2025\/02\/02\/ftv-rabeisen4180-00-00-01-15-679f3ffe1a6d4078220438.jpg 930w\" data-sizes=\"(max-width: 599px) 100vw, (min-width: 600px) 927px\" \/>\u00a0 <\/picture><\/strong><\/a><\/figure>\n<\/div>\n","protected":false},"excerpt":{"rendered":"<p>Figure majeure de la r\u00e9sistance dijonnaise lors de la Seconde Guerre mondiale, Georges Baillot, 100 ans, a \u00e9t\u00e9 d\u00e9cor\u00e9 de la L\u00e9gion d&rsquo;honneur ce samedi 1er f\u00e9vrier 2025. L&rsquo;occasion pour lui et sa famille de partager son histoire et de rappeler que la libert\u00e9 n&rsquo;a pas de prix. Les yeux humides, lumineux derri\u00e8re ses lunettes &hellip; <\/p>\n<p class=\"read-more\"><a class=\"btn btn-default\" href=\"http:\/\/jnr-cpl.com\/?p=7149\"> Read More<span class=\"screen-reader-text\">  Read More<\/span><\/a><\/p>\n","protected":false},"author":1,"featured_media":0,"comment_status":"closed","ping_status":"open","sticky":false,"template":"","format":"standard","meta":{"footnotes":""},"categories":[18],"tags":[],"class_list":["post-7149","post","type-post","status-publish","format-standard","hentry","category-actualite-de-la-resistance"],"_links":{"self":[{"href":"http:\/\/jnr-cpl.com\/index.php?rest_route=\/wp\/v2\/posts\/7149","targetHints":{"allow":["GET"]}}],"collection":[{"href":"http:\/\/jnr-cpl.com\/index.php?rest_route=\/wp\/v2\/posts"}],"about":[{"href":"http:\/\/jnr-cpl.com\/index.php?rest_route=\/wp\/v2\/types\/post"}],"author":[{"embeddable":true,"href":"http:\/\/jnr-cpl.com\/index.php?rest_route=\/wp\/v2\/users\/1"}],"replies":[{"embeddable":true,"href":"http:\/\/jnr-cpl.com\/index.php?rest_route=%2Fwp%2Fv2%2Fcomments&post=7149"}],"version-history":[{"count":1,"href":"http:\/\/jnr-cpl.com\/index.php?rest_route=\/wp\/v2\/posts\/7149\/revisions"}],"predecessor-version":[{"id":7157,"href":"http:\/\/jnr-cpl.com\/index.php?rest_route=\/wp\/v2\/posts\/7149\/revisions\/7157"}],"wp:attachment":[{"href":"http:\/\/jnr-cpl.com\/index.php?rest_route=%2Fwp%2Fv2%2Fmedia&parent=7149"}],"wp:term":[{"taxonomy":"category","embeddable":true,"href":"http:\/\/jnr-cpl.com\/index.php?rest_route=%2Fwp%2Fv2%2Fcategories&post=7149"},{"taxonomy":"post_tag","embeddable":true,"href":"http:\/\/jnr-cpl.com\/index.php?rest_route=%2Fwp%2Fv2%2Ftags&post=7149"}],"curies":[{"name":"wp","href":"https:\/\/api.w.org\/{rel}","templated":true}]}}