{"id":7145,"date":"2025-02-03T09:13:35","date_gmt":"2025-02-03T08:13:35","guid":{"rendered":"http:\/\/jnr-cpl.com\/?p=7145"},"modified":"2025-02-03T09:13:35","modified_gmt":"2025-02-03T08:13:35","slug":"episode-3-4-contrainte-ou-resistance-la-musique-dans-les-camps","status":"publish","type":"post","link":"http:\/\/jnr-cpl.com\/?p=7145","title":{"rendered":"\u00c9pisode 3\/4 : Contrainte ou r\u00e9sistance, la musique dans les camps"},"content":{"rendered":"<p>&nbsp;<\/p>\n<p><img loading=\"lazy\" decoding=\"async\" class=\"alignnone size-full wp-image-7152\" src=\"http:\/\/jnr-cpl.com\/wp-content\/uploads\/2025\/02\/Capture-de\u0301cran-2025-02-03-a\u0300-09.07.56.png\" alt=\"\" width=\"212\" height=\"152\" \/><\/p>\n<div class=\"ExpressionSummary svelte-w3dfw8 \">\n<p class=\"ExpressionSummary-standFirst qg-tt4 qg-xtra-lh svelte-w3dfw8\" data-testid=\"ExpressionSummary-standFirst\"><strong>Les camps de la mort ne sont pas silencieux. La musique, qu\u2019elle soit pratiqu\u00e9e sous la contrainte ou non, y est au contraire tr\u00e8s pr\u00e9sente. Chansons et m\u00e9lodies rythment les s\u00e9vices, les tortures et les exactions que subissent les victimes du r\u00e9gime nazi.<\/strong><\/p>\n<div class=\"Expression-guests svelte-w3dfw8\" data-testid=\"Expression-guests\">\n<div class=\"Expression-guestsTitle qg-tt5 svelte-w3dfw8\">Avec<\/div>\n<ul class=\"svelte-w3dfw8\">\n<li class=\"qg-tx2 qg-xtra-lh svelte-w3dfw8\"><span class=\"qg-st4\">\u00c9lise Petit<\/span> Musicologue, directrice du d\u00e9partement de musicologie \u00e0 l&rsquo;Universit\u00e9 Grenoble Alpes<\/li>\n<li class=\"qg-tx2 qg-xtra-lh svelte-w3dfw8\"><span class=\"qg-st4\">C\u00e9cile Quesney<\/span> Musicologue, ma\u00eetresse de conf\u00e9rences \u00e0 l\u2019Universit\u00e9 de Lorraine et membre du Centre de Recherche Universitaire Lorrain d\u2019Histoire<\/li>\n<\/ul>\n<\/div>\n<\/div>\n<div class=\"ExpressionBodyJson ExpressionBodyJson-franceculture g-block-margin svelte-w3dfw8\">\n<div class=\"HtmlBodyWrapper station-franceculture \" data-brand=\"franceculture\">\n<div>\n<p class=\"PopSlotParagraph qg-tx2 qg-xtra-lh svelte-1yf0pls\">Beaucoup de choses ont \u00e9t\u00e9 dites sur la musique. Elle est \u00ab\u00a0du bruit qui pense\u00a0\u00bb selon Victor Hugo et, pour Nietzsche, \u00ab\u00a0la vie sans musique est tout simplement une erreur, une fatigue, un exil.\u00a0\u00bb Il faudrait donc de la musique partout, m\u00eame dans des lieux o\u00f9 cela semble impossible ou d\u00e9plac\u00e9. Pourtant, dans les camps de concentration et centres de mise \u00e0 mort nazis, la musique est pr\u00e9sente, comme le remarquent\u00a0<a class=\"svelte-zw08ld\" href=\"https:\/\/www.radiofrance.fr\/personnes\/gilles-deleuze\" data-testid=\"link\">Gilles Deleuze<\/a>\u00a0et\u00a0<a class=\"svelte-zw08ld\" href=\"https:\/\/www.radiofrance.fr\/personnes\/felix-guattari\" data-testid=\"link\">F\u00e9lix Guattari<\/a>\u00a0dans <em>Mille Plateaux<\/em>\u00a0: \u00ab\u00a0<em>Un enfant dans le noir, saisi par la peur, se rassure en chantonnant. Il marche, s\u2019arr\u00eate au gr\u00e9 de sa chanson. Perdu, il s\u2019abrite comme il peut, ou s\u2019oriente tant bien que mal avec sa petite chanson<\/em>.\u00a0\u00bb<\/p>\n<p><a href=\"https:\/\/www.radiofrance.fr\/franceculture\/podcasts\/le-cours-de-l-histoire\/contrainte-ou-resistance-la-musique-dans-les-camps-4162420\" target=\"_blank\" rel=\"noopener\"><strong>LIRE LA SUITE<\/strong><\/a><\/p>\n<\/div>\n<\/div>\n<\/div>\n","protected":false},"excerpt":{"rendered":"<p>&nbsp; Les camps de la mort ne sont pas silencieux. La musique, qu\u2019elle soit pratiqu\u00e9e sous la contrainte ou non, y est au contraire tr\u00e8s pr\u00e9sente. Chansons et m\u00e9lodies rythment les s\u00e9vices, les tortures et les exactions que subissent les victimes du r\u00e9gime nazi. Avec \u00c9lise Petit Musicologue, directrice du d\u00e9partement de musicologie \u00e0 l&rsquo;Universit\u00e9 &hellip; <\/p>\n<p class=\"read-more\"><a class=\"btn btn-default\" href=\"http:\/\/jnr-cpl.com\/?p=7145\"> Read More<span class=\"screen-reader-text\">  Read More<\/span><\/a><\/p>\n","protected":false},"author":1,"featured_media":0,"comment_status":"closed","ping_status":"open","sticky":false,"template":"","format":"standard","meta":{"footnotes":""},"categories":[18],"tags":[],"class_list":["post-7145","post","type-post","status-publish","format-standard","hentry","category-actualite-de-la-resistance"],"_links":{"self":[{"href":"http:\/\/jnr-cpl.com\/index.php?rest_route=\/wp\/v2\/posts\/7145","targetHints":{"allow":["GET"]}}],"collection":[{"href":"http:\/\/jnr-cpl.com\/index.php?rest_route=\/wp\/v2\/posts"}],"about":[{"href":"http:\/\/jnr-cpl.com\/index.php?rest_route=\/wp\/v2\/types\/post"}],"author":[{"embeddable":true,"href":"http:\/\/jnr-cpl.com\/index.php?rest_route=\/wp\/v2\/users\/1"}],"replies":[{"embeddable":true,"href":"http:\/\/jnr-cpl.com\/index.php?rest_route=%2Fwp%2Fv2%2Fcomments&post=7145"}],"version-history":[{"count":1,"href":"http:\/\/jnr-cpl.com\/index.php?rest_route=\/wp\/v2\/posts\/7145\/revisions"}],"predecessor-version":[{"id":7160,"href":"http:\/\/jnr-cpl.com\/index.php?rest_route=\/wp\/v2\/posts\/7145\/revisions\/7160"}],"wp:attachment":[{"href":"http:\/\/jnr-cpl.com\/index.php?rest_route=%2Fwp%2Fv2%2Fmedia&parent=7145"}],"wp:term":[{"taxonomy":"category","embeddable":true,"href":"http:\/\/jnr-cpl.com\/index.php?rest_route=%2Fwp%2Fv2%2Fcategories&post=7145"},{"taxonomy":"post_tag","embeddable":true,"href":"http:\/\/jnr-cpl.com\/index.php?rest_route=%2Fwp%2Fv2%2Ftags&post=7145"}],"curies":[{"name":"wp","href":"https:\/\/api.w.org\/{rel}","templated":true}]}}