{"id":7126,"date":"2025-01-27T09:15:13","date_gmt":"2025-01-27T08:15:13","guid":{"rendered":"http:\/\/jnr-cpl.com\/?p=7126"},"modified":"2025-01-27T09:15:13","modified_gmt":"2025-01-27T08:15:13","slug":"80-ans-apres-la-liberation-des-camps-nazis-un-hors-serie-exceptionnel-de-lhumanite-pour-ne-jamais-oublier","status":"publish","type":"post","link":"http:\/\/jnr-cpl.com\/?p=7126","title":{"rendered":"80 ans apr\u00e8s la lib\u00e9ration des camps nazis, un hors-s\u00e9rie exceptionnel de l\u2019Humanit\u00e9 pour ne jamais oublier"},"content":{"rendered":"<p><img loading=\"lazy\" decoding=\"async\" class=\"alignnone  wp-image-7127\" src=\"http:\/\/jnr-cpl.com\/wp-content\/uploads\/2025\/01\/Capture-de\u0301cran-2025-01-27-a\u0300-09.04.31.png\" alt=\"\" width=\"380\" height=\"77\" srcset=\"http:\/\/jnr-cpl.com\/wp-content\/uploads\/2025\/01\/Capture-de\u0301cran-2025-01-27-a\u0300-09.04.31.png 650w, http:\/\/jnr-cpl.com\/wp-content\/uploads\/2025\/01\/Capture-de\u0301cran-2025-01-27-a\u0300-09.04.31-300x61.png 300w, http:\/\/jnr-cpl.com\/wp-content\/uploads\/2025\/01\/Capture-de\u0301cran-2025-01-27-a\u0300-09.04.31-604x123.png 604w\" sizes=\"auto, (max-width: 380px) 100vw, 380px\" \/><\/p>\n<p>Le 27\u00a0janvier 1945, Auschwitz \u00e9tait lib\u00e9r\u00e9 par l\u2019Arm\u00e9e rouge. Dans un hors-s\u00e9rie exceptionnel, l\u2019Humanit\u00e9 retrace l\u2019histoire des camps nazis, ce que fut la Shoah en Europe et en France. R\u00e9cits et t\u00e9moignages.<\/p>\n<p>Travail de m\u00e9moire\u2026 devoir d\u2019histoire. Le 27\u00a0janvier 1945, les troupes sovi\u00e9tiques lib\u00e9raient le camp d\u2019Auschwitz, en Pologne. Derri\u00e8re les portes de l\u2019enfer et de la mort, les soldats trouvaient quand m\u00eame des survivants et, surtout, d\u00e9couvraient l\u2019ampleur de la trag\u00e9die en investissant le maillon essentiel de l\u2019industrie nazie de la mort. Ce camp d\u2019extermination n\u2019est pas devenu \u00ab\u00a0symbolique\u00a0\u00bb par hasard. Par son unicit\u00e9, il r\u00e9sume la criminalit\u00e9 absolue. Plus d\u2019un million d\u2019hommes, de femmes et d\u2019enfants, d\u2019abord des juifs, y furent massacr\u00e9s.<\/p>\n<p>Quatre-vingts ans plus tard, que faire de l\u2019histoire des disparus et des d\u00e9port\u00e9s\u00a0? Comment se souvenir et transmettre cette exigence du savoir\u00a0? Auschwitz-Birkenau, Dachau, Buchenwald, Ravensbr\u00fcck, Mauthausen, Chelmno, Treblinka et bien d\u2019autres\u2026 Autant de noms \u00e9vocateurs des pires moments de notre histoire collective.<\/p>\n<p><a href=\"https:\/\/www.humanite.fr\/histoire\/80e-anniversaire-de-la-liberation-des-camps-nazis\/80-ans-apres-la-liberation-des-camps-nazis-un-hors-serie-exceptionnel-de-lhumanite-pour-ne-jamais-oublier?fbclid=IwY2xjawIEHKVleHRuA2FlbQIxMQABHaAzOmI3mKglALhu7cFAk1fn4OIvBmo1Rynff5pw91eVkSygE5CI_Pi6tA_aem_qXnEF-bqest9l-NPwZ2fjQ\" target=\"_blank\" rel=\"noopener\"><strong>LIRE LA SUITE<\/strong><\/a><\/p>\n","protected":false},"excerpt":{"rendered":"<p>Le 27\u00a0janvier 1945, Auschwitz \u00e9tait lib\u00e9r\u00e9 par l\u2019Arm\u00e9e rouge. Dans un hors-s\u00e9rie exceptionnel, l\u2019Humanit\u00e9 retrace l\u2019histoire des camps nazis, ce que fut la Shoah en Europe et en France. R\u00e9cits et t\u00e9moignages. Travail de m\u00e9moire\u2026 devoir d\u2019histoire. Le 27\u00a0janvier 1945, les troupes sovi\u00e9tiques lib\u00e9raient le camp d\u2019Auschwitz, en Pologne. Derri\u00e8re les portes de l\u2019enfer et &hellip; <\/p>\n<p class=\"read-more\"><a class=\"btn btn-default\" href=\"http:\/\/jnr-cpl.com\/?p=7126\"> Read More<span class=\"screen-reader-text\">  Read More<\/span><\/a><\/p>\n","protected":false},"author":1,"featured_media":0,"comment_status":"closed","ping_status":"open","sticky":false,"template":"","format":"standard","meta":{"footnotes":""},"categories":[19,18],"tags":[],"class_list":["post-7126","post","type-post","status-publish","format-standard","hentry","category-actualite-de-la-deportation","category-actualite-de-la-resistance"],"_links":{"self":[{"href":"http:\/\/jnr-cpl.com\/index.php?rest_route=\/wp\/v2\/posts\/7126","targetHints":{"allow":["GET"]}}],"collection":[{"href":"http:\/\/jnr-cpl.com\/index.php?rest_route=\/wp\/v2\/posts"}],"about":[{"href":"http:\/\/jnr-cpl.com\/index.php?rest_route=\/wp\/v2\/types\/post"}],"author":[{"embeddable":true,"href":"http:\/\/jnr-cpl.com\/index.php?rest_route=\/wp\/v2\/users\/1"}],"replies":[{"embeddable":true,"href":"http:\/\/jnr-cpl.com\/index.php?rest_route=%2Fwp%2Fv2%2Fcomments&post=7126"}],"version-history":[{"count":2,"href":"http:\/\/jnr-cpl.com\/index.php?rest_route=\/wp\/v2\/posts\/7126\/revisions"}],"predecessor-version":[{"id":7141,"href":"http:\/\/jnr-cpl.com\/index.php?rest_route=\/wp\/v2\/posts\/7126\/revisions\/7141"}],"wp:attachment":[{"href":"http:\/\/jnr-cpl.com\/index.php?rest_route=%2Fwp%2Fv2%2Fmedia&parent=7126"}],"wp:term":[{"taxonomy":"category","embeddable":true,"href":"http:\/\/jnr-cpl.com\/index.php?rest_route=%2Fwp%2Fv2%2Fcategories&post=7126"},{"taxonomy":"post_tag","embeddable":true,"href":"http:\/\/jnr-cpl.com\/index.php?rest_route=%2Fwp%2Fv2%2Ftags&post=7126"}],"curies":[{"name":"wp","href":"https:\/\/api.w.org\/{rel}","templated":true}]}}