{"id":7124,"date":"2025-01-27T09:16:08","date_gmt":"2025-01-27T08:16:08","guid":{"rendered":"http:\/\/jnr-cpl.com\/?p=7124"},"modified":"2025-01-27T09:16:08","modified_gmt":"2025-01-27T08:16:08","slug":"7124","status":"publish","type":"post","link":"http:\/\/jnr-cpl.com\/?p=7124","title":{"rendered":""},"content":{"rendered":"<p><img loading=\"lazy\" decoding=\"async\" class=\"alignnone size-large wp-image-7133\" src=\"http:\/\/jnr-cpl.com\/wp-content\/uploads\/2025\/01\/Capture-de\u0301cran-2025-01-27-a\u0300-09.02.24-1024x555.png\" alt=\"\" width=\"640\" height=\"347\" srcset=\"http:\/\/jnr-cpl.com\/wp-content\/uploads\/2025\/01\/Capture-de\u0301cran-2025-01-27-a\u0300-09.02.24-1024x555.png 1024w, http:\/\/jnr-cpl.com\/wp-content\/uploads\/2025\/01\/Capture-de\u0301cran-2025-01-27-a\u0300-09.02.24-300x162.png 300w, http:\/\/jnr-cpl.com\/wp-content\/uploads\/2025\/01\/Capture-de\u0301cran-2025-01-27-a\u0300-09.02.24-768x416.png 768w, http:\/\/jnr-cpl.com\/wp-content\/uploads\/2025\/01\/Capture-de\u0301cran-2025-01-27-a\u0300-09.02.24-499x270.png 499w, http:\/\/jnr-cpl.com\/wp-content\/uploads\/2025\/01\/Capture-de\u0301cran-2025-01-27-a\u0300-09.02.24.png 1226w\" sizes=\"auto, (max-width: 640px) 100vw, 640px\" \/><\/p>\n<div class=\"html-div xdj266r x11i5rnm xat24cr x1mh8g0r xexx8yu x4uap5 x18d9i69 xkhd6sd\" dir=\"auto\">\n<div class=\"html-div xdj266r x11i5rnm xat24cr x1mh8g0r xexx8yu x4uap5 x18d9i69 xkhd6sd\" dir=\"auto\">\n<div class=\"html-div xdj266r x11i5rnm xat24cr x1mh8g0r xexx8yu x4uap5 x18d9i69 xkhd6sd\" data-ad-rendering-role=\"story_message\">\n<div class=\"x1l90r2v x1iorvi4 x1ye3gou xn6708d\" data-ad-comet-preview=\"message\" data-ad-preview=\"message\">\n<div class=\"x78zum5 xdt5ytf xz62fqu x16ldp7u\">\n<div class=\"xu06os2 x1ok221b\">\n<div class=\"xdj266r x11i5rnm xat24cr x1mh8g0r x1vvkbs x126k92a\">\n<div dir=\"auto\">Programme 80e anniversaire d&rsquo;Auschwitz sur la TV et la radio.<\/div>\n<\/div>\n<div class=\"x11i5rnm xat24cr x1mh8g0r x1vvkbs xtlvy1s x126k92a\">\n<div dir=\"auto\">Radio<\/div>\n<div dir=\"auto\">-France Culture: samedi 25 janvier et dimanche 26 (13:30 \u00e0 14:00) \u00ab\u00a0Derniers signes de vie\u00a0\u00bb d&rsquo;Alain Lewkowicz (messages jet\u00e9s des trains de d\u00e9portation) dans le cadre de l&rsquo;\u00e9mission: Une histoire particuli\u00e8re.<\/div>\n<\/div>\n<div class=\"x11i5rnm xat24cr x1mh8g0r x1vvkbs xtlvy1s x126k92a\">\n<div dir=\"auto\">T\u00e9l\u00e9vision<\/div>\n<\/div>\n<div class=\"x11i5rnm xat24cr x1mh8g0r x1vvkbs xtlvy1s x126k92a\">\n<div dir=\"auto\">-France 2: Lundi 27 janvier<\/div>\n<div dir=\"auto\">-13:50 : 80 ans de la lib\u00e9ration d&rsquo;Auschwitz (pr\u00e9sentation Julian Bugier et Nathalie Saint-Cricq &#8211; invit\u00e9 Tal Bruttman). En direct.<\/div>\n<div dir=\"auto\">-21:10: soir\u00e9e : \u00ab\u00a0Auschwitz, des survivants racontent\u00a0\u00bb (de Catherine Bernstein, in\u00e9dit) 4 \u00e9missions<\/div>\n<div dir=\"auto\">1) 21:10: La pers\u00e9cution<\/div>\n<div dir=\"auto\">2) 21:55: La d\u00e9portation<\/div>\n<div dir=\"auto\">3) 22:35: L&rsquo;extermination<\/div>\n<div dir=\"auto\">4) 23:55: La vie apr\u00e8s<\/div>\n<div dir=\"auto\">-00:30: Les filles de Birkenau (2024) rediffusion<\/div>\n<div dir=\"auto\">-02:15: Simone Veil et ses s\u0153urs<\/div>\n<div dir=\"auto\">-LCP : 20:30: \u00ab\u00a0La m\u00e9moire pour s\u00e9pulture\u00a0\u00bb (60 min. in\u00e9dit). Benjamin Orenstein, rescap\u00e9, t\u00e9moigne.<\/div>\n<div dir=\"auto\">Radio<\/div>\n<div dir=\"auto\">-France Inter: Lundi 27 janvier<\/div>\n<div dir=\"auto\">20:00 &#8211; 22:00 : 80e anniversaire de la lib\u00e9ration des camps. Par Philippe Collin. En direct du M\u00e9morial de la Shoah. Soir\u00e9e sp\u00e9ciale.<\/div>\n<div dir=\"auto\">T\u00e9l\u00e9vision:<\/div>\n<div dir=\"auto\">France 5 : Vendredi 31 janvier 23:05 Jorge Semprun \u00ab\u00a0La plume au poing\u00a0\u00bb documentaire de 55 min. de Patrick Rotman, 2023<\/div>\n<\/div>\n<\/div>\n<\/div>\n<\/div>\n<\/div>\n<\/div>\n<\/div>\n","protected":false},"excerpt":{"rendered":"<p>Programme 80e anniversaire d&rsquo;Auschwitz sur la TV et la radio. Radio -France Culture: samedi 25 janvier et dimanche 26 (13:30 \u00e0 14:00) \u00ab\u00a0Derniers signes de vie\u00a0\u00bb d&rsquo;Alain Lewkowicz (messages jet\u00e9s des trains de d\u00e9portation) dans le cadre de l&rsquo;\u00e9mission: Une histoire particuli\u00e8re. T\u00e9l\u00e9vision -France 2: Lundi 27 janvier -13:50 : 80 ans de la lib\u00e9ration &hellip; <\/p>\n<p class=\"read-more\"><a class=\"btn btn-default\" href=\"http:\/\/jnr-cpl.com\/?p=7124\"> Read More<span class=\"screen-reader-text\">  Read More<\/span><\/a><\/p>\n","protected":false},"author":1,"featured_media":0,"comment_status":"closed","ping_status":"open","sticky":false,"template":"","format":"standard","meta":{"footnotes":""},"categories":[19,18],"tags":[],"class_list":["post-7124","post","type-post","status-publish","format-standard","hentry","category-actualite-de-la-deportation","category-actualite-de-la-resistance"],"_links":{"self":[{"href":"http:\/\/jnr-cpl.com\/index.php?rest_route=\/wp\/v2\/posts\/7124","targetHints":{"allow":["GET"]}}],"collection":[{"href":"http:\/\/jnr-cpl.com\/index.php?rest_route=\/wp\/v2\/posts"}],"about":[{"href":"http:\/\/jnr-cpl.com\/index.php?rest_route=\/wp\/v2\/types\/post"}],"author":[{"embeddable":true,"href":"http:\/\/jnr-cpl.com\/index.php?rest_route=\/wp\/v2\/users\/1"}],"replies":[{"embeddable":true,"href":"http:\/\/jnr-cpl.com\/index.php?rest_route=%2Fwp%2Fv2%2Fcomments&post=7124"}],"version-history":[{"count":1,"href":"http:\/\/jnr-cpl.com\/index.php?rest_route=\/wp\/v2\/posts\/7124\/revisions"}],"predecessor-version":[{"id":7142,"href":"http:\/\/jnr-cpl.com\/index.php?rest_route=\/wp\/v2\/posts\/7124\/revisions\/7142"}],"wp:attachment":[{"href":"http:\/\/jnr-cpl.com\/index.php?rest_route=%2Fwp%2Fv2%2Fmedia&parent=7124"}],"wp:term":[{"taxonomy":"category","embeddable":true,"href":"http:\/\/jnr-cpl.com\/index.php?rest_route=%2Fwp%2Fv2%2Fcategories&post=7124"},{"taxonomy":"post_tag","embeddable":true,"href":"http:\/\/jnr-cpl.com\/index.php?rest_route=%2Fwp%2Fv2%2Ftags&post=7124"}],"curies":[{"name":"wp","href":"https:\/\/api.w.org\/{rel}","templated":true}]}}