{"id":7122,"date":"2025-01-27T09:11:42","date_gmt":"2025-01-27T08:11:42","guid":{"rendered":"http:\/\/jnr-cpl.com\/?p=7122"},"modified":"2025-01-27T09:11:42","modified_gmt":"2025-01-27T08:11:42","slug":"des-ateliers-pour-rendre-visibles-les-resistantes-du-morvan","status":"publish","type":"post","link":"http:\/\/jnr-cpl.com\/?p=7122","title":{"rendered":"Des ateliers pour rendre visibles les R\u00e9sistantes du Morvan"},"content":{"rendered":"<p><img loading=\"lazy\" decoding=\"async\" class=\"alignnone size-full wp-image-7130\" src=\"http:\/\/jnr-cpl.com\/wp-content\/uploads\/2025\/01\/Capture-de\u0301cran-2025-01-27-a\u0300-09.03.56.png\" alt=\"\" width=\"238\" height=\"108\" \/><\/p>\n<p class=\"CoverEpisode-title qg-tt3 svelte-halm2n\">Le Mus\u00e9e de la R\u00e9sistance en Morvan propose au grand public de participer \u00e0 la r\u00e9daction de fiches Wikip\u00e9dia sur les femmes qui ont jou\u00e9 un r\u00f4le dans la lutte contre le nazisme. Janette Colas, Lise Le Bourmot ou Yvonne Moreau m\u00e9ritent assur\u00e9ment que l&rsquo;on retienne leurs noms.<br \/>\nLe Morvan, r\u00e9gion rurale de petite montagne fut, pendant la deuxi\u00e8me guerre mondiale, un haut lieu de la R\u00e9sistance. A Saint-Brisson, le\u00a0mus\u00e9e de la R\u00e9sistance en Morvan\u00a0propose des ateliers au grand public pour rendre visibles les R\u00e9sistantes du Morvan. Ces femmes ont particip\u00e9 activement \u00e0 la lutte clandestine contre le nazisme et leurs noms ont \u00e9t\u00e9 effac\u00e9s de la m\u00e9moire collective.<\/p>\n<p><a href=\"https:\/\/www.radiofrance.fr\/franceinter\/podcasts\/carnets-de-campagne\/carnets-de-campagne-du-mercredi-22-janvier-2025-1651636\" target=\"_blank\" rel=\"noopener\"><strong>LIRE LA SUITE<\/strong><\/a><\/p>\n","protected":false},"excerpt":{"rendered":"<p>Le Mus\u00e9e de la R\u00e9sistance en Morvan propose au grand public de participer \u00e0 la r\u00e9daction de fiches Wikip\u00e9dia sur les femmes qui ont jou\u00e9 un r\u00f4le dans la lutte contre le nazisme. Janette Colas, Lise Le Bourmot ou Yvonne Moreau m\u00e9ritent assur\u00e9ment que l&rsquo;on retienne leurs noms. Le Morvan, r\u00e9gion rurale de petite montagne &hellip; <\/p>\n<p class=\"read-more\"><a class=\"btn btn-default\" href=\"http:\/\/jnr-cpl.com\/?p=7122\"> Read More<span class=\"screen-reader-text\">  Read More<\/span><\/a><\/p>\n","protected":false},"author":1,"featured_media":0,"comment_status":"closed","ping_status":"open","sticky":false,"template":"","format":"standard","meta":{"footnotes":""},"categories":[18],"tags":[],"class_list":["post-7122","post","type-post","status-publish","format-standard","hentry","category-actualite-de-la-resistance"],"_links":{"self":[{"href":"http:\/\/jnr-cpl.com\/index.php?rest_route=\/wp\/v2\/posts\/7122","targetHints":{"allow":["GET"]}}],"collection":[{"href":"http:\/\/jnr-cpl.com\/index.php?rest_route=\/wp\/v2\/posts"}],"about":[{"href":"http:\/\/jnr-cpl.com\/index.php?rest_route=\/wp\/v2\/types\/post"}],"author":[{"embeddable":true,"href":"http:\/\/jnr-cpl.com\/index.php?rest_route=\/wp\/v2\/users\/1"}],"replies":[{"embeddable":true,"href":"http:\/\/jnr-cpl.com\/index.php?rest_route=%2Fwp%2Fv2%2Fcomments&post=7122"}],"version-history":[{"count":1,"href":"http:\/\/jnr-cpl.com\/index.php?rest_route=\/wp\/v2\/posts\/7122\/revisions"}],"predecessor-version":[{"id":7136,"href":"http:\/\/jnr-cpl.com\/index.php?rest_route=\/wp\/v2\/posts\/7122\/revisions\/7136"}],"wp:attachment":[{"href":"http:\/\/jnr-cpl.com\/index.php?rest_route=%2Fwp%2Fv2%2Fmedia&parent=7122"}],"wp:term":[{"taxonomy":"category","embeddable":true,"href":"http:\/\/jnr-cpl.com\/index.php?rest_route=%2Fwp%2Fv2%2Fcategories&post=7122"},{"taxonomy":"post_tag","embeddable":true,"href":"http:\/\/jnr-cpl.com\/index.php?rest_route=%2Fwp%2Fv2%2Ftags&post=7122"}],"curies":[{"name":"wp","href":"https:\/\/api.w.org\/{rel}","templated":true}]}}