{"id":7120,"date":"2025-01-27T09:14:10","date_gmt":"2025-01-27T08:14:10","guid":{"rendered":"http:\/\/jnr-cpl.com\/?p=7120"},"modified":"2025-01-27T09:14:10","modified_gmt":"2025-01-27T08:14:10","slug":"andre-berkover-itineraire-dun-survivant-dauschwitz","status":"publish","type":"post","link":"http:\/\/jnr-cpl.com\/?p=7120","title":{"rendered":"Andr\u00e9 Berkover, itin\u00e9raire d\u2019un survivant d\u2019Auschwitz"},"content":{"rendered":"<p><img loading=\"lazy\" decoding=\"async\" class=\"alignnone  wp-image-7138\" src=\"http:\/\/jnr-cpl.com\/wp-content\/uploads\/2025\/01\/Capture-de\u0301cran-2025-01-27-a\u0300-09.13.04.png\" alt=\"\" width=\"318\" height=\"87\" srcset=\"http:\/\/jnr-cpl.com\/wp-content\/uploads\/2025\/01\/Capture-de\u0301cran-2025-01-27-a\u0300-09.13.04.png 556w, http:\/\/jnr-cpl.com\/wp-content\/uploads\/2025\/01\/Capture-de\u0301cran-2025-01-27-a\u0300-09.13.04-300x82.png 300w\" sizes=\"auto, (max-width: 318px) 100vw, 318px\" \/><\/p>\n<div class=\"single__post-section single__post-chapo\">\n<ul>\n<li>A l\u2019occasion des 80 ans de la lib\u00e9ration des camps d\u2019Auschwitz, le 27 janvier 1945, nous avons interview\u00e9 Thierry Berkover, fils d\u2019Andr\u00e9, rescap\u00e9 des camps de la mort.<\/li>\n<li>L\u2019histoire de cet homme, d\u00e9port\u00e9 \u00e0 Auschwitz \u00e0 l\u2019\u00e2ge de 14 ans avec sa m\u00e8re et son fr\u00e8re qui eux y ont \u00e9t\u00e9 assassin\u00e9s, t\u00e9moigne de la barbarie nazie.<\/li>\n<li>Une c\u00e9r\u00e9monie. est pr\u00e9vue ce lundi \u00e0 l\u2019ancienne gare de d\u00e9portation de Bobigny d\u2019o\u00f9 a \u00e9t\u00e9 d\u00e9port\u00e9 Andr\u00e9 Berkover, le 30 juin 1944.<\/li>\n<\/ul>\n<\/div>\n<div class=\"single__post-section single__post-section-text\">\n<p align=\"justify\">Thierry Berkover, vous \u00eates pr\u00e9sident de l\u2019association des Amis de la Fondation pour la M\u00e9moire de la D\u00e9portation (AFMD), mais vous \u00eates aussi le fils d\u2019Andr\u00e9 Berkover, d\u00e9port\u00e9 \u00e0 Auschwitz par le convoi 76 le 30 juin 1944. Pouvez-nous raconter son histoire\u00a0?<\/p>\n<p align=\"justify\"><a href=\"https:\/\/seinesaintdenis.fr\/actualite\/culture-patrimoine\/memoire\/Andre-Berkover-itineraire-d%E2%80%99un-survivant-d%E2%80%99Auschwitz\/?fbclid=IwY2xjawIEHHZleHRuA2FlbQIxMQABHS8dvtBcAHhtV3G4KlbRMFCMEDI49q2_ZTbXL1fWKQm7uHmlyMLX2v2Tqg_aem_apSC3ZHY9Zof1b-YANQPkg\" target=\"_blank\" rel=\"noopener\"><strong>LIRE LA SUITE<\/strong><\/a><\/p>\n<\/div>\n","protected":false},"excerpt":{"rendered":"<p>A l\u2019occasion des 80 ans de la lib\u00e9ration des camps d\u2019Auschwitz, le 27 janvier 1945, nous avons interview\u00e9 Thierry Berkover, fils d\u2019Andr\u00e9, rescap\u00e9 des camps de la mort. L\u2019histoire de cet homme, d\u00e9port\u00e9 \u00e0 Auschwitz \u00e0 l\u2019\u00e2ge de 14 ans avec sa m\u00e8re et son fr\u00e8re qui eux y ont \u00e9t\u00e9 assassin\u00e9s, t\u00e9moigne de la &hellip; <\/p>\n<p class=\"read-more\"><a class=\"btn btn-default\" href=\"http:\/\/jnr-cpl.com\/?p=7120\"> Read More<span class=\"screen-reader-text\">  Read More<\/span><\/a><\/p>\n","protected":false},"author":1,"featured_media":0,"comment_status":"closed","ping_status":"open","sticky":false,"template":"","format":"standard","meta":{"footnotes":""},"categories":[18],"tags":[],"class_list":["post-7120","post","type-post","status-publish","format-standard","hentry","category-actualite-de-la-resistance"],"_links":{"self":[{"href":"http:\/\/jnr-cpl.com\/index.php?rest_route=\/wp\/v2\/posts\/7120","targetHints":{"allow":["GET"]}}],"collection":[{"href":"http:\/\/jnr-cpl.com\/index.php?rest_route=\/wp\/v2\/posts"}],"about":[{"href":"http:\/\/jnr-cpl.com\/index.php?rest_route=\/wp\/v2\/types\/post"}],"author":[{"embeddable":true,"href":"http:\/\/jnr-cpl.com\/index.php?rest_route=\/wp\/v2\/users\/1"}],"replies":[{"embeddable":true,"href":"http:\/\/jnr-cpl.com\/index.php?rest_route=%2Fwp%2Fv2%2Fcomments&post=7120"}],"version-history":[{"count":1,"href":"http:\/\/jnr-cpl.com\/index.php?rest_route=\/wp\/v2\/posts\/7120\/revisions"}],"predecessor-version":[{"id":7139,"href":"http:\/\/jnr-cpl.com\/index.php?rest_route=\/wp\/v2\/posts\/7120\/revisions\/7139"}],"wp:attachment":[{"href":"http:\/\/jnr-cpl.com\/index.php?rest_route=%2Fwp%2Fv2%2Fmedia&parent=7120"}],"wp:term":[{"taxonomy":"category","embeddable":true,"href":"http:\/\/jnr-cpl.com\/index.php?rest_route=%2Fwp%2Fv2%2Fcategories&post=7120"},{"taxonomy":"post_tag","embeddable":true,"href":"http:\/\/jnr-cpl.com\/index.php?rest_route=%2Fwp%2Fv2%2Ftags&post=7120"}],"curies":[{"name":"wp","href":"https:\/\/api.w.org\/{rel}","templated":true}]}}