{"id":6527,"date":"2024-04-04T08:28:56","date_gmt":"2024-04-04T06:28:56","guid":{"rendered":"http:\/\/jnr-cpl.com\/?p=6527"},"modified":"2024-04-04T08:28:56","modified_gmt":"2024-04-04T06:28:56","slug":"qui-est-veritablement-le-colonel-fabien","status":"publish","type":"post","link":"http:\/\/jnr-cpl.com\/?p=6527","title":{"rendered":"Qui est v\u00e9ritablement le colonel Fabien ?"},"content":{"rendered":"<p><img loading=\"lazy\" decoding=\"async\" class=\"alignnone size-full wp-image-6536\" src=\"http:\/\/jnr-cpl.com\/wp-content\/uploads\/2024\/04\/Capture-de\u0301cran-2024-04-04-a\u0300-08.24.45.png\" alt=\"\" width=\"164\" height=\"135\" \/><\/p>\n<div class=\"articleContent-leadText\">\n<p>Sur la ligne de m\u00e9tro 2 \u00e0 l&rsquo;arr\u00eat Porte Dauphine, vous l&rsquo;avez certainement remarqu\u00e9. Le Colonel Fabien est devenu tr\u00e8s c\u00e9l\u00e8bre dans l&rsquo;espace public francilien. Arr\u00eat, place, qui est v\u00e9ritablement ce Colonel Fabien ?<\/p>\n<\/div>\n<p>Le colonel Fabien demeure une figure embl\u00e9matique de la R\u00e9sistance fran\u00e7aise durant la Seconde Guerre mondiale. Son nom r\u00e9sonne dans l&rsquo;histoire <strong>comme celui d&rsquo;un h\u00e9ros de la lutte contre l&rsquo;occupation nazie, mais \u00e9galement comme un symbole de l&rsquo;engagement et de la d\u00e9termination des r\u00e9sistants fran\u00e7ais<\/strong>. Cependant, derri\u00e8re ce nom tr\u00e8s populaire donn\u00e9 \u00e0 une place parisienne, se cachent diverses facettes et controverses qui suscitent encore aujourd&rsquo;hui l&rsquo;int\u00e9r\u00eat des historiens et des citoyens. Qui \u00e9tait v\u00e9ritablement le colonel Fabien ? Quels \u00e9taient ses actes, son parcours, mais aussi ses id\u00e9aux et ses convictions ? Pour r\u00e9pondre \u00e0 ces questions, il convient d&rsquo;explorer tant sa biographie que son h\u00e9ritage dans l&rsquo;histoire de la France.<\/p>\n<p><a href=\"https:\/\/www.caminteresse.fr\/culture\/qui-est-veritablement-le-colonel-fabien-11193863\/\" target=\"_blank\" rel=\"noopener\"><strong>LIRE LA SUITE<\/strong><\/a><\/p>\n","protected":false},"excerpt":{"rendered":"<p>Sur la ligne de m\u00e9tro 2 \u00e0 l&rsquo;arr\u00eat Porte Dauphine, vous l&rsquo;avez certainement remarqu\u00e9. Le Colonel Fabien est devenu tr\u00e8s c\u00e9l\u00e8bre dans l&rsquo;espace public francilien. Arr\u00eat, place, qui est v\u00e9ritablement ce Colonel Fabien ? Le colonel Fabien demeure une figure embl\u00e9matique de la R\u00e9sistance fran\u00e7aise durant la Seconde Guerre mondiale. Son nom r\u00e9sonne dans l&rsquo;histoire &hellip; <\/p>\n<p class=\"read-more\"><a class=\"btn btn-default\" href=\"http:\/\/jnr-cpl.com\/?p=6527\"> Read More<span class=\"screen-reader-text\">  Read More<\/span><\/a><\/p>\n","protected":false},"author":1,"featured_media":0,"comment_status":"closed","ping_status":"open","sticky":false,"template":"","format":"standard","meta":{"footnotes":""},"categories":[18],"tags":[],"class_list":["post-6527","post","type-post","status-publish","format-standard","hentry","category-actualite-de-la-resistance"],"_links":{"self":[{"href":"http:\/\/jnr-cpl.com\/index.php?rest_route=\/wp\/v2\/posts\/6527","targetHints":{"allow":["GET"]}}],"collection":[{"href":"http:\/\/jnr-cpl.com\/index.php?rest_route=\/wp\/v2\/posts"}],"about":[{"href":"http:\/\/jnr-cpl.com\/index.php?rest_route=\/wp\/v2\/types\/post"}],"author":[{"embeddable":true,"href":"http:\/\/jnr-cpl.com\/index.php?rest_route=\/wp\/v2\/users\/1"}],"replies":[{"embeddable":true,"href":"http:\/\/jnr-cpl.com\/index.php?rest_route=%2Fwp%2Fv2%2Fcomments&post=6527"}],"version-history":[{"count":1,"href":"http:\/\/jnr-cpl.com\/index.php?rest_route=\/wp\/v2\/posts\/6527\/revisions"}],"predecessor-version":[{"id":6541,"href":"http:\/\/jnr-cpl.com\/index.php?rest_route=\/wp\/v2\/posts\/6527\/revisions\/6541"}],"wp:attachment":[{"href":"http:\/\/jnr-cpl.com\/index.php?rest_route=%2Fwp%2Fv2%2Fmedia&parent=6527"}],"wp:term":[{"taxonomy":"category","embeddable":true,"href":"http:\/\/jnr-cpl.com\/index.php?rest_route=%2Fwp%2Fv2%2Fcategories&post=6527"},{"taxonomy":"post_tag","embeddable":true,"href":"http:\/\/jnr-cpl.com\/index.php?rest_route=%2Fwp%2Fv2%2Ftags&post=6527"}],"curies":[{"name":"wp","href":"https:\/\/api.w.org\/{rel}","templated":true}]}}