{"id":5738,"date":"2023-05-15T13:53:21","date_gmt":"2023-05-15T11:53:21","guid":{"rendered":"http:\/\/jnr-cpl.com\/?p=5738"},"modified":"2023-05-15T13:53:21","modified_gmt":"2023-05-15T11:53:21","slug":"journee-detude","status":"publish","type":"post","link":"http:\/\/jnr-cpl.com\/?p=5738","title":{"rendered":"Journ\u00e9e d&rsquo;\u00e9tude"},"content":{"rendered":"<div class=\"xu06os2 x1ok221b\">\n<h3 class=\"x1heor9g x1qlqyl8 x1pd3egz x1a2a7pz x1gslohp x1yc453h\"><span class=\"xt0psk2\"><a class=\"x1i10hfl xjbqb8w x6umtig x1b1mbwd xaqea5y xav7gou x9f619 x1ypdohk xt0psk2 xe8uvvx xdj266r x11i5rnm xat24cr x1mh8g0r xexx8yu x4uap5 x18d9i69 xkhd6sd x16tdsg8 x1hl2dhg xggy1nq x1a2a7pz xt0b8zv xzsf02u x1s688f\" tabindex=\"0\" role=\"link\" href=\"https:\/\/www.facebook.com\/profile.php?id=100017963319421&amp;__cft__[0]=AZW3UIyFNwHp0AfBMRklxRlfB8WxOMC0rjN6zpdSiqCkdEzyHyiqysiaUQCZj76-b6VxwAddPpFsBW2ASYDCkwmW84CeYaD-nCpBg66FZXU0Z78jimkFvAvhHAjdDl7VDSK7ypWqhP31vIIEqCF11ud84pv4wc6P3KXeiBkYGyQh4_iOSyjXPQNEBs1wc3akB4335Z6zBT1km8ESLKt1QMun&amp;__tn__=-UC%2CP-y-R\"><strong>Roger Gauvrit<\/strong><\/a><\/span><\/h3>\n<\/div>\n<div class=\"xu06os2 x1ok221b\"><span class=\"x193iq5w xeuugli x13faqbe x1vvkbs xlh3980 xvmahel x1n0sxbx x1lliihq x1s928wv xhkezso x1gmr53x x1cpjm7i x1fgarty x1943h6x x4zkp8e x676frb x1nxh6w3 x1sibtaa xo1l8bm xi81zsa x1yc453h\" dir=\"auto\"><span class=\"x4k7w5x x1h91t0o x1h9r5lt x1jfb8zj xv2umb2 x1beo9mf xaigb6o x12ejxvf x3igimt xarpa2k xedcshv x1lytzrv x1t2pt76 x7ja8zs x1qrby5j\"><a class=\"x1i10hfl xjbqb8w x6umtig x1b1mbwd xaqea5y xav7gou x9f619 x1ypdohk xt0psk2 xe8uvvx xdj266r x11i5rnm xat24cr x1mh8g0r xexx8yu x4uap5 x18d9i69 xkhd6sd x16tdsg8 x1hl2dhg xggy1nq x1a2a7pz x1heor9g xt0b8zv xo1l8bm\" tabindex=\"0\" role=\"link\" href=\"https:\/\/www.facebook.com\/permalink.php?story_fbid=pfbid0JXF1m9jB8RZGdYfrtYJ42zcazn5ti36kkh3m66KM7N4q4qLqMVWGQ7otA9YC5BUVl&amp;id=100017963319421&amp;__cft__[0]=AZW3UIyFNwHp0AfBMRklxRlfB8WxOMC0rjN6zpdSiqCkdEzyHyiqysiaUQCZj76-b6VxwAddPpFsBW2ASYDCkwmW84CeYaD-nCpBg66FZXU0Z78jimkFvAvhHAjdDl7VDSK7ypWqhP31vIIEqCF11ud84pv4wc6P3KXeiBkYGyQh4_iOSyjXPQNEBs1wc3akB4335Z6zBT1km8ESLKt1QMun&amp;__tn__=%2CO%2CP-y-R\"><span class=\"x1rg5ohu x6ikm8r x10wlt62 x16dsc37 xt0b8zv\" aria-labelledby=\":Rjj58ij7a6lbql5l5bb9l5qq75b5klba:\"><span class=\"xmper1u xt0psk2 xjb2p0i x1qlqyl8 x15bjb6t x1n2onr6 x17ihmo5 x1g77sc7\"><span class=\"x1r8a4m5 x1n2onr6 x17ihmo5 xnt8be4 vrhKlDKp zdxx\"><img loading=\"lazy\" decoding=\"async\" class=\"size-full wp-image-5751 aligncenter\" src=\"http:\/\/jnr-cpl.com\/wp-content\/uploads\/2023\/05\/345643854_125468720500183_837898709569940817_n.jpg\" alt=\"\" width=\"749\" height=\"508\" srcset=\"http:\/\/jnr-cpl.com\/wp-content\/uploads\/2023\/05\/345643854_125468720500183_837898709569940817_n.jpg 749w, http:\/\/jnr-cpl.com\/wp-content\/uploads\/2023\/05\/345643854_125468720500183_837898709569940817_n-300x203.jpg 300w, http:\/\/jnr-cpl.com\/wp-content\/uploads\/2023\/05\/345643854_125468720500183_837898709569940817_n-398x270.jpg 398w\" sizes=\"auto, (max-width: 749px) 100vw, 749px\" \/><\/span><\/span><\/span><\/a><\/span><br \/>\n<\/span><\/div>\n<div class=\"x1a8lsjc x1swvt13 x1pi30zi\">\n<div class=\"x1jx94hy x78zum5 x1q0g3np\">\n<div class=\"x78zum5 xdt5ytf xz62fqu x16ldp7u\">\n<div class=\"xu06os2 x1ok221b\"><\/div>\n<\/div>\n<\/div>\n<\/div>\n<div class=\"\" dir=\"auto\">\n<div class=\"\" dir=\"auto\">\n<div class=\"x1iorvi4 x1pi30zi x1l90r2v x1swvt13\" data-ad-comet-preview=\"message\" data-ad-preview=\"message\">\n<div class=\"x78zum5 xdt5ytf xz62fqu x16ldp7u\">\n<div class=\"xu06os2 x1ok221b\">\n<div class=\"xdj266r x11i5rnm xat24cr x1mh8g0r x1vvkbs x126k92a\">\n<div dir=\"auto\">Journ\u00e9e d&rsquo;\u00e9tude de la Fondation pour la m\u00e9moire de la d\u00e9portation<\/div>\n<div dir=\"auto\">sur le th\u00e8me \u00ab\u00a0L&rsquo;inhumanit\u00e9 dans l&rsquo;humanit\u00e9 !<\/div>\n<\/div>\n<div class=\"x11i5rnm xat24cr x1mh8g0r x1vvkbs xtlvy1s x126k92a\">\n<div dir=\"auto\"><\/div>\n<div dir=\"auto\">PROGRAMME<\/div>\n<\/div>\n<div class=\"x11i5rnm xat24cr x1mh8g0r x1vvkbs xtlvy1s x126k92a\">\n<div dir=\"auto\"><\/div>\n<div dir=\"auto\">Matin\u00e9e pr\u00e9sidence de s\u00e9ance Jean VIGREUX (professeur d\u2019histoire contemporaine Universit\u00e9 de Bourgogne Franche-Comt\u00e9,<\/div>\n<div dir=\"auto\">pr\u00e9sident du Conseil scientifique de la Fondation)<\/div>\n<\/div>\n<div class=\"x11i5rnm xat24cr x1mh8g0r x1vvkbs xtlvy1s x126k92a\">\n<div dir=\"auto\">9h50 Serge WOLIKOW (pr\u00e9sident de la Fondation) Propos d\u2019accueil<\/div>\n<\/div>\n<div class=\"x11i5rnm xat24cr x1mh8g0r x1vvkbs xtlvy1s x126k92a\">\n<div dir=\"auto\">10h00 Jean Yves DANIEL (vice-pr\u00e9sident de la Fondation, doyen honoraire de l\u2019IGEN) Sur l\u2019histoire de l&rsquo;humanit\u00e9<\/div>\n<\/div>\n<div class=\"x11i5rnm xat24cr x1mh8g0r x1vvkbs xtlvy1s x126k92a\">\n<div dir=\"auto\">10h30 Jacques SEMELIN (Historien et politologue, directeur de recherche au CERI) Comprendre notre barbarie<\/div>\n<\/div>\n<div class=\"x11i5rnm xat24cr x1mh8g0r x1vvkbs xtlvy1s x126k92a\">\n<div dir=\"auto\">11h00 Serge PORTELLI (juriste, avocat, ancien magistrat) Les moyens de l\u2019inhumanit\u00e9<\/div>\n<\/div>\n<div class=\"x11i5rnm xat24cr x1mh8g0r x1vvkbs xtlvy1s x126k92a\">\n<div dir=\"auto\">11h30 Jean-Michel ANDRE (m\u00e9decin, pr\u00e9sident de la Commission m\u00e9dico-sociale de la Fondation, membre du conseil scientifique)<\/div>\n<div dir=\"auto\">Les le\u00e7ons de vie que nous ont l\u00e9gu\u00e9es les d\u00e9port\u00e9s face \u00e0 l\u2019inhumanit\u00e9<\/div>\n<\/div>\n<div class=\"x11i5rnm xat24cr x1mh8g0r x1vvkbs xtlvy1s x126k92a\">\n<div dir=\"auto\"><\/div>\n<div dir=\"auto\">12h15 Pause d\u00e9jeuner<\/div>\n<\/div>\n<div class=\"x11i5rnm xat24cr x1mh8g0r x1vvkbs xtlvy1s x126k92a\">\n<div dir=\"auto\"><\/div>\n<div dir=\"auto\">Apr\u00e8s-midi Pr\u00e9sidence de s\u00e9ance Serge WOLIKOW<\/div>\n<div dir=\"auto\">14h00 V\u00e9ronique NAHOUN-GRAPPE (anthropologue) L\u2019anthropologie face \u00e0 l\u2019inhumanit\u00e9 ; le d\u00e9fi de l\u2019urgence et de la justice<\/div>\n<\/div>\n<div class=\"x11i5rnm xat24cr x1mh8g0r x1vvkbs xtlvy1s x126k92a\">\n<div dir=\"auto\">14h30 Vincent DUCLERT (historien, IGEN) La d\u00e9shumanisation, m\u00e9canisme central des processus g\u00e9nocidaires et des g\u00e9nocides<\/div>\n<\/div>\n<div class=\"x11i5rnm xat24cr x1mh8g0r x1vvkbs xtlvy1s x126k92a\">\n<div dir=\"auto\">15h Charles HEIMBERG (Professeur de didactique, Universit\u00e9 de Gen\u00e8ve) La pr\u00e9vention des crimes contre l\u2019humanit\u00e9 : des questions<\/div>\n<div dir=\"auto\">pour l\u2019enseignement de l\u2019histoire et le travail de m\u00e9moire<\/div>\n<\/div>\n<div class=\"x11i5rnm xat24cr x1mh8g0r x1vvkbs xtlvy1s x126k92a\">\n<div dir=\"auto\">15h30 Abdennour BIDAR, (philosophe, IGEN) L\u2019humanisme, une \u00e9ducation de l\u2019esprit, un rempart contre l\u2019inhumanit\u00e9<\/div>\n<\/div>\n<div class=\"x11i5rnm xat24cr x1mh8g0r x1vvkbs xtlvy1s x126k92a\">\n<div dir=\"auto\">16h Conclusion par Jean VIGREUX<\/div>\n<div dir=\"auto\"><\/div>\n<div dir=\"auto\">Les interventions durent de 15 \u00e0 20 minutes et sont suivies d\u2019\u00e9changes avec l\u2019assistance<\/div>\n<\/div>\n<\/div>\n<\/div>\n<\/div>\n<\/div>\n<\/div>\n","protected":false},"excerpt":{"rendered":"<p>Roger Gauvrit Journ\u00e9e d&rsquo;\u00e9tude de la Fondation pour la m\u00e9moire de la d\u00e9portation sur le th\u00e8me \u00ab\u00a0L&rsquo;inhumanit\u00e9 dans l&rsquo;humanit\u00e9 ! PROGRAMME Matin\u00e9e pr\u00e9sidence de s\u00e9ance Jean VIGREUX (professeur d\u2019histoire contemporaine Universit\u00e9 de Bourgogne Franche-Comt\u00e9, pr\u00e9sident du Conseil scientifique de la Fondation) 9h50 Serge WOLIKOW (pr\u00e9sident de la Fondation) Propos d\u2019accueil 10h00 Jean Yves DANIEL (vice-pr\u00e9sident &hellip; <\/p>\n<p class=\"read-more\"><a class=\"btn btn-default\" href=\"http:\/\/jnr-cpl.com\/?p=5738\"> Read More<span class=\"screen-reader-text\">  Read More<\/span><\/a><\/p>\n","protected":false},"author":1,"featured_media":0,"comment_status":"closed","ping_status":"open","sticky":false,"template":"","format":"standard","meta":{"footnotes":""},"categories":[19,18],"tags":[],"class_list":["post-5738","post","type-post","status-publish","format-standard","hentry","category-actualite-de-la-deportation","category-actualite-de-la-resistance"],"_links":{"self":[{"href":"http:\/\/jnr-cpl.com\/index.php?rest_route=\/wp\/v2\/posts\/5738","targetHints":{"allow":["GET"]}}],"collection":[{"href":"http:\/\/jnr-cpl.com\/index.php?rest_route=\/wp\/v2\/posts"}],"about":[{"href":"http:\/\/jnr-cpl.com\/index.php?rest_route=\/wp\/v2\/types\/post"}],"author":[{"embeddable":true,"href":"http:\/\/jnr-cpl.com\/index.php?rest_route=\/wp\/v2\/users\/1"}],"replies":[{"embeddable":true,"href":"http:\/\/jnr-cpl.com\/index.php?rest_route=%2Fwp%2Fv2%2Fcomments&post=5738"}],"version-history":[{"count":1,"href":"http:\/\/jnr-cpl.com\/index.php?rest_route=\/wp\/v2\/posts\/5738\/revisions"}],"predecessor-version":[{"id":5752,"href":"http:\/\/jnr-cpl.com\/index.php?rest_route=\/wp\/v2\/posts\/5738\/revisions\/5752"}],"wp:attachment":[{"href":"http:\/\/jnr-cpl.com\/index.php?rest_route=%2Fwp%2Fv2%2Fmedia&parent=5738"}],"wp:term":[{"taxonomy":"category","embeddable":true,"href":"http:\/\/jnr-cpl.com\/index.php?rest_route=%2Fwp%2Fv2%2Fcategories&post=5738"},{"taxonomy":"post_tag","embeddable":true,"href":"http:\/\/jnr-cpl.com\/index.php?rest_route=%2Fwp%2Fv2%2Ftags&post=5738"}],"curies":[{"name":"wp","href":"https:\/\/api.w.org\/{rel}","templated":true}]}}