{"id":5737,"date":"2023-05-15T13:54:05","date_gmt":"2023-05-15T11:54:05","guid":{"rendered":"http:\/\/jnr-cpl.com\/?p=5737"},"modified":"2023-05-15T13:54:05","modified_gmt":"2023-05-15T11:54:05","slug":"conference-sur-missak-manouchian-lecture-theatralisee-les-rendez-vous-de-mai-des-amis-du-musee-de-la-resistance-et-de-la-deportation","status":"publish","type":"post","link":"http:\/\/jnr-cpl.com\/?p=5737","title":{"rendered":"Conf\u00e9rence sur Missak Manouchian, lecture th\u00e9\u00e2tralis\u00e9e : les rendez-vous de mai des Amis du Mus\u00e9e de la R\u00e9sistance et de la D\u00e9portation"},"content":{"rendered":"<p><img loading=\"lazy\" decoding=\"async\" class=\"alignnone size-full wp-image-5743\" src=\"http:\/\/jnr-cpl.com\/wp-content\/uploads\/2023\/05\/Capture-de\u0301cran-2023-05-15-a\u0300-12.28.06.png\" alt=\"\" width=\"169\" height=\"65\" \/><\/p>\n<div class=\"c-soustitre\">L&rsquo;association des Amis du Mus\u00e9e de la R\u00e9sistance et de la D\u00e9portation du Cher organisent en ce mois de mai deux \u00e9v\u00e9nements ouverts \u00e0 tous. Une conf\u00e9rence de Pierre Ouzoulias le lundi 15 mai relative \u00e0 Missak Manouchian, et une lecture th\u00e9\u00e2tralis\u00e9e d&rsquo;apr\u00e8s \u00ab\u00a0L&rsquo;Ordre du Jour\u00a0\u00bb d&rsquo;Eric Vuillard le 27 mai, \u00e0 l&rsquo;occasion de la journ\u00e9e nationale de la r\u00e9sistance et du 80e anniversaire de la premi\u00e8re r\u00e9union du Conseil national de la R\u00e9sistance.<\/div>\n<div class=\"p402_premium\">\n<div class=\"texte entry-content\">\n<p>Dense programme que celui de ce mois de mai pour l\u2019association des Amis du Mus\u00e9e de la R\u00e9sistance et de la D\u00e9portation du Cher. Premier rendez-vous, ce lundi 15 mai \u00e0 18 h 30 \u00e0 l\u2019amphith\u00e9\u00e2tre des Archives d\u00e9partementales : la soir\u00e9e d\u00e9di\u00e9e \u00e0 Missak Manouchian, Arm\u00e9nien\u00a0immigr\u00e9 en France en 1925, devenu chef des\u00a0Francs-Tireurs et Partisans \u2013 Main-d&rsquo;\u0153uvre Immigr\u00e9e (FTP-MOI)\u00a0de la r\u00e9gion parisienne, arr\u00eat\u00e9 par la police fran\u00e7aise, tortur\u00e9 par les\u00a0Allemands puis ex\u00e9cut\u00e9 sur le Mont-Val\u00e9rien le 21 f\u00e9vrier 1944 avec vingt-deux autres membres de son groupe.\u00a0Ce jour-l\u00e0, le militant communiste,\u00a0 incarnation du r\u00f4le du d\u00e9cisif des \u00e9trangers\u00a0dans la R\u00e9sistance, \u00e9crit une derni\u00e8re lettre \u00e0 sa femme : \u00ab\u00a0Je suis s\u00fbr que le peuple fran\u00e7ais et tous les combattants de la Libert\u00e9 sauront honorer notre m\u00e9moire dignement.\u00a0\u00bb<\/p>\n<p><a href=\"https:\/\/www.leberry.fr\/bourges-18000\/loisirs\/conference-sur-missak-manouchian-lecture-theatralisee-les-rendez-vous-de-mai-des-amis-du-musee-de-la-resistance-et-de-la-deportation_14303173\/\" target=\"_blank\" rel=\"noopener\"><strong>LIRE LA SUITE<\/strong><\/a><\/p>\n<\/div>\n<\/div>\n","protected":false},"excerpt":{"rendered":"<p>L&rsquo;association des Amis du Mus\u00e9e de la R\u00e9sistance et de la D\u00e9portation du Cher organisent en ce mois de mai deux \u00e9v\u00e9nements ouverts \u00e0 tous. Une conf\u00e9rence de Pierre Ouzoulias le lundi 15 mai relative \u00e0 Missak Manouchian, et une lecture th\u00e9\u00e2tralis\u00e9e d&rsquo;apr\u00e8s \u00ab\u00a0L&rsquo;Ordre du Jour\u00a0\u00bb d&rsquo;Eric Vuillard le 27 mai, \u00e0 l&rsquo;occasion de la &hellip; <\/p>\n<p class=\"read-more\"><a class=\"btn btn-default\" href=\"http:\/\/jnr-cpl.com\/?p=5737\"> Read More<span class=\"screen-reader-text\">  Read More<\/span><\/a><\/p>\n","protected":false},"author":1,"featured_media":0,"comment_status":"closed","ping_status":"open","sticky":false,"template":"","format":"standard","meta":{"footnotes":""},"categories":[18],"tags":[],"class_list":["post-5737","post","type-post","status-publish","format-standard","hentry","category-actualite-de-la-resistance"],"_links":{"self":[{"href":"http:\/\/jnr-cpl.com\/index.php?rest_route=\/wp\/v2\/posts\/5737","targetHints":{"allow":["GET"]}}],"collection":[{"href":"http:\/\/jnr-cpl.com\/index.php?rest_route=\/wp\/v2\/posts"}],"about":[{"href":"http:\/\/jnr-cpl.com\/index.php?rest_route=\/wp\/v2\/types\/post"}],"author":[{"embeddable":true,"href":"http:\/\/jnr-cpl.com\/index.php?rest_route=\/wp\/v2\/users\/1"}],"replies":[{"embeddable":true,"href":"http:\/\/jnr-cpl.com\/index.php?rest_route=%2Fwp%2Fv2%2Fcomments&post=5737"}],"version-history":[{"count":1,"href":"http:\/\/jnr-cpl.com\/index.php?rest_route=\/wp\/v2\/posts\/5737\/revisions"}],"predecessor-version":[{"id":5753,"href":"http:\/\/jnr-cpl.com\/index.php?rest_route=\/wp\/v2\/posts\/5737\/revisions\/5753"}],"wp:attachment":[{"href":"http:\/\/jnr-cpl.com\/index.php?rest_route=%2Fwp%2Fv2%2Fmedia&parent=5737"}],"wp:term":[{"taxonomy":"category","embeddable":true,"href":"http:\/\/jnr-cpl.com\/index.php?rest_route=%2Fwp%2Fv2%2Fcategories&post=5737"},{"taxonomy":"post_tag","embeddable":true,"href":"http:\/\/jnr-cpl.com\/index.php?rest_route=%2Fwp%2Fv2%2Ftags&post=5737"}],"curies":[{"name":"wp","href":"https:\/\/api.w.org\/{rel}","templated":true}]}}