{"id":5717,"date":"2023-05-09T11:47:11","date_gmt":"2023-05-09T09:47:11","guid":{"rendered":"http:\/\/jnr-cpl.com\/?p=5717"},"modified":"2023-05-09T11:47:11","modified_gmt":"2023-05-09T09:47:11","slug":"parution-7","status":"publish","type":"post","link":"http:\/\/jnr-cpl.com\/?p=5717","title":{"rendered":"Parution"},"content":{"rendered":"<div class=\"x78zum5 xqtp20y x1emribx\">\n<div class=\"x1vqgdyp x100vrsf\">\n<div class=\"x1gslohp\">\n<h2 class=\"x1heor9g x1qlqyl8 x1pd3egz x1a2a7pz x1gslohp\"><span class=\"x193iq5w xeuugli x13faqbe x1vvkbs xlh3980 xvmahel x1n0sxbx x6prxxf xvq8zen xo1l8bm xi81zsa\"><span class=\"xt0psk2\"><a class=\"x1i10hfl xjbqb8w x6umtig x1b1mbwd xaqea5y xav7gou x9f619 x1ypdohk xt0psk2 xe8uvvx xdj266r x11i5rnm xat24cr x1mh8g0r xexx8yu x4uap5 x18d9i69 xkhd6sd x16tdsg8 x1hl2dhg xggy1nq x1a2a7pz xt0b8zv xzsf02u x1s688f\" tabindex=\"0\" role=\"link\" href=\"https:\/\/www.facebook.com\/laurent.joly.9461?__tn__=-UC*F\">Laurent Joly<\/a><\/span><\/span><\/h2>\n<\/div>\n<\/div>\n<\/div>\n<div class=\"xqcrz7y x78zum5 x1qx5ct2 x1y1aw1k x1sxyh0 xwib8y2 xurb0ha xw4jnvo\">\n<div><\/div>\n<\/div>\n<div class=\"xyinxu5 x4uap5 x1g2khh7 xkhd6sd\"><span class=\"x193iq5w xeuugli x13faqbe x1vvkbs xlh3980 xvmahel x1n0sxbx x1lliihq x1s928wv xhkezso x1gmr53x x1cpjm7i x1fgarty x1943h6x xudqn12 x3x7a5m x6prxxf xvq8zen xo1l8bm xzsf02u\" dir=\"auto\">En librairie ce 3 mai \u00ab\u00a0Une jeunesse sous l&rsquo;Occupation\u00a0\u00bb d&rsquo;Alice Mendelson (<a class=\"x1i10hfl xjbqb8w x6umtig x1b1mbwd xaqea5y xav7gou x9f619 x1ypdohk xt0psk2 xe8uvvx xdj266r x11i5rnm xat24cr x1mh8g0r xexx8yu x4uap5 x18d9i69 xkhd6sd x16tdsg8 x1hl2dhg xggy1nq x1a2a7pz xt0b8zv xzsf02u x1s688f\" tabindex=\"0\" role=\"link\" href=\"https:\/\/www.facebook.com\/editionsgrasset\/?__tn__=kK*F\"><span class=\"xt0psk2\">Editions Grasset et Fasquelle<\/span><\/a>), que j&rsquo;ai eu le bonheur de co-\u00e9crire avec cette femme extraordinaire de bient\u00f4t 98 ans, rescap\u00e9e de la Shoah, po\u00e9tesse et conteuse.<br \/>\nJ&rsquo;ai rencontr\u00e9 Alice en 2018. Elle m&rsquo;avait \u00e9crit une lettre magnifique apr\u00e8s avoir d\u00e9couvert dans \u00ab\u00a0Le Monde\u00a0\u00bb un article d&rsquo;<a class=\"x1i10hfl xjbqb8w x6umtig x1b1mbwd xaqea5y xav7gou x9f619 x1ypdohk xt0psk2 xe8uvvx xdj266r x11i5rnm xat24cr x1mh8g0r xexx8yu x4uap5 x18d9i69 xkhd6sd x16tdsg8 x1hl2dhg xggy1nq x1a2a7pz xt0b8zv xzsf02u x1s688f\" tabindex=\"0\" role=\"link\" href=\"https:\/\/www.facebook.com\/andre.lo.520?__tn__=-]K*F\"><span class=\"xt0psk2\">Andr\u00e9 Lo<\/span><\/a>ez \u00e9voquant, \u00e0 partir de mes travaux, la d\u00e9nonciation ayant vis\u00e9 son p\u00e8re en 1941. Nous sommes devenus amis. Le projet d&rsquo;un livre a pris forme. De son \u00e9criture gracieuse et libre, Alice \u00e9voque ses parents, Icek et Sura-Laya, Juifs polonais arriv\u00e9s \u00e0 Paris en 1930, leur passion pour leur salon de coiffure, leur fille unique choy\u00e9e, la musique et la politique, la d\u00e9nonciation par un voisin coiffeur rival en 1941 qui provoque la d\u00e9portation du p\u00e8re, la rafle du Vel d&rsquo;Hiv \u00e0 laquelle la m\u00e8re et la fille \u00e9chappent par miracle, la traque en 1942-1944, la R\u00e9sistance, les durs combats de l&rsquo;apr\u00e8s-guerre pour obtenir r\u00e9paration&#8230;<br \/>\nGr\u00e2ce \u00e0 des archives rares (le dossier de justice ayant vis\u00e9 le d\u00e9lateur en 1945 !, le dossier de dommages mobiliers d\u00e9pos\u00e9s par Sura-Laya en 1946, etc.), c&rsquo;est comme un roman documentaire qui se donne \u00e0 lire, avec sa galerie de personnages aux noms improbables (Jean Pal le coiffeur d\u00e9lateur, Ren\u00e9 Renard l&rsquo;administrateur provisoire humain, le baron Le Couteulx du Molay le propri\u00e9taire spoliateur, etc.) et un fil rouge bouleversant : la relation difficile, passionnelle, entre une m\u00e8re et sa fille face au quotidien de la vie, au deuil et \u00e0 la pers\u00e9cution.<\/span><\/div>\n<div><\/div>\n<div><img loading=\"lazy\" decoding=\"async\" class=\"alignnone size-full wp-image-5725\" src=\"http:\/\/jnr-cpl.com\/wp-content\/uploads\/2023\/05\/343644891_154486744212451_4124321430640669262_n.jpg\" alt=\"\" width=\"2048\" height=\"1536\" srcset=\"http:\/\/jnr-cpl.com\/wp-content\/uploads\/2023\/05\/343644891_154486744212451_4124321430640669262_n.jpg 2048w, http:\/\/jnr-cpl.com\/wp-content\/uploads\/2023\/05\/343644891_154486744212451_4124321430640669262_n-300x225.jpg 300w, http:\/\/jnr-cpl.com\/wp-content\/uploads\/2023\/05\/343644891_154486744212451_4124321430640669262_n-1024x768.jpg 1024w, http:\/\/jnr-cpl.com\/wp-content\/uploads\/2023\/05\/343644891_154486744212451_4124321430640669262_n-768x576.jpg 768w, http:\/\/jnr-cpl.com\/wp-content\/uploads\/2023\/05\/343644891_154486744212451_4124321430640669262_n-1536x1152.jpg 1536w, http:\/\/jnr-cpl.com\/wp-content\/uploads\/2023\/05\/343644891_154486744212451_4124321430640669262_n-360x270.jpg 360w, http:\/\/jnr-cpl.com\/wp-content\/uploads\/2023\/05\/343644891_154486744212451_4124321430640669262_n-1320x990.jpg 1320w\" sizes=\"auto, (max-width: 2048px) 100vw, 2048px\" \/><\/div>\n<div class=\"x1i10hfl xjbqb8w x6umtig x1b1mbwd xaqea5y xav7gou x9f619 x1ypdohk xt0psk2 xe8uvvx xdj266r x11i5rnm xat24cr x1mh8g0r xexx8yu x4uap5 x18d9i69 xkhd6sd x16tdsg8 x1hl2dhg xggy1nq x1a2a7pz xt0b8zv xzsf02u x1s688f\" tabindex=\"0\" role=\"button\"><\/div>\n","protected":false},"excerpt":{"rendered":"<p>Laurent Joly En librairie ce 3 mai \u00ab\u00a0Une jeunesse sous l&rsquo;Occupation\u00a0\u00bb d&rsquo;Alice Mendelson (Editions Grasset et Fasquelle), que j&rsquo;ai eu le bonheur de co-\u00e9crire avec cette femme extraordinaire de bient\u00f4t 98 ans, rescap\u00e9e de la Shoah, po\u00e9tesse et conteuse. J&rsquo;ai rencontr\u00e9 Alice en 2018. Elle m&rsquo;avait \u00e9crit une lettre magnifique apr\u00e8s avoir d\u00e9couvert dans \u00ab\u00a0Le &hellip; <\/p>\n<p class=\"read-more\"><a class=\"btn btn-default\" href=\"http:\/\/jnr-cpl.com\/?p=5717\"> Read More<span class=\"screen-reader-text\">  Read More<\/span><\/a><\/p>\n","protected":false},"author":1,"featured_media":0,"comment_status":"closed","ping_status":"open","sticky":false,"template":"","format":"standard","meta":{"footnotes":""},"categories":[19,18],"tags":[],"class_list":["post-5717","post","type-post","status-publish","format-standard","hentry","category-actualite-de-la-deportation","category-actualite-de-la-resistance"],"_links":{"self":[{"href":"http:\/\/jnr-cpl.com\/index.php?rest_route=\/wp\/v2\/posts\/5717","targetHints":{"allow":["GET"]}}],"collection":[{"href":"http:\/\/jnr-cpl.com\/index.php?rest_route=\/wp\/v2\/posts"}],"about":[{"href":"http:\/\/jnr-cpl.com\/index.php?rest_route=\/wp\/v2\/types\/post"}],"author":[{"embeddable":true,"href":"http:\/\/jnr-cpl.com\/index.php?rest_route=\/wp\/v2\/users\/1"}],"replies":[{"embeddable":true,"href":"http:\/\/jnr-cpl.com\/index.php?rest_route=%2Fwp%2Fv2%2Fcomments&post=5717"}],"version-history":[{"count":1,"href":"http:\/\/jnr-cpl.com\/index.php?rest_route=\/wp\/v2\/posts\/5717\/revisions"}],"predecessor-version":[{"id":5726,"href":"http:\/\/jnr-cpl.com\/index.php?rest_route=\/wp\/v2\/posts\/5717\/revisions\/5726"}],"wp:attachment":[{"href":"http:\/\/jnr-cpl.com\/index.php?rest_route=%2Fwp%2Fv2%2Fmedia&parent=5717"}],"wp:term":[{"taxonomy":"category","embeddable":true,"href":"http:\/\/jnr-cpl.com\/index.php?rest_route=%2Fwp%2Fv2%2Fcategories&post=5717"},{"taxonomy":"post_tag","embeddable":true,"href":"http:\/\/jnr-cpl.com\/index.php?rest_route=%2Fwp%2Fv2%2Ftags&post=5717"}],"curies":[{"name":"wp","href":"https:\/\/api.w.org\/{rel}","templated":true}]}}