{"id":5074,"date":"2022-09-19T09:11:57","date_gmt":"2022-09-19T07:11:57","guid":{"rendered":"http:\/\/jnr-cpl.com\/?p=5074"},"modified":"2022-09-19T09:11:57","modified_gmt":"2022-09-19T07:11:57","slug":"vous-nirez-plus-danser-le-musee-de-la-resistance-raconte-les-bals-clandestins-sous-le-regime-de-vichy","status":"publish","type":"post","link":"http:\/\/jnr-cpl.com\/?p=5074","title":{"rendered":"\u00ab Vous n\u2019irez plus danser \u00bb : le Mus\u00e9e de la R\u00e9sistance raconte les bals clandestins sous le r\u00e9gime de Vichy"},"content":{"rendered":"<div>\n<h4><img loading=\"lazy\" decoding=\"async\" class=\"alignnone size-full wp-image-5090\" src=\"http:\/\/jnr-cpl.com\/wp-content\/uploads\/2022\/09\/Capture-de\u0301cran-2022-09-19-a\u0300-09.10.40.png\" alt=\"\" width=\"180\" height=\"80\" \/><\/h4>\n<h4 class=\"chapo\">FOCUS \u2013 Le Mus\u00e9e de la R\u00e9sistance et de la D\u00e9portation de l\u2019Is\u00e8re pr\u00e9sente sa nouvelle exposition temporaire, \u00ab\u00a0<em>Vous n\u2019irez plus danser<\/em>\u00a0\u00bb, d\u00e9di\u00e9e aux bals clandestins sous le r\u00e9gime de Vichy. Un \u00e9pisode m\u00e9connu de la Seconde guerre mondiale en France et une exposition in\u00e9dite en son genre, qui sera ensuite propos\u00e9e au Mus\u00e9e nationale de la R\u00e9sistance de Champigny-sur-Marne.<\/h4>\n<p>Quand la bise fut venue en juin 1940, les Fran\u00e7ais n\u2019eurent gu\u00e8re l\u2019occasion de danser pour oublier l\u2019occupation allemande. Quelques semaines apr\u00e8s son instauration, le r\u00e9gime de Vichy interdit en effet les bals populaires, publics comme priv\u00e9s. Ceci au nom de hautes consid\u00e9rations morales, le mar\u00e9chal P\u00e9tain mettant la d\u00e9faite sur le compte de \u00ab\u00a0<em>l\u2019esprit de jouissance<\/em> \u00bb. Mais l\u2019esprit de jouissance est retors et les bals clandestins fleuriront partout sur le territoire.<\/p>\n<h4>C\u2019est \u00e0 cet \u00e9pisode peu connu de l\u2019histoire de la Seconde guerre mondiale que le <a href=\"https:\/\/musees.isere.fr\/musee\/musee-de-la-resistance-et-de-la-deportation-de-lisere\" target=\"_blank\" rel=\"noopener noreferrer\">Mus\u00e9e de la R\u00e9sistance et de la D\u00e9portation de l\u2019Is\u00e8re<\/a> consacre sa nouvelle exposition temporaire, \u00ab\u00a0<em>Vous n\u2019irez plus danser<\/em>\u00a0\u00bb, jusqu\u2019au 3 janvier 2022. Le mus\u00e9e is\u00e9rois est le premier \u00e0 aborder cette th\u00e9matique, tant et si bien que l\u2019exposition sera amen\u00e9e \u00e0 voyager. Notamment au <a href=\"https:\/\/www.musee-resistance.com\/\" target=\"_blank\" rel=\"noopener noreferrer\">Mus\u00e9e de la R\u00e9sistance nationale<\/a> de Champigny-sur-Marne \u00e0 l\u2019\u00e9t\u00e9\u00a02022.<\/h4>\n<h4 class=\"intertitre\">Une mani\u00e8re pour Vichy d\u2019asseoir son autorit\u00e9<\/h4>\n<p>D\u00e9dier une exposition aux bals clandestins durant la Seconde guerre mondiale, c\u2019est rappeler l\u2019importance de la danse \u00e0 cette \u00e9poque. La directrice du Mus\u00e9e Alice Buffet et son charg\u00e9 des collections Antoine Musy d\u00e9crivent une France de l\u2019entre-deux-guerres o\u00f9 les bals ont pris une dimension essentielle dans toutes les classes sociales. Une v\u00e9ritable \u00ab\u00a0<em>dansomanie<\/em>\u00a0\u00bb autour de la valse, de la java, mais aussi du tango, de la rumba ou du fox-trot.<\/p>\n<\/div>\n","protected":false},"excerpt":{"rendered":"<p>FOCUS \u2013 Le Mus\u00e9e de la R\u00e9sistance et de la D\u00e9portation de l\u2019Is\u00e8re pr\u00e9sente sa nouvelle exposition temporaire, \u00ab\u00a0Vous n\u2019irez plus danser\u00a0\u00bb, d\u00e9di\u00e9e aux bals clandestins sous le r\u00e9gime de Vichy. Un \u00e9pisode m\u00e9connu de la Seconde guerre mondiale en France et une exposition in\u00e9dite en son genre, qui sera ensuite propos\u00e9e au Mus\u00e9e nationale &hellip; <\/p>\n<p class=\"read-more\"><a class=\"btn btn-default\" href=\"http:\/\/jnr-cpl.com\/?p=5074\"> Read More<span class=\"screen-reader-text\">  Read More<\/span><\/a><\/p>\n","protected":false},"author":1,"featured_media":0,"comment_status":"closed","ping_status":"open","sticky":false,"template":"","format":"standard","meta":{"footnotes":""},"categories":[18],"tags":[],"class_list":["post-5074","post","type-post","status-publish","format-standard","hentry","category-actualite-de-la-resistance"],"_links":{"self":[{"href":"http:\/\/jnr-cpl.com\/index.php?rest_route=\/wp\/v2\/posts\/5074","targetHints":{"allow":["GET"]}}],"collection":[{"href":"http:\/\/jnr-cpl.com\/index.php?rest_route=\/wp\/v2\/posts"}],"about":[{"href":"http:\/\/jnr-cpl.com\/index.php?rest_route=\/wp\/v2\/types\/post"}],"author":[{"embeddable":true,"href":"http:\/\/jnr-cpl.com\/index.php?rest_route=\/wp\/v2\/users\/1"}],"replies":[{"embeddable":true,"href":"http:\/\/jnr-cpl.com\/index.php?rest_route=%2Fwp%2Fv2%2Fcomments&post=5074"}],"version-history":[{"count":1,"href":"http:\/\/jnr-cpl.com\/index.php?rest_route=\/wp\/v2\/posts\/5074\/revisions"}],"predecessor-version":[{"id":5091,"href":"http:\/\/jnr-cpl.com\/index.php?rest_route=\/wp\/v2\/posts\/5074\/revisions\/5091"}],"wp:attachment":[{"href":"http:\/\/jnr-cpl.com\/index.php?rest_route=%2Fwp%2Fv2%2Fmedia&parent=5074"}],"wp:term":[{"taxonomy":"category","embeddable":true,"href":"http:\/\/jnr-cpl.com\/index.php?rest_route=%2Fwp%2Fv2%2Fcategories&post=5074"},{"taxonomy":"post_tag","embeddable":true,"href":"http:\/\/jnr-cpl.com\/index.php?rest_route=%2Fwp%2Fv2%2Ftags&post=5074"}],"curies":[{"name":"wp","href":"https:\/\/api.w.org\/{rel}","templated":true}]}}