{"id":5072,"date":"2022-09-19T09:13:18","date_gmt":"2022-09-19T07:13:18","guid":{"rendered":"http:\/\/jnr-cpl.com\/?p=5072"},"modified":"2022-09-19T09:13:18","modified_gmt":"2022-09-19T07:13:18","slug":"photos-seconde-guerre-mondiale-les-peintures-oubliees-dun-soldat-americain","status":"publish","type":"post","link":"http:\/\/jnr-cpl.com\/?p=5072","title":{"rendered":"PHOTOS. Seconde Guerre mondiale : les peintures \u00ab\u00a0oubli\u00e9es\u00a0\u00bb d&rsquo;un soldat am\u00e9ricain"},"content":{"rendered":"<p><img loading=\"lazy\" decoding=\"async\" class=\"alignnone size-full wp-image-5092\" src=\"http:\/\/jnr-cpl.com\/wp-content\/uploads\/2022\/09\/Capture-de\u0301cran-2022-09-19-a\u0300-09.12.04.png\" alt=\"\" width=\"143\" height=\"53\" \/><\/p>\n<p class=\"article__intro\">\u00c0 Dieulouard, pr\u00e8s de Nancy, des peintures r\u00e9alis\u00e9es par un G.I. en 1944 ont pu \u00eatre sauv\u00e9es avant des travaux de d\u00e9molition dans une friche industrielle o\u00f9 elles se trouvaient. Ce vendredi soir un film \u00ab\u00a0Les am\u00e9ricains \u00e0 Dieulouard\u00a0\u00bb consacr\u00e9 \u00e0 cette op\u00e9ration de sauvetage sera projet\u00e9 au centre socio-culturel de la commune.<\/p>\n<p>Un tr\u00e9sor historique \u00e9tait pr\u00e9sent depuis des d\u00e9cennies dans ce qui \u00e9tait devenu une friche industrielle, les b\u00e2timents Milandri \u00e0 Dieulouard. Dans ces pi\u00e8ces \u00e0 l&rsquo;abandon, se trouvaient douze peintures r\u00e9alis\u00e9es par un soldat am\u00e9ricain \u00e0 la fibre artistique.<\/p>\n<div class=\"article-image__container\">\n<figure aria-hidden=\"true\"><picture><source srcset=\"https:\/\/france3-regions.francetvinfo.fr\/image\/g-LlA6dIaH6RDEGv4iCVsnBdhaU\/0x102:1950x1199\/800x450\/regions\/2022\/09\/16\/63244dcd90d0e_ivr41-20175410598nuc4a-1.jpg 600w, https:\/\/france3-regions.francetvinfo.fr\/image\/g-LlA6dIaH6RDEGv4iCVsnBdhaU\/0x102:1950x1199\/800x450\/regions\/2022\/09\/16\/63244dcd90d0e_ivr41-20175410598nuc4a-1.jpg 930w\" sizes=\"(max-width: 599px) 100vw, (min-width: 600px) 927px\" data-srcset=\"https:\/\/france3-regions.francetvinfo.fr\/image\/g-LlA6dIaH6RDEGv4iCVsnBdhaU\/0x102:1950x1199\/800x450\/regions\/2022\/09\/16\/63244dcd90d0e_ivr41-20175410598nuc4a-1.jpg 600w, https:\/\/france3-regions.francetvinfo.fr\/image\/g-LlA6dIaH6RDEGv4iCVsnBdhaU\/0x102:1950x1199\/800x450\/regions\/2022\/09\/16\/63244dcd90d0e_ivr41-20175410598nuc4a-1.jpg 930w\" data-sizes=\"(max-width: 599px) 100vw, (min-width: 600px) 927px\" \/><\/picture><figcaption><\/figcaption><\/figure>\n<\/div>\n<p>Le soldat am\u00e9ricain faisait vraisemblablement partie du 80\u00e8me bataillon de l&rsquo;arm\u00e9e du g\u00e9n\u00e9ral Patton qui a lib\u00e9r\u00e9 la commune de Dieulouard en 1944.<\/p>\n<blockquote class=\"ftvi_content_quote\">\n<p class=\"ftvi_citation_quote\">Nous aimerions retrouver la trace de ce soldat inconnu<\/p>\n<div><cite class=\"ftvi_citation_author\">Henri Poirson, maire de Dieulouard<\/cite><\/div>\n<\/blockquote>\n<div class=\"pic-embed-container\" contenteditable=\"false\"><\/div>\n<h2 class=\"subheader\">Une op\u00e9ration de sauvetage<\/h2>\n<p>C&rsquo;est seulement dans les ann\u00e9es 80 que ces fresques sont d\u00e9couvertes par la famille Milandri. Lors du d\u00e9p\u00f4t de bilan de l&rsquo;industriel en 2013, la mairie rach\u00e8te les terrains et le maire d\u00e9couvre ces \u0153uvres oubli\u00e9es de tous. Lors de la d\u00e9molition de la friche, l&rsquo;architecte des B\u00e2timents de France pr\u00e9vient le mus\u00e9e Lorrain. Le directeur se rend sur place en d\u00e9cembre 2020, c&rsquo;est l\u00e0 que l&rsquo;op\u00e9ration de sauvetage commence vraiment.<\/p>\n<p><a href=\"https:\/\/france3-regions.francetvinfo.fr\/grand-est\/meurthe-et-moselle\/nancy\/photos-seconde-guerre-mondiale-decouvrez-les-peintures-murales-d-un-soldat-americain-2615348.html?fbclid=IwAR3o4WZnYnx0LISHRRY2pinOnNjhnHdfPlui3bwFBieAyxF2NwUPjPNRQoI\" target=\"_blank\" rel=\"noopener\"><strong>LIRE LA SUITE<\/strong><\/a><\/p>\n","protected":false},"excerpt":{"rendered":"<p>\u00c0 Dieulouard, pr\u00e8s de Nancy, des peintures r\u00e9alis\u00e9es par un G.I. en 1944 ont pu \u00eatre sauv\u00e9es avant des travaux de d\u00e9molition dans une friche industrielle o\u00f9 elles se trouvaient. Ce vendredi soir un film \u00ab\u00a0Les am\u00e9ricains \u00e0 Dieulouard\u00a0\u00bb consacr\u00e9 \u00e0 cette op\u00e9ration de sauvetage sera projet\u00e9 au centre socio-culturel de la commune. Un tr\u00e9sor &hellip; <\/p>\n<p class=\"read-more\"><a class=\"btn btn-default\" href=\"http:\/\/jnr-cpl.com\/?p=5072\"> Read More<span class=\"screen-reader-text\">  Read More<\/span><\/a><\/p>\n","protected":false},"author":1,"featured_media":0,"comment_status":"closed","ping_status":"open","sticky":false,"template":"","format":"standard","meta":{"footnotes":""},"categories":[18],"tags":[],"class_list":["post-5072","post","type-post","status-publish","format-standard","hentry","category-actualite-de-la-resistance"],"_links":{"self":[{"href":"http:\/\/jnr-cpl.com\/index.php?rest_route=\/wp\/v2\/posts\/5072","targetHints":{"allow":["GET"]}}],"collection":[{"href":"http:\/\/jnr-cpl.com\/index.php?rest_route=\/wp\/v2\/posts"}],"about":[{"href":"http:\/\/jnr-cpl.com\/index.php?rest_route=\/wp\/v2\/types\/post"}],"author":[{"embeddable":true,"href":"http:\/\/jnr-cpl.com\/index.php?rest_route=\/wp\/v2\/users\/1"}],"replies":[{"embeddable":true,"href":"http:\/\/jnr-cpl.com\/index.php?rest_route=%2Fwp%2Fv2%2Fcomments&post=5072"}],"version-history":[{"count":1,"href":"http:\/\/jnr-cpl.com\/index.php?rest_route=\/wp\/v2\/posts\/5072\/revisions"}],"predecessor-version":[{"id":5093,"href":"http:\/\/jnr-cpl.com\/index.php?rest_route=\/wp\/v2\/posts\/5072\/revisions\/5093"}],"wp:attachment":[{"href":"http:\/\/jnr-cpl.com\/index.php?rest_route=%2Fwp%2Fv2%2Fmedia&parent=5072"}],"wp:term":[{"taxonomy":"category","embeddable":true,"href":"http:\/\/jnr-cpl.com\/index.php?rest_route=%2Fwp%2Fv2%2Fcategories&post=5072"},{"taxonomy":"post_tag","embeddable":true,"href":"http:\/\/jnr-cpl.com\/index.php?rest_route=%2Fwp%2Fv2%2Ftags&post=5072"}],"curies":[{"name":"wp","href":"https:\/\/api.w.org\/{rel}","templated":true}]}}