{"id":5036,"date":"2022-09-05T08:49:17","date_gmt":"2022-09-05T06:49:17","guid":{"rendered":"http:\/\/jnr-cpl.com\/?p=5036"},"modified":"2022-09-05T08:49:17","modified_gmt":"2022-09-05T06:49:17","slug":"lassociation-des-amis-du-musee-de-la-resistance-en-bretagne-aamrb-a-saint-marcel-morbihan","status":"publish","type":"post","link":"http:\/\/jnr-cpl.com\/?p=5036","title":{"rendered":"L&rsquo;ASSOCIATION des AMIS du MUSEE de la RESISTANCE en BRETAGNE (AAMRB) \u00e0 SAINT-MARCEL (MORBIHAN)"},"content":{"rendered":"<div class=\"jroqu855 nthtkgg5\">\n<div class=\"k1z55t6l tpi2lg9u oog5qr5w\">\n<div dir=\"ltr\"><span dir=\"ltr\"><span class=\"rse6dlih\"><a class=\"qi72231t nu7423ey n3hqoq4p r86q59rh b3qcqh3k fq87ekyn bdao358l fsf7x5fv rse6dlih s5oniofx m8h3af8h l7ghb35v kjdc1dyq kmwttqpk srn514ro oxkhqvkx rl78xhln nch0832m cr00lzj9 rn8ck1ys s3jn8y49 icdlwmnq cxfqmxzd pbevjfx6 innypi6y\" tabindex=\"0\" role=\"link\" href=\"https:\/\/www.facebook.com\/people\/Dominique-Fran%C3%A7ois-LE-Dortz\/100009274137601\/?__cft__[0]=AZVkSyU0rbPDYWtsxyB0o99a68bhRnNgY4MKwUgMVLWtvUJH-7bF_CgnHGzRXPHLs0hYaj1iM-Ar6UXa6zsMcuLnb5cS57sSqGLVTWr3QsCaXVMzEOCV3aqBaCVMET2y6thd-RENoGw-uufd4CFNDD8I2RCUVrtkqyvGkrlqJPfRr_SnCTufDFaI7exVHPRF9XXuwJ8MpqKsoPEdKkoevT_lTJohCuuY2pCIdGPcXJCWiLfBMSBwHJZ81a-Ezmz5YE6HdTbMUMyvCsMB2YoFaLNj&amp;__tn__=-UC%2CP-y-R\">Dominique Fran\u00e7ois LE Dortz<\/a><\/span><\/span><i class=\"gneimcpu oee9glnz\" data-visualcompletion=\"css-img\" aria-label=\"a publi\u00e9 sur\"><\/i><span dir=\"ltr\"><span class=\"rse6dlih\"><a class=\"qi72231t nu7423ey n3hqoq4p r86q59rh b3qcqh3k fq87ekyn bdao358l fsf7x5fv rse6dlih s5oniofx m8h3af8h l7ghb35v kjdc1dyq kmwttqpk srn514ro oxkhqvkx rl78xhln nch0832m cr00lzj9 rn8ck1ys s3jn8y49 icdlwmnq cxfqmxzd pbevjfx6 innypi6y\" tabindex=\"0\" role=\"link\" href=\"https:\/\/www.facebook.com\/groups\/537929633067167\/?__cft__[0]=AZVkSyU0rbPDYWtsxyB0o99a68bhRnNgY4MKwUgMVLWtvUJH-7bF_CgnHGzRXPHLs0hYaj1iM-Ar6UXa6zsMcuLnb5cS57sSqGLVTWr3QsCaXVMzEOCV3aqBaCVMET2y6thd-RENoGw-uufd4CFNDD8I2RCUVrtkqyvGkrlqJPfRr_SnCTufDFaI7exVHPRF9XXuwJ8MpqKsoPEdKkoevT_lTJohCuuY2pCIdGPcXJCWiLfBMSBwHJZ81a-Ezmz5YE6HdTbMUMyvCsMB2YoFaLNj&amp;__tn__=-UC%2CP-y-R\">Les Gendarmes dans la R\u00e9sistance<\/a><\/span><\/span><\/div>\n<\/div>\n<\/div>\n<div class=\"jroqu855 nthtkgg5\"><span class=\"gvxzyvdx aeinzg81 t7p7dqev gh25dzvf tb6i94ri gupuyl1y i2onq4tn b6ax4al1 gem102v4 ncib64c9 mrvwc6qr sx8pxkcf f597kf1v cpcgwwas f5mw3jnl szxhu1pg nfkogyam kkmhubc1 tes86rjd rtxb060y ztn2w49o\" dir=\"auto\"><span class=\"f7rl1if4 adechonz f6oz4yja dahkl6ri axrg9lpx rufpak1n qtovjlwq qbmienfq rfyhaz4c rdmi1yqr ohrdq8us nswx41af fawcizw8 l1aqi3e3 sdu1flz4\"><a class=\"qi72231t nu7423ey n3hqoq4p r86q59rh b3qcqh3k fq87ekyn bdao358l fsf7x5fv rse6dlih s5oniofx m8h3af8h l7ghb35v kjdc1dyq kmwttqpk srn514ro oxkhqvkx rl78xhln nch0832m cr00lzj9 rn8ck1ys s3jn8y49 icdlwmnq jxuftiz4 cxfqmxzd tes86rjd\" tabindex=\"0\" role=\"link\" href=\"https:\/\/www.facebook.com\/groups\/537929633067167\/posts\/1907238356136281\/?__cft__[0]=AZVkSyU0rbPDYWtsxyB0o99a68bhRnNgY4MKwUgMVLWtvUJH-7bF_CgnHGzRXPHLs0hYaj1iM-Ar6UXa6zsMcuLnb5cS57sSqGLVTWr3QsCaXVMzEOCV3aqBaCVMET2y6thd-RENoGw-uufd4CFNDD8I2RCUVrtkqyvGkrlqJPfRr_SnCTufDFaI7exVHPRF9XXuwJ8MpqKsoPEdKkoevT_lTJohCuuY2pCIdGPcXJCWiLfBMSBwHJZ81a-Ezmz5YE6HdTbMUMyvCsMB2YoFaLNj&amp;__tn__=%2CO%2CP-y-R\" aria-label=\"le 29 ao\u00fbt \u00e0 22:44\">le 29 ao\u00fbt \u00e0 22:44<\/a><\/span><span class=\"cuenuc4f\"><span class=\"rfd0zzc9 s8sjc6am hf30pyar lq84ybu9 ebnioo9u spvqvc9t\">\u00a0<\/span><span aria-hidden=\"true\"> \u00b7 <\/span><\/span><\/span><\/div>\n<div><\/div>\n<div class=\"\" dir=\"auto\">\n<div class=\"\" dir=\"auto\">\n<div class=\"gt60zsk1 ez8dtbzv r227ecj6 d2hqwtrz\">\n<div class=\"mfn553m3\"><span class=\"gvxzyvdx aeinzg81 t7p7dqev gh25dzvf tb6i94ri gupuyl1y i2onq4tn k1z55t6l oog5qr5w tes86rjd pbevjfx6\">Le POLE MEMORIEL LGDLR\u00a0 <\/span><span class=\"gvxzyvdx aeinzg81 t7p7dqev gh25dzvf tb6i94ri gupuyl1y i2onq4tn k1z55t6l oog5qr5w tes86rjd pbevjfx6\">informe ceux qui seraient domicili\u00e9s dans l&rsquo;Ouest breton ou qui se trouveraient \u00e0 y s\u00e9journer aux dates indiqu\u00e9es<\/span><\/div>\n<div class=\"mfn553m3\"><span class=\"gvxzyvdx aeinzg81 t7p7dqev gh25dzvf tb6i94ri gupuyl1y i2onq4tn k1z55t6l oog5qr5w tes86rjd pbevjfx6\">qu&rsquo;apr\u00e8s des ann\u00e9es de recherches et de travaux et plusieurs semaines de pr\u00e9paration, dans le cadre des<\/span><\/div>\n<div><\/div>\n<div class=\"mfn553m3\"><span class=\"gvxzyvdx aeinzg81 t7p7dqev gh25dzvf tb6i94ri gupuyl1y i2onq4tn k1z55t6l oog5qr5w tes86rjd pbevjfx6\"><b>JOURNEES du PATRIMOINE du 17 et 18 septembre 2022,\u00a0 <\/b><\/span><span class=\"gvxzyvdx aeinzg81 t7p7dqev gh25dzvf tb6i94ri gupuyl1y i2onq4tn k1z55t6l oog5qr5w tes86rjd pbevjfx6\">l&rsquo;<b>ASSOCIATION des AMIS du MUSEE de la RESISTANCE en BRETAGNE (AAMRB) \u00e0 SAINT-MARCEL (MORBIHAN)<\/b><\/span><\/div>\n<div><\/div>\n<div class=\"mfn553m3\"><span class=\"gvxzyvdx aeinzg81 t7p7dqev gh25dzvf tb6i94ri gupuyl1y i2onq4tn k1z55t6l oog5qr5w tes86rjd pbevjfx6\">sous la direction de son Pr\u00e9sident Jean Claude LOUARN, fils de l&rsquo;Adjudant Jean LOUARN, commandant la brigade de Josselin, Capitaine FFI pr\u00e9sent au combat de SAINT-MARCEL le 18 juin 1944, et la r\u00e9alisation du comit\u00e9 histoire pour la Gendarmerie, le Major (R) GIE, Philipe BRUNET, r\u00e9f\u00e9rent salle tradition GUILLO et LOUARN, des gendarmes r\u00e9sistants du Morbihan, caserne GUILLAUDOT \u00e0 VANNES et le Mdl\/Chef (R) GIE Dominique LE DORTZ, d\u00e9l\u00e9gu\u00e9 pour la Gendarmerie Nationale et le Morbihan de l&rsquo;Association des Descendants des M\u00e9daill\u00e9s de la R\u00e9sistance Fran\u00e7aise (ANDMRF) aupr\u00e8s de l&rsquo;Ordre de la Lib\u00e9ration, association partenaire de l&rsquo;exposition: <\/span><\/div>\n<div><\/div>\n<div class=\"mfn553m3\"><span class=\"gvxzyvdx aeinzg81 t7p7dqev gh25dzvf tb6i94ri gupuyl1y i2onq4tn k1z55t6l oog5qr5w tes86rjd pbevjfx6\">Pr\u00e9sentera l&rsquo;exposition suivante:<\/span><\/div>\n<div><\/div>\n<div class=\"mfn553m3\"><span class=\"gvxzyvdx aeinzg81 t7p7dqev gh25dzvf tb6i94ri gupuyl1y i2onq4tn k1z55t6l oog5qr5w tes86rjd pbevjfx6\"><b>\u00a0\u00bbGENDARMES au COMBAT \u00e0 SAINT-MARCEL\u00a0\u00bb<\/b> <\/span><\/div>\n<div><\/div>\n<div class=\"mfn553m3\"><span class=\"gvxzyvdx aeinzg81 t7p7dqev gh25dzvf tb6i94ri gupuyl1y i2onq4tn k1z55t6l oog5qr5w tes86rjd pbevjfx6\">1940\/1942 le commandant GUILLAUDOT et les soldats bleus dans l&rsquo;ombre.<\/span><\/div>\n<div class=\"mfn553m3\"><span class=\"gvxzyvdx aeinzg81 t7p7dqev gh25dzvf tb6i94ri gupuyl1y i2onq4tn k1z55t6l oog5qr5w tes86rjd pbevjfx6\">1943 le temps de la clandestinit\u00e9 et des r\u00e9seaux, des premi\u00e8res arrestations. <\/span><\/div>\n<div class=\"mfn553m3\"><span class=\"gvxzyvdx aeinzg81 t7p7dqev gh25dzvf tb6i94ri gupuyl1y i2onq4tn k1z55t6l oog5qr5w tes86rjd pbevjfx6\">1944 le temps du maquis, des combats et de la Lib\u00e9ration. <\/span><\/div>\n<div class=\"mfn553m3\"><span class=\"gvxzyvdx aeinzg81 t7p7dqev gh25dzvf tb6i94ri gupuyl1y i2onq4tn k1z55t6l oog5qr5w tes86rjd pbevjfx6\">1945 Honneur aux combattants, \u00e0 ceux d\u00e9port\u00e9s et ceux Morts pour la France. <\/span><\/div>\n<div class=\"mfn553m3\"><span class=\"gvxzyvdx aeinzg81 t7p7dqev gh25dzvf tb6i94ri gupuyl1y i2onq4tn k1z55t6l oog5qr5w tes86rjd pbevjfx6\">qui se tiendra dans le <b>MUSEE de la RESISTANCE en BRETAGNE<\/b> \u00e0 cette occasion.<\/span><\/div>\n<div><\/div>\n<div class=\"mfn553m3\"><span class=\"gvxzyvdx aeinzg81 t7p7dqev gh25dzvf tb6i94ri gupuyl1y i2onq4tn k1z55t6l oog5qr5w tes86rjd pbevjfx6\">N.B : CETTE EXPOSITION DEVRAIT SE PROLONGER AU DELA DES JOURNEES DU PATRIMOINE. <\/span><\/div>\n<\/div>\n<\/div>\n<\/div>\n","protected":false},"excerpt":{"rendered":"<p>Dominique Fran\u00e7ois LE DortzLes Gendarmes dans la R\u00e9sistance le 29 ao\u00fbt \u00e0 22:44\u00a0 \u00b7 Le POLE MEMORIEL LGDLR\u00a0 informe ceux qui seraient domicili\u00e9s dans l&rsquo;Ouest breton ou qui se trouveraient \u00e0 y s\u00e9journer aux dates indiqu\u00e9es qu&rsquo;apr\u00e8s des ann\u00e9es de recherches et de travaux et plusieurs semaines de pr\u00e9paration, dans le cadre des JOURNEES du &hellip; <\/p>\n<p class=\"read-more\"><a class=\"btn btn-default\" href=\"http:\/\/jnr-cpl.com\/?p=5036\"> Read More<span class=\"screen-reader-text\">  Read More<\/span><\/a><\/p>\n","protected":false},"author":1,"featured_media":0,"comment_status":"closed","ping_status":"open","sticky":false,"template":"","format":"standard","meta":{"footnotes":""},"categories":[18],"tags":[],"class_list":["post-5036","post","type-post","status-publish","format-standard","hentry","category-actualite-de-la-resistance"],"_links":{"self":[{"href":"http:\/\/jnr-cpl.com\/index.php?rest_route=\/wp\/v2\/posts\/5036","targetHints":{"allow":["GET"]}}],"collection":[{"href":"http:\/\/jnr-cpl.com\/index.php?rest_route=\/wp\/v2\/posts"}],"about":[{"href":"http:\/\/jnr-cpl.com\/index.php?rest_route=\/wp\/v2\/types\/post"}],"author":[{"embeddable":true,"href":"http:\/\/jnr-cpl.com\/index.php?rest_route=\/wp\/v2\/users\/1"}],"replies":[{"embeddable":true,"href":"http:\/\/jnr-cpl.com\/index.php?rest_route=%2Fwp%2Fv2%2Fcomments&post=5036"}],"version-history":[{"count":1,"href":"http:\/\/jnr-cpl.com\/index.php?rest_route=\/wp\/v2\/posts\/5036\/revisions"}],"predecessor-version":[{"id":5041,"href":"http:\/\/jnr-cpl.com\/index.php?rest_route=\/wp\/v2\/posts\/5036\/revisions\/5041"}],"wp:attachment":[{"href":"http:\/\/jnr-cpl.com\/index.php?rest_route=%2Fwp%2Fv2%2Fmedia&parent=5036"}],"wp:term":[{"taxonomy":"category","embeddable":true,"href":"http:\/\/jnr-cpl.com\/index.php?rest_route=%2Fwp%2Fv2%2Fcategories&post=5036"},{"taxonomy":"post_tag","embeddable":true,"href":"http:\/\/jnr-cpl.com\/index.php?rest_route=%2Fwp%2Fv2%2Ftags&post=5036"}],"curies":[{"name":"wp","href":"https:\/\/api.w.org\/{rel}","templated":true}]}}