{"id":5035,"date":"2022-09-05T08:48:14","date_gmt":"2022-09-05T06:48:14","guid":{"rendered":"http:\/\/jnr-cpl.com\/?p=5035"},"modified":"2022-09-05T08:48:14","modified_gmt":"2022-09-05T06:48:14","slug":"texte-de-lintervention-du-comite-parisien-de-la-liberation","status":"publish","type":"post","link":"http:\/\/jnr-cpl.com\/?p=5035","title":{"rendered":"Texte de l&rsquo;intervention du Comit\u00e9 Parisien de la Lib\u00e9ration"},"content":{"rendered":"<div class=\"h07fizzr nuz1ool1 alzwoclg\">\n<div class=\"bis24fgy nq2b4knc\">\n<h3 class=\"jxuftiz4 jwegzro5 hl4rid49 icdlwmnq i0rxk2l3 ztn2w49o\"><span class=\"rse6dlih\"><a class=\"qi72231t nu7423ey n3hqoq4p r86q59rh b3qcqh3k fq87ekyn bdao358l fsf7x5fv rse6dlih s5oniofx m8h3af8h l7ghb35v kjdc1dyq kmwttqpk srn514ro oxkhqvkx rl78xhln nch0832m cr00lzj9 rn8ck1ys s3jn8y49 icdlwmnq cxfqmxzd pbevjfx6 innypi6y\" tabindex=\"0\" role=\"link\" href=\"https:\/\/www.facebook.com\/ghyyduphareouest?__cft__[0]=AZUOkjYVjfE7PAggZWqXjZV9ZQE4iPXxTv1sUFWUpY0u7Fe_5UwAzYjrXsQSu4vLwqVemwTu3sEbRA7N_x68MY9NQ_J1Y9bKQMBSh19RcU_9YtB3BCBXJdVq_RXmmL8JbtsaQtsVOMgmnfVLCWm8gu1vPLoGwb7stohxnqdWqQdMaoMh4zNZrmngoIR-aIHLblUs1qs4RWWkaUf6aje1NC4iopCcIoyZxI5535ibtjuUWw&amp;__tn__=-UC%2CP-y-R\"><strong>Guy Hervy<\/strong><\/a><\/span><\/h3>\n<\/div>\n<\/div>\n<div class=\"cgu29s5g\">\n<div class=\"alzwoclg cqf1kptm siwo0mpr gu5uzgus\">\n<div class=\"jroqu855 nthtkgg5\"><span class=\"gvxzyvdx aeinzg81 t7p7dqev gh25dzvf tb6i94ri gupuyl1y i2onq4tn b6ax4al1 gem102v4 ncib64c9 mrvwc6qr sx8pxkcf f597kf1v cpcgwwas f5mw3jnl szxhu1pg nfkogyam kkmhubc1 tes86rjd rtxb060y ztn2w49o\" dir=\"auto\"><span class=\"f7rl1if4 adechonz f6oz4yja dahkl6ri axrg9lpx rufpak1n qtovjlwq qbmienfq rfyhaz4c rdmi1yqr ohrdq8us nswx41af fawcizw8 l1aqi3e3 sdu1flz4\"><a class=\"qi72231t nu7423ey n3hqoq4p r86q59rh b3qcqh3k fq87ekyn bdao358l fsf7x5fv rse6dlih s5oniofx m8h3af8h l7ghb35v kjdc1dyq kmwttqpk srn514ro oxkhqvkx rl78xhln nch0832m cr00lzj9 rn8ck1ys s3jn8y49 icdlwmnq jxuftiz4 cxfqmxzd tes86rjd\" tabindex=\"0\" role=\"link\" href=\"https:\/\/www.facebook.com\/ghyyduphareouest\/posts\/pfbid02qEKKP3KzU2bqRr7MK77QL3W5APJSRpBkycTok9MXaLufLuX7uF2cMoxYqXqqXbMyl?__cft__[0]=AZUOkjYVjfE7PAggZWqXjZV9ZQE4iPXxTv1sUFWUpY0u7Fe_5UwAzYjrXsQSu4vLwqVemwTu3sEbRA7N_x68MY9NQ_J1Y9bKQMBSh19RcU_9YtB3BCBXJdVq_RXmmL8JbtsaQtsVOMgmnfVLCWm8gu1vPLoGwb7stohxnqdWqQdMaoMh4zNZrmngoIR-aIHLblUs1qs4RWWkaUf6aje1NC4iopCcIoyZxI5535ibtjuUWw&amp;__tn__=%2CO%2CP-y-R\" aria-label=\"le 26 ao\u00fbt \u00e0 16:53\">le 26 ao\u00fbt \u00e0 16:53<\/a><\/span><span class=\"cuenuc4f\"><span class=\"rfd0zzc9 s8sjc6am hf30pyar lq84ybu9 ebnioo9u spvqvc9t\">\u00a0<\/span><span aria-hidden=\"true\"> \u00b7 <\/span><\/span><\/span><\/div>\n<\/div>\n<\/div>\n<div class=\"rj2hsocd\" dir=\"auto\">\n<div class=\"\" dir=\"auto\">\n<div class=\"d2hqwtrz r227ecj6 gt60zsk1 o9wcebwi\" data-ad-comet-preview=\"message\" data-ad-preview=\"message\">\n<div class=\"alzwoclg cqf1kptm siwo0mpr gu5uzgus\">\n<div class=\"jroqu855 nthtkgg5\">\n<div class=\"m8h3af8h l7ghb35v kjdc1dyq kmwttqpk gh25dzvf n3t5jt4f\">\n<div dir=\"auto\">Parce qu&rsquo;il faut en finir avec les l\u00e9gendes r\u00e9visionistes sur l&rsquo;histoire de la lib\u00e9ration de Paris, voici le texte de l&rsquo;intervention du Comit\u00e9 Parisien de la Lib\u00e9ration que j&rsquo;ai eu l&rsquo;honneur de faire lors de la comm\u00e9moration du 78e anniversaire de la Lib\u00e9ration de Paris :<\/div>\n<\/div>\n<div class=\"l7ghb35v kjdc1dyq kmwttqpk gh25dzvf jikcssrz n3t5jt4f\">\n<div dir=\"auto\">GARE MONTPARNASSE \u2013 25 AO\u00dbT 2022 \u2013 DISCOURS CPL &#8211;<\/div>\n<\/div>\n<div class=\"l7ghb35v kjdc1dyq kmwttqpk gh25dzvf jikcssrz n3t5jt4f\">\n<div dir=\"auto\">\u2022 Mesdames et messieurs les repr\u00e9sentants de l\u2019\u00c9tat<\/div>\n<div dir=\"auto\">\u2022 Mesdames et messieurs les parlementaires<\/div>\n<div dir=\"auto\">\u2022 Mesdames et Messieurs les repr\u00e9sentants et \u00e9lu-e-s de la r\u00e9gion<\/div>\n<div dir=\"auto\">\u2022 Madame la Maire de Paris et les \u00e9lu-e-s des conseils de Paris et de ses arrondissements<\/div>\n<div dir=\"auto\">\u2022 Mesdames et messieurs les repr\u00e9sentants des associations m\u00e9morielles et patriotiques,<\/div>\n<div dir=\"auto\">\u2022 Cher-e-s ami-e-s et camarades,<\/div>\n<\/div>\n<div class=\"l7ghb35v kjdc1dyq kmwttqpk gh25dzvf jikcssrz n3t5jt4f\">\n<div dir=\"auto\">Ici m\u00eame, dans l\u2019ancienne gare Montparnasse, le 25 ao\u00fbt 1944 \u00e0 15h30, face au G\u00e9n\u00e9ral Leclerc et au colonel Rol, la reddition du g\u00e9n\u00e9ral nazi von Choltitz met fin \u00e0 une semaine h\u00e9ro\u00efque pour les insurg\u00e9s parisiens enfin renforc\u00e9s par la 2e DB et l\u2019arm\u00e9e am\u00e9ricaine.<\/div>\n<\/div>\n<div class=\"l7ghb35v kjdc1dyq kmwttqpk gh25dzvf jikcssrz n3t5jt4f\">\n<div dir=\"auto\">Les premiers avaient tenu bon, les seconds \u00e9taient enfin arriv\u00e9s.<\/div>\n<\/div>\n<div class=\"l7ghb35v kjdc1dyq kmwttqpk gh25dzvf jikcssrz n3t5jt4f\">\n<div dir=\"auto\">Une semaine terrible \u00e9galement pour la population de la ville et du d\u00e9partement de la Seine.<\/div>\n<\/div>\n<div class=\"l7ghb35v kjdc1dyq kmwttqpk gh25dzvf jikcssrz n3t5jt4f\">\n<div dir=\"auto\">Celui qui capitule, Dietrich Von Choltitz, a pris son commandement du Gro\u03b2 Paris le 7 ao\u00fbt. Sa feuille de route dict\u00e9e par Hitler lui-m\u00eame indique entre autre :<\/div>\n<\/div>\n<div class=\"l7ghb35v kjdc1dyq kmwttqpk gh25dzvf jikcssrz n3t5jt4f\">\n<div dir=\"auto\">\u00ab\u00a0Le territoire doit \u00eatre prot\u00e9g\u00e9 contre tout acte de la R\u00e9sistance.<\/div>\n<div dir=\"auto\">Le g\u00e9n\u00e9ral commandant en chef dispose de l&rsquo;autorit\u00e9 sur toutes les troupes, SS comprises &#8230;<\/div>\n<div dir=\"auto\">\u2026 Il re\u00e7oit les pouvoirs juridictionnels d&rsquo;un \u00ab commandant de place forte assi\u00e9g\u00e9e\u00a0\u00bb.<\/div>\n<\/div>\n<div class=\"l7ghb35v kjdc1dyq kmwttqpk gh25dzvf jikcssrz n3t5jt4f\">\n<div dir=\"auto\">Quant aux ordres qu\u2019il re\u00e7oit, ils sont aussi brefs que clairs :\u00ab r\u00e9primer, par tous les moyens et, si besoin, sans piti\u00e9 \u00bb<\/div>\n<\/div>\n<div class=\"l7ghb35v kjdc1dyq kmwttqpk gh25dzvf jikcssrz n3t5jt4f\">\n<div dir=\"auto\">Le Commandant en chef du Grand Paris a sous ses ordres toutes les forces militaires et polici\u00e8res qui du 9 au 25 ao\u00fbt vont multiplier exactions et crimes de guerre (Wehrmacht, Luftwaffe, policiers allemands et fran\u00e7ais du SIPO-SD et de la Gestapo).<\/div>\n<\/div>\n<div class=\"l7ghb35v kjdc1dyq kmwttqpk gh25dzvf jikcssrz n3t5jt4f\">\n<div dir=\"auto\">Par avance, cette politique de terreur est absoute par P\u00e9tain qui, d\u00e8s le 6 juin, d\u00e9clare aux fran\u00e7ais, je cite :<\/div>\n<\/div>\n<div class=\"l7ghb35v kjdc1dyq kmwttqpk gh25dzvf jikcssrz n3t5jt4f\">\n<div dir=\"auto\">\u00ab Les circonstances de la bataille pourront conduire l\u2019arm\u00e9e allemande \u00e0 prendre des dispositions sp\u00e9ciales dans les zones de combat. Acceptez cette n\u00e9cessit\u00e9 \u00bb.<\/div>\n<\/div>\n<div class=\"l7ghb35v kjdc1dyq kmwttqpk gh25dzvf jikcssrz n3t5jt4f\">\n<div dir=\"auto\">Les polices parall\u00e8les, la milice, les diverses officines de la collaboration de l\u2019\u00c9tat fran\u00e7ais p\u00e9tainiste sont mises \u00e0 disposition de l\u2019occupant. Et les derniers miliciens seront nombreux parmi les tireurs des toits de la rue de Rivoli et de Notre Dame, le 26 ao\u00fbt.<\/div>\n<\/div>\n<div class=\"l7ghb35v kjdc1dyq kmwttqpk gh25dzvf jikcssrz n3t5jt4f\">\n<div dir=\"auto\">Un sinistre \u00e9ph\u00e9m\u00e9ride \u00e9gr\u00e8ne la longue liste des dizaines d\u2019ex\u00e9cutions sommaires, des massacres de r\u00e9sistants, d\u2019otages et de civils, commis par les forces occupantes appliquant les ordres de von Choltitz :<\/div>\n<\/div>\n<div class=\"l7ghb35v kjdc1dyq kmwttqpk gh25dzvf jikcssrz n3t5jt4f\">\n<div dir=\"auto\">Champ de mars et jardin du Luxembourg \u00e0 Paris, forts de Vincennes et de Romainville, Ivry-sur-Seine, Pavillons-sous-Bois, Cr\u00e9teil, Pierrefitte, Villemomble, Gagny, Le Raincy, Oissery, Authon-la-Plaine, Chelles, Domont, Arbonne, Ch\u00e2tenay-Malabry, Chatou, etc.<\/div>\n<\/div>\n<div class=\"l7ghb35v kjdc1dyq kmwttqpk gh25dzvf jikcssrz n3t5jt4f\">\n<div dir=\"auto\">Le 15 ao\u00fbt, veille du massacre des 35 jeunes r\u00e9sistants \u00e0 la Cascade du bois de Boulogne et des 7 de la rue Leroux dans le seizi\u00e8me arrondissement de la capitale, 3 000 r\u00e9sistantes et r\u00e9sistants, extraits des prisons parisiennes, sont d\u00e9port\u00e9s \u00e0 Buchenwald et \u00e0 Ravensbr\u00fcck. Moins de 15 % d\u2019entre eux en reviendront.<\/div>\n<\/div>\n<div class=\"l7ghb35v kjdc1dyq kmwttqpk gh25dzvf jikcssrz n3t5jt4f\">\n<div dir=\"auto\">Le 17 ao\u00fbt, 100 r\u00e9sistantes partent de Compi\u00e8gne pour Ravensbr\u00fcck. 51 autres, qu\u2019ils soient juifs ou r\u00e9sistants, sont entass\u00e9s dans un wagon accroch\u00e9 au train d\u2019Alo\u00efs Bruner partent de Drancy et roulent vers les camps de concentration.<\/div>\n<\/div>\n<div class=\"l7ghb35v kjdc1dyq kmwttqpk gh25dzvf jikcssrz n3t5jt4f\">\n<div dir=\"auto\">Le 18 ao\u00fbt, ce sont 1 251 r\u00e9sistants qui quittent Compi\u00e8gne pour Buchenwald.<\/div>\n<\/div>\n<div class=\"l7ghb35v kjdc1dyq kmwttqpk gh25dzvf jikcssrz n3t5jt4f\">\n<div dir=\"auto\">\u00ab\u00a0Le 19 ao\u00fbt contre l\u2019avis du Comit\u00e9 Parisien de la Lib\u00e9ration, pr\u00e9sid\u00e9 par Andr\u00e9 Tollet et du chef d\u2019\u00e9tat major des FFI d\u2019\u00cele de France, le colonel Rol-Tanguy, une tr\u00eave est n\u00e9goci\u00e9e par Raoul Nordling consul de Su\u00e8de, mais avant tout, repr\u00e9sentant en France de la firme SKF, gros fournisseur de l\u2019arm\u00e9e allemande.<\/div>\n<\/div>\n<div class=\"l7ghb35v kjdc1dyq kmwttqpk gh25dzvf jikcssrz n3t5jt4f\">\n<div dir=\"auto\">Pris dans la nasse des barricades de l\u2019insurrection parisienne, des combats de rue qui se multiplient et ne disposant pas des renforts demand\u00e9s &#8211; mais surtout voulant sauver sa vie &#8211; le commandant du Gross Paris, n\u2019a plus les moyens d\u2019ex\u00e9cuter les ordres du F\u00fchrer. Il ne pourra pas d\u00e9truire la ville !<\/div>\n<\/div>\n<div class=\"l7ghb35v kjdc1dyq kmwttqpk gh25dzvf jikcssrz n3t5jt4f\">\n<div dir=\"auto\">Pour autant Von Choltitz persiste. Pr\u00e8s de la gare de Lyon, deux jeunes gens sont fusill\u00e9s par les Allemands parce que l\u2019un d\u2019eux arborait un brassard FFI. A l\u2019angle de la rue Lafayette et de la rue Cadet, un porteur du journal \u00ab Ce soir \u00bb, Verdi\u00e8re, est arr\u00eat\u00e9, emmen\u00e9 au Bois de Boulogne et fusill\u00e9. Place St Augustin, devant le cercle militaire, tout porteur de brassard est aussit\u00f4t fusill\u00e9.<\/div>\n<\/div>\n<div class=\"l7ghb35v kjdc1dyq kmwttqpk gh25dzvf jikcssrz n3t5jt4f\">\n<div dir=\"auto\">L\u2019entr\u00e9e de la colonne Dronne, le 24 ao\u00fbt au soir puis, le lendemain, l\u2019arriv\u00e9e de toute la 2e DB, va contraindre von Choltitz \u00e0 se rendre, non sans de durs combats m\u00ealant dans l\u2019\u00e9preuve FFI et soldats de Leclerc.<\/div>\n<\/div>\n<div class=\"l7ghb35v kjdc1dyq kmwttqpk gh25dzvf jikcssrz n3t5jt4f\">\n<div dir=\"auto\">Dans l\u2019ancienne gare Montparnasse, il remet sa capitulation entre les mains du vainqueur de Koufra, acte majeur de la VICTOIRE des FFL sur l\u2019Afrika Korps et celles du commandant de l\u2019insurrection populaire en IdF. Cela en pr\u00e9sence du COMAC, le commandement militaire du Conseil National de la R\u00e9sistance et du repr\u00e9sentant du g\u00e9n\u00e9ral De Gaulle, chef de la France Libre.<\/div>\n<\/div>\n<div class=\"l7ghb35v kjdc1dyq kmwttqpk gh25dzvf jikcssrz n3t5jt4f\">\n<div dir=\"auto\">Rappeler ces \u00e9v\u00e9nements permet d\u2019en finir avec l\u2019image de l\u2019officier nazi, \u00absauveur\u00bb de Paris, une l\u00e9gende qu\u2019il a tent\u00e9 de se forger apr\u00e8s guerre et qui fut parfois reprise avec l\u00e9g\u00e8ret\u00e9 par quelques chroniqueurs.<\/div>\n<\/div>\n<div class=\"l7ghb35v kjdc1dyq kmwttqpk gh25dzvf jikcssrz n3t5jt4f\">\n<div dir=\"auto\">Du village tourangeau de Maill\u00e9, ce m\u00eame 25 ao\u00fbt 44, aux poches de l\u2019atlantique le 9 mai 45, la barbarie nazie perdurera encore de longues semaines.<\/div>\n<\/div>\n<div class=\"l7ghb35v kjdc1dyq kmwttqpk gh25dzvf jikcssrz n3t5jt4f\">\n<div dir=\"auto\">Mais ce moment historique, en ces lieux m\u00eames, au c\u0153ur de la capitale fran\u00e7aise, marque la victoire de la libert\u00e9, de la d\u00e9mocratie et des peuples unis contre le fascisme. Et Paris en devient le symbole ! \u00ab\u00a0<\/div>\n<\/div>\n<\/div>\n<\/div>\n<\/div>\n<\/div>\n<\/div>\n","protected":false},"excerpt":{"rendered":"<p>Guy Hervy le 26 ao\u00fbt \u00e0 16:53\u00a0 \u00b7 Parce qu&rsquo;il faut en finir avec les l\u00e9gendes r\u00e9visionistes sur l&rsquo;histoire de la lib\u00e9ration de Paris, voici le texte de l&rsquo;intervention du Comit\u00e9 Parisien de la Lib\u00e9ration que j&rsquo;ai eu l&rsquo;honneur de faire lors de la comm\u00e9moration du 78e anniversaire de la Lib\u00e9ration de Paris : GARE &hellip; <\/p>\n<p class=\"read-more\"><a class=\"btn btn-default\" href=\"http:\/\/jnr-cpl.com\/?p=5035\"> Read More<span class=\"screen-reader-text\">  Read More<\/span><\/a><\/p>\n","protected":false},"author":1,"featured_media":0,"comment_status":"closed","ping_status":"open","sticky":false,"template":"","format":"standard","meta":{"footnotes":""},"categories":[18],"tags":[],"class_list":["post-5035","post","type-post","status-publish","format-standard","hentry","category-actualite-de-la-resistance"],"_links":{"self":[{"href":"http:\/\/jnr-cpl.com\/index.php?rest_route=\/wp\/v2\/posts\/5035","targetHints":{"allow":["GET"]}}],"collection":[{"href":"http:\/\/jnr-cpl.com\/index.php?rest_route=\/wp\/v2\/posts"}],"about":[{"href":"http:\/\/jnr-cpl.com\/index.php?rest_route=\/wp\/v2\/types\/post"}],"author":[{"embeddable":true,"href":"http:\/\/jnr-cpl.com\/index.php?rest_route=\/wp\/v2\/users\/1"}],"replies":[{"embeddable":true,"href":"http:\/\/jnr-cpl.com\/index.php?rest_route=%2Fwp%2Fv2%2Fcomments&post=5035"}],"version-history":[{"count":1,"href":"http:\/\/jnr-cpl.com\/index.php?rest_route=\/wp\/v2\/posts\/5035\/revisions"}],"predecessor-version":[{"id":5040,"href":"http:\/\/jnr-cpl.com\/index.php?rest_route=\/wp\/v2\/posts\/5035\/revisions\/5040"}],"wp:attachment":[{"href":"http:\/\/jnr-cpl.com\/index.php?rest_route=%2Fwp%2Fv2%2Fmedia&parent=5035"}],"wp:term":[{"taxonomy":"category","embeddable":true,"href":"http:\/\/jnr-cpl.com\/index.php?rest_route=%2Fwp%2Fv2%2Fcategories&post=5035"},{"taxonomy":"post_tag","embeddable":true,"href":"http:\/\/jnr-cpl.com\/index.php?rest_route=%2Fwp%2Fv2%2Ftags&post=5035"}],"curies":[{"name":"wp","href":"https:\/\/api.w.org\/{rel}","templated":true}]}}