{"id":5024,"date":"2022-06-27T10:54:53","date_gmt":"2022-06-27T08:54:53","guid":{"rendered":"http:\/\/jnr-cpl.com\/?p=5024"},"modified":"2022-06-27T10:54:53","modified_gmt":"2022-06-27T08:54:53","slug":"presentation-de-lexposition-virtuelle-juifs-resistants-combattants","status":"publish","type":"post","link":"http:\/\/jnr-cpl.com\/?p=5024","title":{"rendered":"Pr\u00e9sentation de l&rsquo;exposition virtuelle \u00ab\u00a0Juifs, r\u00e9sistants, combattants\u00a0\u00bb"},"content":{"rendered":"<div class=\"rq0escxv d2edcug0 ecyo15nh k387qaup r24q5c3a hv4rvrfc dati1w0a aov4n071\">\n<div class=\"rq0escxv l9j0dhe7 du4w35lb pfnyh3mw gs1a9yip j83agx80 btwxx1t3 lhclo0ds taijpn5t sv5sfqaa o22cckgh obtkqiv7 fop5sh7t\">\n<div class=\"rq0escxv l9j0dhe7 du4w35lb hpfvmrgz buofh1pr g5gj957u aov4n071 oi9244e8 bi6gxh9e h676nmdw aghb5jc5 d8ncny3e d2edcug0\"><\/div>\n<\/div>\n<\/div>\n<div class=\"dati1w0a hv4rvrfc osnr6wyh\">\n<div class=\"btwxx1t3 j83agx80 cwj9ozl2\">\n<div class=\"j83agx80 cbu4d94t ew0dbk1b irj2b8pg\">\n<div class=\"qzhwtbm6 knvmm38d\"><\/div>\n<\/div>\n<\/div>\n<\/div>\n<div class=\"\" dir=\"auto\">\n<div class=\"\" dir=\"auto\">\n<div class=\"ecm0bbzt hv4rvrfc ihqw7lf3 dati1w0a\" data-ad-comet-preview=\"message\" data-ad-preview=\"message\">\n<div class=\"j83agx80 cbu4d94t ew0dbk1b irj2b8pg\">\n<div class=\"qzhwtbm6 knvmm38d\">\n<div class=\"kvgmc6g5 cxmmr5t8 oygrvhab hcukyx3x c1et5uql ii04i59q\">\n<div dir=\"auto\">A l&rsquo;occasion de la pr\u00e9sentation le 30 juin prochain de l&rsquo;exposition virtuelle \u00ab\u00a0Juifs, r\u00e9sistants, combattants\u00a0\u00bb du Mus\u00e9e de la R\u00e9sistance en ligne, nous vous proposons au cours des prochains jours de d\u00e9couvrir quelques unes des notices qui y sont pr\u00e9sent\u00e9es.<\/div>\n<\/div>\n<div class=\"cxmmr5t8 oygrvhab hcukyx3x c1et5uql o9v6fnle ii04i59q\">\n<div dir=\"auto\">\u00ab\u00a0Le mouvement de jeunesse sioniste (MJS)\u00a0\u00bb par Fabrice Bourr\u00e9e<\/div>\n<\/div>\n<div class=\"cxmmr5t8 oygrvhab hcukyx3x c1et5uql o9v6fnle ii04i59q\">\n<div dir=\"auto\">Apr\u00e8s la d\u00e9faite, les dirigeants des multiples organisations sionistes se replient en zone sud. Joseph Fischer, commissaire g\u00e9n\u00e9ral du Keren Kayemeth en France (fonds national juif) lance alors un appel \u00e0 tous les responsables sionistes en vue l\u2019instauration d\u2019une politique commune aux diff\u00e9rentes organisations sionistes. En d\u00e9cembre 1941, les dirigeants de la F\u00e9d\u00e9ration de la Jeunesse sioniste se r\u00e9unissent \u00e0 Lyon, \u00e0 la brasserie Georges, sous la direction de Simon Levitte et en pr\u00e9sence de Joseph Fischer. C\u2019est au cours de cette r\u00e9union qu\u2019est d\u00e9cid\u00e9e la cr\u00e9ation d\u2019un mouvement unique avec pour objectif de \u00ab rassembler les jeunes Juifs dans un esprit de r\u00e9sistance morale par l\u2019\u00e9ducation, par la connaissance du juda\u00efsme et par une fraternit\u00e9 d\u2019id\u00e9al sioniste \u00bb. La pr\u00e9sidence du mouvement est confi\u00e9e \u00e0 Dika Jefroykin avec Simon Levitte comme secr\u00e9taire g\u00e9n\u00e9ral. Son financement est au d\u00e9part assur\u00e9 par la F\u00e9d\u00e9ration de la Jeunesse sioniste.<\/div>\n<\/div>\n<div class=\"cxmmr5t8 oygrvhab hcukyx3x c1et5uql o9v6fnle ii04i59q\">\n<div dir=\"auto\">Des groupes (G\u2019doudim) sont constitu\u00e9s \u00e0 Grenoble, Annemasse, Chamb\u00e9ry et Nice. La section de Grenoble \u00e9tablit son si\u00e8ge cours Jean-Jaur\u00e8s. Dirig\u00e9e par Otto Giniewsky, dit Toto, et Georges Schnek, elle est reconnue comme l\u2019une des plus actives, tout comme celle de Nice dirig\u00e9e par Jacques Waintrob.<\/div>\n<\/div>\n<div class=\"cxmmr5t8 oygrvhab hcukyx3x c1et5uql o9v6fnle ii04i59q\">\n<div dir=\"auto\">En mai 1942 se tient \u00e0 Montpellier le premier congr\u00e8s en temps de guerre de la Jeunesse sioniste. Le congr\u00e8s acte la cr\u00e9ation du Mouvement de Jeunesse sioniste de France (MJS) dont l&rsquo;objectif principal est le regroupement de tous les jeunes sionistes quelles que soient leurs opinions politiques ou leurs conceptions religieuses. A l\u2019initiative de Simon L\u00e9vitte, Joseph Fischer et Otto Giniewski, il est d\u00e9cid\u00e9 de refuser d\u2019int\u00e9grer l\u2019Union g\u00e9n\u00e9rale des Isra\u00e9lites de France (UGIF) et de transformer le mouvement en organisation clandestine.<\/div>\n<\/div>\n<div class=\"cxmmr5t8 oygrvhab hcukyx3x c1et5uql o9v6fnle ii04i59q\">\n<div dir=\"auto\">En ao\u00fbt 1942, une \u00e9cole des cadres se tient \u00e0 Moissac durant trois semaines. En parall\u00e8le, un service social qui prendra l\u2019appellation \u00ab \u00c9ducation physique \u00bb d\u00e9but 1943 est mis en place avec pour objectif de sortir des intern\u00e9s des camps d\u2019internement, les cacher et leur procurer aide sociale et morale. Cette action de sauvetage se fait \u00e9galement en lien avec le service social clandestin des Eclaireurs isra\u00e9lites, \u00ab La Sixi\u00e8me \u00bb. Certains membres du MJS en coop\u00e9ration avec l\u2019Oeuvre de secours aux enfants (OSE), les Eclaireurs isra\u00e9lites de France (EIF) et l\u2019Arm\u00e9e juive (AJ) participent aux tentatives de passage d\u2019enfants et d\u2019adultes en Suisse. D\u2019autres fili\u00e8res partent vers l\u2019Espagne pour se joindre aux arm\u00e9es alli\u00e9es tandis que certains volontaires sont int\u00e9gr\u00e9s aux maquis et aux corps francs, notamment dans la Montagne noire ou au sein de l\u2019Organisation juive de combat (OJC).<\/div>\n<\/div>\n<div class=\"cxmmr5t8 oygrvhab hcukyx3x c1et5uql o9v6fnle ii04i59q\">\n<div dir=\"auto\">Selon un rapport du 30 juillet 1943, mentionn\u00e9 par Ruth Fivaz-Silbermann dans son ouvrage La fuite en Suisse, le MJS de Grenoble aurait assist\u00e9 (entre l\u00e9galit\u00e9 et clandestinit\u00e9) quelque 2 000 personnes. Jeanne Latchiver, surnomm\u00e9e affectueusement la \u00ab\u00a0reine-m\u00e8re\u00a0\u00bb, \u00e2g\u00e9e de 40 ans en 1942, accueille les r\u00e9unions du MJS, toujours semi-clandestines, dans sa maison de Seyssis, puis d&rsquo;Echirolles. Son domicile reste jusqu&rsquo;\u00e0 la Lib\u00e9ration lieu de rencontre et bo\u00eete aux lettres du groupe. Le groupe a m\u00eame lou\u00e9 (en p\u00e9riode d&rsquo;occupation italienne) un chalet au-dessus de Grenoble, aux Michalons, pr\u00e8s de Saint-Nizier-du-Moucherote), o\u00f9 il se r\u00e9unit le dimanche dans un esprit scout, pour y suivre des conf\u00e9rences sur le juda\u00efsme mais surtout pour y faire de la culture physique et des exercices paramilitaires, avec Jacques Lazarus comme instructeur militaire.<\/div>\n<\/div>\n<div class=\"cxmmr5t8 oygrvhab hcukyx3x c1et5uql o9v6fnle ii04i59q\">\n<div dir=\"auto\">Le MJS a subi de lourdes pertes dans ses rangs parmi lesquelles Mila Racine, Marianne Cohn, Jacques Waintrob, Eug\u00e8ne Bass ou encore Maurice Loebenberg.<\/div>\n<div dir=\"auto\">Responsable du MJS de Saint-Gervais-Le Fayet, en Haute-Savoie, munie de faux papiers au nom de Marie-Anne Richemond, Mila Racine est convoyeuse d\u2019enfants vers la Suisse. Le passage s\u2019organise dans la r\u00e9gion d&rsquo;Annemasse o\u00f9 la fronti\u00e8re est plus facile \u00e0 franchir puisque depuis novembre 1942, la zone est sous occupation italienne. A partir de septembre 1943, suite \u00e0 l\u2019armistice sign\u00e9 par l\u2019Italie avec les Alli\u00e9s, les Allemands occupent la zone laiss\u00e9e libre par les Italiens. Le passage de la fronti\u00e8re suisse devient bien plus dangereux. Mais loin de renoncer, Mila Racine poursuit ses travers\u00e9es. Le 21 octobre 1943, elle est intercept\u00e9e \u00e0 Saint-Julien-en-Genevois alors qu\u2019elle convoie une trentaine d\u2019enfants. Incarc\u00e9r\u00e9e plusieurs mois \u00e0 la prison du Pax \u00e0 Annemasse, elle est d\u00e9port\u00e9e \u00e0 Ravensbr\u00fcck par le convoi parti de Royallieu le 31 janvier 1944 \u00e0 destination de Ravensbr\u00fcck. Le 20 mars 1945, \u00e0 quelques semaines de la lib\u00e9ration du camp, elle trouve la mort \u00e0 Amstetten sous un bombardement britannique, atteinte par un \u00e9clat d\u2019obus. Son courage a permis de sauver 236 enfants. A titre posthume, en 1950, Mila s\u2019est vue d\u00e9cerner la m\u00e9daille de la R\u00e9sistance fran\u00e7aise.<\/div>\n<\/div>\n<div class=\"cxmmr5t8 oygrvhab hcukyx3x c1et5uql o9v6fnle ii04i59q\">\n<div dir=\"auto\">Apr\u00e8s l&rsquo;arrestation de Mila Racine, Marianne Cohn prend le relais. Elle re\u00e7oit de faux papiers au nom de Marie Colin et r\u00e9ussit \u00e0 faire transiter plusieurs groupes d&rsquo;enfants de l&rsquo;autre c\u00f4t\u00e9 de la fronti\u00e8re suisse. Elle est appr\u00e9hend\u00e9e par une patrouille allemande le 31 mai 1944 alors qu\u2019elle accompagne 28 enfants de 4 \u00e0 15 ans. Ils sont intern\u00e9s \u00e0 l&rsquo;h\u00f4tel du Pax d&rsquo;Annemasse. Les enfants sont sauv\u00e9s gr\u00e2ce \u00e0 l\u2019intervention du maire, Jean Deffaugt (reconnu Juste parmi les nations en 1966). Quant \u00e0 Marianne Cohn, sortie de la prison, elle est assassin\u00e9e par des miliciens. Son corps est d\u00e9couvert apr\u00e8s la guerre.<\/div>\n<\/div>\n<div class=\"cxmmr5t8 oygrvhab hcukyx3x c1et5uql o9v6fnle ii04i59q\">\n<div dir=\"auto\">Un bilan dress\u00e9 par le MJS en ao\u00fbt 1944 mentionne des \u00ab\u00a0papiers fournis \u00e0 environ 25 000 personnes (&#8230;), 1 723 passages en Suisses, 134 passages divers (de Belgique. etc), 1 362 jeunes plac\u00e9s\u00a0\u00bb. Il souligne qu&rsquo;environ 4000 jeunes ont b\u00e9n\u00e9fici\u00e9 de l&rsquo;assistance du MJS (non seulement en argent, mais en v\u00eatements, nourriture etc\u00a0\u00bb.<\/div>\n<\/div>\n<div dir=\"auto\"><\/div>\n<\/div>\n<\/div>\n<\/div>\n<\/div>\n<\/div>\n","protected":false},"excerpt":{"rendered":"<p>A l&rsquo;occasion de la pr\u00e9sentation le 30 juin prochain de l&rsquo;exposition virtuelle \u00ab\u00a0Juifs, r\u00e9sistants, combattants\u00a0\u00bb du Mus\u00e9e de la R\u00e9sistance en ligne, nous vous proposons au cours des prochains jours de d\u00e9couvrir quelques unes des notices qui y sont pr\u00e9sent\u00e9es. \u00ab\u00a0Le mouvement de jeunesse sioniste (MJS)\u00a0\u00bb par Fabrice Bourr\u00e9e Apr\u00e8s la d\u00e9faite, les dirigeants des &hellip; <\/p>\n<p class=\"read-more\"><a class=\"btn btn-default\" href=\"http:\/\/jnr-cpl.com\/?p=5024\"> Read More<span class=\"screen-reader-text\">  Read More<\/span><\/a><\/p>\n","protected":false},"author":1,"featured_media":0,"comment_status":"closed","ping_status":"open","sticky":false,"template":"","format":"standard","meta":{"footnotes":""},"categories":[19,18],"tags":[],"class_list":["post-5024","post","type-post","status-publish","format-standard","hentry","category-actualite-de-la-deportation","category-actualite-de-la-resistance"],"_links":{"self":[{"href":"http:\/\/jnr-cpl.com\/index.php?rest_route=\/wp\/v2\/posts\/5024","targetHints":{"allow":["GET"]}}],"collection":[{"href":"http:\/\/jnr-cpl.com\/index.php?rest_route=\/wp\/v2\/posts"}],"about":[{"href":"http:\/\/jnr-cpl.com\/index.php?rest_route=\/wp\/v2\/types\/post"}],"author":[{"embeddable":true,"href":"http:\/\/jnr-cpl.com\/index.php?rest_route=\/wp\/v2\/users\/1"}],"replies":[{"embeddable":true,"href":"http:\/\/jnr-cpl.com\/index.php?rest_route=%2Fwp%2Fv2%2Fcomments&post=5024"}],"version-history":[{"count":1,"href":"http:\/\/jnr-cpl.com\/index.php?rest_route=\/wp\/v2\/posts\/5024\/revisions"}],"predecessor-version":[{"id":5025,"href":"http:\/\/jnr-cpl.com\/index.php?rest_route=\/wp\/v2\/posts\/5024\/revisions\/5025"}],"wp:attachment":[{"href":"http:\/\/jnr-cpl.com\/index.php?rest_route=%2Fwp%2Fv2%2Fmedia&parent=5024"}],"wp:term":[{"taxonomy":"category","embeddable":true,"href":"http:\/\/jnr-cpl.com\/index.php?rest_route=%2Fwp%2Fv2%2Fcategories&post=5024"},{"taxonomy":"post_tag","embeddable":true,"href":"http:\/\/jnr-cpl.com\/index.php?rest_route=%2Fwp%2Fv2%2Ftags&post=5024"}],"curies":[{"name":"wp","href":"https:\/\/api.w.org\/{rel}","templated":true}]}}