{"id":4997,"date":"2022-06-20T09:12:42","date_gmt":"2022-06-20T07:12:42","guid":{"rendered":"http:\/\/jnr-cpl.com\/?p=4997"},"modified":"2022-06-20T09:12:42","modified_gmt":"2022-06-20T07:12:42","slug":"haute-savoie-une-stele-en-memoire-de-la-resistante-juive-marianne-cohn-degradee","status":"publish","type":"post","link":"http:\/\/jnr-cpl.com\/?p=4997","title":{"rendered":"Haute-Savoie : une st\u00e8le en m\u00e9moire de la r\u00e9sistante juive Marianne Cohn d\u00e9grad\u00e9e"},"content":{"rendered":"<p><img loading=\"lazy\" decoding=\"async\" class=\"alignnone size-full wp-image-5004\" src=\"http:\/\/jnr-cpl.com\/wp-content\/uploads\/2022\/06\/Capture-de\u0301cran-2022-06-20-a\u0300-09.00.33.png\" alt=\"\" width=\"260\" height=\"44\" \/><\/p>\n<h2 class=\"underline\">Le visage de la r\u00e9sistante, qui a particip\u00e9 au sauvetage d&rsquo;enfants juifs, a \u00e9t\u00e9 ray\u00e9 sur toute sa longueur ; une plainte a \u00e9t\u00e9 d\u00e9pos\u00e9e<\/h2>\n<div class=\"media\">\n<div class=\"caption\"><\/div>\n<\/div>\n<div class=\"article-content\">\n<div class=\"the-content\">\n<p>Les fais remontent \u00e0 d\u00e9but f\u00e9vrier dernier mais n\u2019ont \u00e9t\u00e9 r\u00e9v\u00e9l\u00e9s par la <a href=\"https:\/\/www.lemessager.fr\/42077\/article\/2022-06-08\/viry-la-stele-dediee-marianne-cohn-profanee-une-plainte-ete-deposee\" target=\"_blank\" rel=\"noopener\">presse locale<\/a> que la semaine derni\u00e8re : une st\u00e8le d\u00e9di\u00e9e \u00e0 la r\u00e9sistante\u00a0juive allemande Marianne Cohn a \u00e9t\u00e9 profan\u00e9e \u00e0 Viry, en Haute-Savoie.<\/p>\n<p>Memorallem, l\u2019association qui l\u2019a fait installer, a d\u00e9pos\u00e9 plainte aupr\u00e8s de la gendarmerie de Valleiry.<\/p>\n<p>Le pr\u00e9sident de l\u2019association a \u00e9t\u00e9 le premier \u00e0 d\u00e9couvrire la d\u00e9gradation. Le visage de la r\u00e9sistante a ainsi \u00e9t\u00e9 ray\u00e9 sur toute sa longueur.<\/p>\n<\/div>\n<div class=\"the-content\">\n<div class=\"article-content\">\n<div class=\"the-content\">\n<p>Les fais remontent \u00e0 d\u00e9but f\u00e9vrier dernier mais n\u2019ont \u00e9t\u00e9 r\u00e9v\u00e9l\u00e9s par la <a href=\"https:\/\/www.lemessager.fr\/42077\/article\/2022-06-08\/viry-la-stele-dediee-marianne-cohn-profanee-une-plainte-ete-deposee\" target=\"_blank\" rel=\"noopener\">presse locale<\/a> que la semaine derni\u00e8re : une st\u00e8le d\u00e9di\u00e9e \u00e0 la r\u00e9sistante\u00a0juive allemande Marianne Cohn a \u00e9t\u00e9 profan\u00e9e \u00e0 Viry, en Haute-Savoie.<\/p>\n<p>Memorallem, l\u2019association qui l\u2019a fait installer, a d\u00e9pos\u00e9 plainte aupr\u00e8s de la gendarmerie de Valleiry.<\/p>\n<p>Le pr\u00e9sident de l\u2019association a \u00e9t\u00e9 le premier \u00e0 d\u00e9couvrire la d\u00e9gradation. Le visage de la r\u00e9sistante a ainsi \u00e9t\u00e9 ray\u00e9 sur toute sa longueur.<\/p>\n<p class=\"newsletter-promo\"><a href=\"https:\/\/fr.timesofisrael.com\/signup\/?utm_source=fr-articles&amp;utm_medium=middle-link&amp;utm_campaign=signup-buttons\"> Recevez gratuitement notre \u00e9dition quotidienne par mail pour ne rien manquer du meilleur de l\u2019info <\/a> <a href=\"https:\/\/fr.timesofisrael.com\/signup\/?utm_source=fr-articles&amp;utm_medium=middle-link&amp;utm_campaign=signup-buttons\"> Inscription gratuite ! <\/a><\/p>\n<p>\u00ab\u00a0Seul son visage a \u00e9t\u00e9 touch\u00e9 alors qu\u2019il y a aussi un texte de Simone Veil et le nom de trois r\u00e9sistants qui l\u2019ont aid\u00e9e\u00a0\u00bb, a pr\u00e9cis\u00e9 Maurice Monsigny, ancien maire de la commune, qui a particip\u00e9 \u00e0 cr\u00e9er Memorallem en 2015 \u2013 l\u2019association vise notamment \u00e0 perp\u00e9tuer les valeurs de la r\u00e9sistance et pr\u00e9server la m\u00e9moire de la d\u00e9portation.<\/p>\n<p>Dans un communiqu\u00e9 envoy\u00e9 \u00e0 la presse le 8 juin, Memorallem a d\u00e9plor\u00e9 \u00ab\u00a0une attitude et un acte nourris par la haine. Elle d\u00e9nonce avec la plus extr\u00eame vigueur un geste empreint de violence et d\u2019antis\u00e9mitisme\u00a0\u00bb.<\/p>\n<p><a href=\"https:\/\/fr.timesofisrael.com\/haute-savoie-une-stele-en-memoire-de-la-resistante-juive-marianne-cohn-degradee\/\" target=\"_blank\" rel=\"noopener\"><strong>LIRE LA SUITE<\/strong><\/a><\/p>\n<\/div>\n<\/div>\n<\/div>\n<\/div>\n","protected":false},"excerpt":{"rendered":"<p>Le visage de la r\u00e9sistante, qui a particip\u00e9 au sauvetage d&rsquo;enfants juifs, a \u00e9t\u00e9 ray\u00e9 sur toute sa longueur ; une plainte a \u00e9t\u00e9 d\u00e9pos\u00e9e Les fais remontent \u00e0 d\u00e9but f\u00e9vrier dernier mais n\u2019ont \u00e9t\u00e9 r\u00e9v\u00e9l\u00e9s par la presse locale que la semaine derni\u00e8re : une st\u00e8le d\u00e9di\u00e9e \u00e0 la r\u00e9sistante\u00a0juive allemande Marianne Cohn a &hellip; <\/p>\n<p class=\"read-more\"><a class=\"btn btn-default\" href=\"http:\/\/jnr-cpl.com\/?p=4997\"> Read More<span class=\"screen-reader-text\">  Read More<\/span><\/a><\/p>\n","protected":false},"author":1,"featured_media":0,"comment_status":"closed","ping_status":"open","sticky":false,"template":"","format":"standard","meta":{"footnotes":""},"categories":[18],"tags":[],"class_list":["post-4997","post","type-post","status-publish","format-standard","hentry","category-actualite-de-la-resistance"],"_links":{"self":[{"href":"http:\/\/jnr-cpl.com\/index.php?rest_route=\/wp\/v2\/posts\/4997","targetHints":{"allow":["GET"]}}],"collection":[{"href":"http:\/\/jnr-cpl.com\/index.php?rest_route=\/wp\/v2\/posts"}],"about":[{"href":"http:\/\/jnr-cpl.com\/index.php?rest_route=\/wp\/v2\/types\/post"}],"author":[{"embeddable":true,"href":"http:\/\/jnr-cpl.com\/index.php?rest_route=\/wp\/v2\/users\/1"}],"replies":[{"embeddable":true,"href":"http:\/\/jnr-cpl.com\/index.php?rest_route=%2Fwp%2Fv2%2Fcomments&post=4997"}],"version-history":[{"count":1,"href":"http:\/\/jnr-cpl.com\/index.php?rest_route=\/wp\/v2\/posts\/4997\/revisions"}],"predecessor-version":[{"id":5017,"href":"http:\/\/jnr-cpl.com\/index.php?rest_route=\/wp\/v2\/posts\/4997\/revisions\/5017"}],"wp:attachment":[{"href":"http:\/\/jnr-cpl.com\/index.php?rest_route=%2Fwp%2Fv2%2Fmedia&parent=4997"}],"wp:term":[{"taxonomy":"category","embeddable":true,"href":"http:\/\/jnr-cpl.com\/index.php?rest_route=%2Fwp%2Fv2%2Fcategories&post=4997"},{"taxonomy":"post_tag","embeddable":true,"href":"http:\/\/jnr-cpl.com\/index.php?rest_route=%2Fwp%2Fv2%2Ftags&post=4997"}],"curies":[{"name":"wp","href":"https:\/\/api.w.org\/{rel}","templated":true}]}}