{"id":4962,"date":"2022-06-07T09:36:50","date_gmt":"2022-06-07T07:36:50","guid":{"rendered":"http:\/\/jnr-cpl.com\/?p=4962"},"modified":"2022-06-07T09:36:50","modified_gmt":"2022-06-07T07:36:50","slug":"cest-quoi-le-conseil-national-de-la-resistance-dont-macron-sest-inspire-pour-creer-le-conseil-national-de-la-refondation","status":"publish","type":"post","link":"http:\/\/jnr-cpl.com\/?p=4962","title":{"rendered":"C\u2019est quoi le Conseil national de la R\u00e9sistance dont Macron s\u2019est inspir\u00e9 pour cr\u00e9er le Conseil national de la refondation ?"},"content":{"rendered":"<p><img loading=\"lazy\" decoding=\"async\" class=\"alignnone size-full wp-image-4969\" src=\"http:\/\/jnr-cpl.com\/wp-content\/uploads\/2022\/06\/Capture-de\u0301cran-2022-06-07-a\u0300-09.13.40.png\" alt=\"\" width=\"315\" height=\"69\" srcset=\"http:\/\/jnr-cpl.com\/wp-content\/uploads\/2022\/06\/Capture-de\u0301cran-2022-06-07-a\u0300-09.13.40.png 315w, http:\/\/jnr-cpl.com\/wp-content\/uploads\/2022\/06\/Capture-de\u0301cran-2022-06-07-a\u0300-09.13.40-300x66.png 300w\" sizes=\"auto, (max-width: 315px) 100vw, 315px\" \/><\/p>\n<p class=\"article-full__chapo\">Dans un entretien accord\u00e9, vendredi 3 juin, \u00e0 plusieurs quotidiens r\u00e9gionaux dont <em>La D\u00e9p\u00eache du Midi<\/em>,\u00a0Emmanuel Macron souhaite lancer un \u00ab Conseil national de la refondation \u00bb au lendemain des l\u00e9gislatives. Un projet qui n\u2019est pas sans rappeler le Conseil national de la r\u00e9sistance.<\/p>\n<div class=\"article-full__body-content article-paywall p402_premium\">\n<p>Le pr\u00e9sident de la R\u00e9publique, Emmanuel Macron a annonc\u00e9, ce vendredi 3 juin, la cr\u00e9ation d\u2019un \u00ab\u00a0Conseil national de la refondation\u00a0\u00bb\u00a0r\u00e9unissant des \u00ab\u00a0forces politiques, sociales, associatives\u00a0\u00bb\u00a0ainsi que des citoyens. Le gouvernement souhaite entendre des id\u00e9es sur les \u00ab\u00a0cinq objectif (\u00e9mis)\u00a0pendant la campagne\u00a0\u00bb\u00a0: le pouvoir d\u2019achat, la sant\u00e9, l\u2019\u00e9cologie, l\u2019\u00e9galit\u00e9 des chances.<\/p>\n<\/div>\n<div class=\"ad ad--outstream center-align\" data-dfp-mobile=\"\" data-iab-tag=\"pos_outstream\"><a href=\"https:\/\/www.ladepeche.fr\/2022\/06\/04\/cest-quoi-le-conseil-national-de-la-resistance-dont-macron-sest-inspire-pour-creer-le-conseil-national-de-la-refondation-10338301.php\" target=\"_blank\" rel=\"noopener\"><strong>LIRE LA SUITE<\/strong><\/a><\/div>\n","protected":false},"excerpt":{"rendered":"<p>Dans un entretien accord\u00e9, vendredi 3 juin, \u00e0 plusieurs quotidiens r\u00e9gionaux dont La D\u00e9p\u00eache du Midi,\u00a0Emmanuel Macron souhaite lancer un \u00ab Conseil national de la refondation \u00bb au lendemain des l\u00e9gislatives. Un projet qui n\u2019est pas sans rappeler le Conseil national de la r\u00e9sistance. Le pr\u00e9sident de la R\u00e9publique, Emmanuel Macron a annonc\u00e9, ce vendredi &hellip; <\/p>\n<p class=\"read-more\"><a class=\"btn btn-default\" href=\"http:\/\/jnr-cpl.com\/?p=4962\"> Read More<span class=\"screen-reader-text\">  Read More<\/span><\/a><\/p>\n","protected":false},"author":1,"featured_media":0,"comment_status":"closed","ping_status":"open","sticky":false,"template":"","format":"standard","meta":{"footnotes":""},"categories":[18],"tags":[],"class_list":["post-4962","post","type-post","status-publish","format-standard","hentry","category-actualite-de-la-resistance"],"_links":{"self":[{"href":"http:\/\/jnr-cpl.com\/index.php?rest_route=\/wp\/v2\/posts\/4962","targetHints":{"allow":["GET"]}}],"collection":[{"href":"http:\/\/jnr-cpl.com\/index.php?rest_route=\/wp\/v2\/posts"}],"about":[{"href":"http:\/\/jnr-cpl.com\/index.php?rest_route=\/wp\/v2\/types\/post"}],"author":[{"embeddable":true,"href":"http:\/\/jnr-cpl.com\/index.php?rest_route=\/wp\/v2\/users\/1"}],"replies":[{"embeddable":true,"href":"http:\/\/jnr-cpl.com\/index.php?rest_route=%2Fwp%2Fv2%2Fcomments&post=4962"}],"version-history":[{"count":1,"href":"http:\/\/jnr-cpl.com\/index.php?rest_route=\/wp\/v2\/posts\/4962\/revisions"}],"predecessor-version":[{"id":4978,"href":"http:\/\/jnr-cpl.com\/index.php?rest_route=\/wp\/v2\/posts\/4962\/revisions\/4978"}],"wp:attachment":[{"href":"http:\/\/jnr-cpl.com\/index.php?rest_route=%2Fwp%2Fv2%2Fmedia&parent=4962"}],"wp:term":[{"taxonomy":"category","embeddable":true,"href":"http:\/\/jnr-cpl.com\/index.php?rest_route=%2Fwp%2Fv2%2Fcategories&post=4962"},{"taxonomy":"post_tag","embeddable":true,"href":"http:\/\/jnr-cpl.com\/index.php?rest_route=%2Fwp%2Fv2%2Ftags&post=4962"}],"curies":[{"name":"wp","href":"https:\/\/api.w.org\/{rel}","templated":true}]}}