{"id":4960,"date":"2022-06-07T09:34:19","date_gmt":"2022-06-07T07:34:19","guid":{"rendered":"http:\/\/jnr-cpl.com\/?p=4960"},"modified":"2022-06-07T09:34:19","modified_gmt":"2022-06-07T07:34:19","slug":"une-plaque-en-hommage-au-resistant-paul-monot-a-brest","status":"publish","type":"post","link":"http:\/\/jnr-cpl.com\/?p=4960","title":{"rendered":"Une plaque en hommage au r\u00e9sistant Paul Monot, \u00e0 Brest"},"content":{"rendered":"<h1><img loading=\"lazy\" decoding=\"async\" class=\"alignnone size-full wp-image-4968\" src=\"http:\/\/jnr-cpl.com\/wp-content\/uploads\/2022\/06\/Capture-de\u0301cran-2022-06-07-a\u0300-09.13.16.png\" alt=\"\" width=\"246\" height=\"108\" \/><\/h1>\n<p class=\"date heading__date\">Mis en ligne le <time datetime=\"2022-06-01\"> mercredi 01 juin 2022 <\/time><\/p>\n<p class=\"teaser-2 heading__teaser\">Dans le cadre du 75\u00e8 anniversaire de l\u2019attribution de la m\u00e9daille de la R\u00e9sistance fran\u00e7aise \u00e0 la ville de Brest, le r\u00e9sistant brestois Paul Monot, fusill\u00e9 au Mont Val\u00e9rien en 1943 est d\u00e9sormais honor\u00e9e. Une plaque en son nom est appos\u00e9e au n\u00b0 27 de la rue Conseil.<\/p>\n<p>Le jeune r\u00e9sistant brestois Paul Monot voit sa m\u00e9moire honor\u00e9e dans sa ville natale. Une plaque comm\u00e9morative a \u00e9t\u00e9 inaugur\u00e9e le 1er juin, sur le mur de sa maison natale, rue Conseil, dans le quartier de Saint-Martin.<\/p>\n<h2>Le choix de la libert\u00e9<\/h2>\n<blockquote>\n<div>\n<p>\u00ab La ville de Brest a souhait\u00e9 marquer de fa\u00e7on soutenue le 75\u00e8 anniversaire de l\u2019attribution de la m\u00e9daille de la R\u00e9sistance. Nous participons ainsi \u00e0 rendre visibles celles et ceux qui ont fait le choix de la libert\u00e9 et de la France face au nazisme, unis dans un m\u00eame \u00e9lan. Nous devons tous et toutes \u00eatre fiers de ce qu\u2019ils et elles ont accompli \u00e0 l\u2019\u00e9poque \u00bb, a soulign\u00e9 Eric Guellec, adjoint au maire en charge des associations patriotiques et des anciens combattants, lors des allocutions de cette c\u00e9r\u00e9monie d\u2019hommage.<\/p>\n<\/div>\n<p><a href=\"https:\/\/www.brest.fr\/actus-agenda\/actualites\/actualites-2561\/une-plaque-en-hommage-au-resistant-paul-monot-a-brest-1607272.html\" target=\"_blank\" rel=\"noopener\"><strong>LIRE LA SUITE<\/strong><\/a><\/p><\/blockquote>\n","protected":false},"excerpt":{"rendered":"<p>Mis en ligne le mercredi 01 juin 2022 Dans le cadre du 75\u00e8 anniversaire de l\u2019attribution de la m\u00e9daille de la R\u00e9sistance fran\u00e7aise \u00e0 la ville de Brest, le r\u00e9sistant brestois Paul Monot, fusill\u00e9 au Mont Val\u00e9rien en 1943 est d\u00e9sormais honor\u00e9e. Une plaque en son nom est appos\u00e9e au n\u00b0 27 de la rue &hellip; <\/p>\n<p class=\"read-more\"><a class=\"btn btn-default\" href=\"http:\/\/jnr-cpl.com\/?p=4960\"> Read More<span class=\"screen-reader-text\">  Read More<\/span><\/a><\/p>\n","protected":false},"author":1,"featured_media":0,"comment_status":"closed","ping_status":"open","sticky":false,"template":"","format":"standard","meta":{"footnotes":""},"categories":[19,18],"tags":[],"class_list":["post-4960","post","type-post","status-publish","format-standard","hentry","category-actualite-de-la-deportation","category-actualite-de-la-resistance"],"_links":{"self":[{"href":"http:\/\/jnr-cpl.com\/index.php?rest_route=\/wp\/v2\/posts\/4960","targetHints":{"allow":["GET"]}}],"collection":[{"href":"http:\/\/jnr-cpl.com\/index.php?rest_route=\/wp\/v2\/posts"}],"about":[{"href":"http:\/\/jnr-cpl.com\/index.php?rest_route=\/wp\/v2\/types\/post"}],"author":[{"embeddable":true,"href":"http:\/\/jnr-cpl.com\/index.php?rest_route=\/wp\/v2\/users\/1"}],"replies":[{"embeddable":true,"href":"http:\/\/jnr-cpl.com\/index.php?rest_route=%2Fwp%2Fv2%2Fcomments&post=4960"}],"version-history":[{"count":1,"href":"http:\/\/jnr-cpl.com\/index.php?rest_route=\/wp\/v2\/posts\/4960\/revisions"}],"predecessor-version":[{"id":4977,"href":"http:\/\/jnr-cpl.com\/index.php?rest_route=\/wp\/v2\/posts\/4960\/revisions\/4977"}],"wp:attachment":[{"href":"http:\/\/jnr-cpl.com\/index.php?rest_route=%2Fwp%2Fv2%2Fmedia&parent=4960"}],"wp:term":[{"taxonomy":"category","embeddable":true,"href":"http:\/\/jnr-cpl.com\/index.php?rest_route=%2Fwp%2Fv2%2Fcategories&post=4960"},{"taxonomy":"post_tag","embeddable":true,"href":"http:\/\/jnr-cpl.com\/index.php?rest_route=%2Fwp%2Fv2%2Ftags&post=4960"}],"curies":[{"name":"wp","href":"https:\/\/api.w.org\/{rel}","templated":true}]}}