{"id":4926,"date":"2022-05-30T10:35:59","date_gmt":"2022-05-30T08:35:59","guid":{"rendered":"http:\/\/jnr-cpl.com\/?p=4926"},"modified":"2022-05-30T10:35:59","modified_gmt":"2022-05-30T08:35:59","slug":"deces-de-leon-cligman-grand-industriel-du-textile-mecene-et-resistant-francais","status":"publish","type":"post","link":"http:\/\/jnr-cpl.com\/?p=4926","title":{"rendered":"D\u00e9c\u00e8s de L\u00e9on Cligman, grand industriel du textile, m\u00e9c\u00e8ne et r\u00e9sistant fran\u00e7ais"},"content":{"rendered":"<p><img loading=\"lazy\" decoding=\"async\" class=\"alignnone size-full wp-image-4912\" src=\"http:\/\/jnr-cpl.com\/wp-content\/uploads\/2022\/05\/Capture-de\u0301cran-2022-05-30-a\u0300-10.01.52.png\" alt=\"\" width=\"263\" height=\"43\" \/><\/p>\n<p>L\u00e9on Cligman, grand industriel du textile, m\u00e9c\u00e8ne et r\u00e9sistant fran\u00e7ais, est d\u00e9c\u00e9d\u00e9 le 15 mai dernier \u00e0 l\u2019\u00e2ge de 101 ans.<\/p>\n<p>N\u00e9 Leib Cligman \u00e0 Tighina, ville de l\u2019ancienne URSS aujourd\u2019hui nomm\u00e9e Bender et situ\u00e9e en Moldavie, sa famille a fui les pogroms antis\u00e9mites en Russie.<\/p>\n<p>Pendant la guerre, en 1941, il est entr\u00e9 dans la R\u00e9sistance fran\u00e7aise et est devenu secr\u00e9taire du Comit\u00e9 d\u00e9partemental de Lib\u00e9ration pour la r\u00e9gion d\u2019Issoudun en 1944. \u00c0 la Lib\u00e9ration, il a un temps \u00e9t\u00e9 maire de cette ville et assur\u00e9 l\u2019int\u00e9rim avec les nouvelles institutions.<\/p>\n<p><a href=\"https:\/\/fr.timesofisrael.com\/deces-de-leon-cligman-grand-industriel-du-textile-mecene-et-resistant-francais\/\" target=\"_blank\" rel=\"noopener\">LIRE LA SUITE<\/a><\/p>\n","protected":false},"excerpt":{"rendered":"<p>L\u00e9on Cligman, grand industriel du textile, m\u00e9c\u00e8ne et r\u00e9sistant fran\u00e7ais, est d\u00e9c\u00e9d\u00e9 le 15 mai dernier \u00e0 l\u2019\u00e2ge de 101 ans. N\u00e9 Leib Cligman \u00e0 Tighina, ville de l\u2019ancienne URSS aujourd\u2019hui nomm\u00e9e Bender et situ\u00e9e en Moldavie, sa famille a fui les pogroms antis\u00e9mites en Russie. Pendant la guerre, en 1941, il est entr\u00e9 dans &hellip; <\/p>\n<p class=\"read-more\"><a class=\"btn btn-default\" href=\"http:\/\/jnr-cpl.com\/?p=4926\"> Read More<span class=\"screen-reader-text\">  Read More<\/span><\/a><\/p>\n","protected":false},"author":1,"featured_media":0,"comment_status":"closed","ping_status":"open","sticky":false,"template":"","format":"standard","meta":{"footnotes":""},"categories":[18],"tags":[],"class_list":["post-4926","post","type-post","status-publish","format-standard","hentry","category-actualite-de-la-resistance"],"_links":{"self":[{"href":"http:\/\/jnr-cpl.com\/index.php?rest_route=\/wp\/v2\/posts\/4926","targetHints":{"allow":["GET"]}}],"collection":[{"href":"http:\/\/jnr-cpl.com\/index.php?rest_route=\/wp\/v2\/posts"}],"about":[{"href":"http:\/\/jnr-cpl.com\/index.php?rest_route=\/wp\/v2\/types\/post"}],"author":[{"embeddable":true,"href":"http:\/\/jnr-cpl.com\/index.php?rest_route=\/wp\/v2\/users\/1"}],"replies":[{"embeddable":true,"href":"http:\/\/jnr-cpl.com\/index.php?rest_route=%2Fwp%2Fv2%2Fcomments&post=4926"}],"version-history":[{"count":1,"href":"http:\/\/jnr-cpl.com\/index.php?rest_route=\/wp\/v2\/posts\/4926\/revisions"}],"predecessor-version":[{"id":4930,"href":"http:\/\/jnr-cpl.com\/index.php?rest_route=\/wp\/v2\/posts\/4926\/revisions\/4930"}],"wp:attachment":[{"href":"http:\/\/jnr-cpl.com\/index.php?rest_route=%2Fwp%2Fv2%2Fmedia&parent=4926"}],"wp:term":[{"taxonomy":"category","embeddable":true,"href":"http:\/\/jnr-cpl.com\/index.php?rest_route=%2Fwp%2Fv2%2Fcategories&post=4926"},{"taxonomy":"post_tag","embeddable":true,"href":"http:\/\/jnr-cpl.com\/index.php?rest_route=%2Fwp%2Fv2%2Ftags&post=4926"}],"curies":[{"name":"wp","href":"https:\/\/api.w.org\/{rel}","templated":true}]}}