{"id":4891,"date":"2022-05-23T10:43:46","date_gmt":"2022-05-23T08:43:46","guid":{"rendered":"http:\/\/jnr-cpl.com\/?p=4891"},"modified":"2022-05-23T10:43:46","modified_gmt":"2022-05-23T08:43:46","slug":"comment-jean-moulin-est-il-entre-dans-la-resistance","status":"publish","type":"post","link":"http:\/\/jnr-cpl.com\/?p=4891","title":{"rendered":"Comment Jean Moulin est-il entr\u00e9 dans la R\u00e9sistance ?"},"content":{"rendered":"<p><img loading=\"lazy\" decoding=\"async\" class=\"alignnone size-full wp-image-4879\" src=\"http:\/\/jnr-cpl.com\/wp-content\/uploads\/2022\/05\/Capture-de\u0301cran-2022-05-23-a\u0300-10.22.24.png\" alt=\"\" width=\"231\" height=\"88\" \/><\/p>\n<p>&nbsp;<\/p>\n<p class=\"article-subtitle\"><strong>Il incarne \u00e0 lui seul la R\u00e9sistance fran\u00e7aise sous l\u2019Occupation. Missionn\u00e9 par le g\u00e9n\u00e9ral de Gaulle \u00e0 Londres, Jean Moulin a unifi\u00e9 les forces int\u00e9rieures avant d\u2019\u00eatre victime de la barbarie nazie. Mais pourquoi et comment le plus jeune pr\u00e9fet de France en 1937 est-il entr\u00e9 en R\u00e9sistance ?<\/strong><\/p>\n<h2 id=\"1bgos\" class=\"no-inject-ads\">Pourquoi Jean Moulin est-il consid\u00e9r\u00e9 comme un h\u00e9ros national ?<\/h2>\n<p>N\u00e9 \u00e0 B\u00e9ziers en juin 1899, Jean Moulin fait des \u00e9tudes de droit \u00e0 l\u2019universit\u00e9 de <a href=\"https:\/\/www.geo.fr\/voyage\/quels-sont-les-meilleurs-quartiers-de-montpellier-203950\">Montpellier<\/a> et rejoint l\u2019administration pr\u00e9fectorale apr\u00e8s la <a href=\"https:\/\/www.geo.fr\/histoire\/comprendre-les-raisons-de-la-grande-guerre-204144\">Premi\u00e8re Guerre mondiale<\/a>. Lettr\u00e9, cultiv\u00e9, passionn\u00e9 par les arts, il affiche tr\u00e8s t\u00f4t des convictions la\u00efques et r\u00e9publicaines. En 1925, il devient, \u00e0 Albertville, le plus jeune sous-pr\u00e9fet de France.<\/p>\n<p>Sa carri\u00e8re l\u2019am\u00e8ne au minist\u00e8re de l\u2019Air, o\u00f9 il entre en 1936 comme chef de cabinet du ministre Pierre Cot, aupr\u00e8s de qui il confirme ses id\u00e9aux de gauche. Alors que la <a href=\"https:\/\/www.geo.fr\/histoire\/guerre-civile-espagnole-en-quoi-est-ce-un-conflit-mondial-204989\">guerre civile espagnole<\/a> bat son plein, il participe \u00e0 approvisionner en armes les r\u00e9publicains qui tentent de r\u00e9sister aux nationalistes du <a href=\"https:\/\/www.geo.fr\/histoire\/franco-portrait-du-dictateur-espagnol-en-10-dates-206570\">dictateur Franco<\/a>.<\/p>\n<p>En janvier 1937, il arrive \u00e0 la t\u00eate de la pr\u00e9fecture de l\u2019Aveyron, \u00e0 Rodez, avant d\u2019\u00eatre mut\u00e9 en Eure-et-Loir, \u00e0 Chartres. Il est alors le plus jeune pr\u00e9fet de France. Quelques mois plus tard, quand \u00e9clate la <a href=\"https:\/\/www.geo.fr\/histoire\/la-seconde-guerre-mondiale-une-guerre-totale-202229\">Seconde Guerre mondiale<\/a>, il s\u2019engage comme sergent-mitrailleur dans l\u2019arm\u00e9e de l\u2019air. Tr\u00e8s vite, il est d\u00e9clar\u00e9 inapte pour un probl\u00e8me de vue. Il force alors le destin en exigeant une contre-visite \u00e0 Tours, qui cette fois le d\u00e9clare apte. Mais le Minist\u00e8re de l&rsquo;Int\u00e9rieur l&rsquo;oblige \u00e0 conserver son poste de pr\u00e9fet. Malgr\u00e9 l\u2019exode de la population suite aux avanc\u00e9es des troupes de l\u2019Axe, Jean Moulin reste \u00e0 son poste et se pr\u00e9pare \u00e0 recevoir l\u2019ennemi.<\/p>\n<p><a href=\"https:\/\/www.geo.fr\/histoire\/comment-jean-moulin-est-il-entre-dans-la-resistance-209524\" target=\"_blank\" rel=\"noopener\"><strong>LIRE LA SUITE<\/strong><\/a><\/p>\n","protected":false},"excerpt":{"rendered":"<p>&nbsp; Il incarne \u00e0 lui seul la R\u00e9sistance fran\u00e7aise sous l\u2019Occupation. Missionn\u00e9 par le g\u00e9n\u00e9ral de Gaulle \u00e0 Londres, Jean Moulin a unifi\u00e9 les forces int\u00e9rieures avant d\u2019\u00eatre victime de la barbarie nazie. Mais pourquoi et comment le plus jeune pr\u00e9fet de France en 1937 est-il entr\u00e9 en R\u00e9sistance ? Pourquoi Jean Moulin est-il consid\u00e9r\u00e9 &hellip; <\/p>\n<p class=\"read-more\"><a class=\"btn btn-default\" href=\"http:\/\/jnr-cpl.com\/?p=4891\"> Read More<span class=\"screen-reader-text\">  Read More<\/span><\/a><\/p>\n","protected":false},"author":1,"featured_media":0,"comment_status":"closed","ping_status":"open","sticky":false,"template":"","format":"standard","meta":{"footnotes":""},"categories":[18],"tags":[],"class_list":["post-4891","post","type-post","status-publish","format-standard","hentry","category-actualite-de-la-resistance"],"_links":{"self":[{"href":"http:\/\/jnr-cpl.com\/index.php?rest_route=\/wp\/v2\/posts\/4891","targetHints":{"allow":["GET"]}}],"collection":[{"href":"http:\/\/jnr-cpl.com\/index.php?rest_route=\/wp\/v2\/posts"}],"about":[{"href":"http:\/\/jnr-cpl.com\/index.php?rest_route=\/wp\/v2\/types\/post"}],"author":[{"embeddable":true,"href":"http:\/\/jnr-cpl.com\/index.php?rest_route=\/wp\/v2\/users\/1"}],"replies":[{"embeddable":true,"href":"http:\/\/jnr-cpl.com\/index.php?rest_route=%2Fwp%2Fv2%2Fcomments&post=4891"}],"version-history":[{"count":1,"href":"http:\/\/jnr-cpl.com\/index.php?rest_route=\/wp\/v2\/posts\/4891\/revisions"}],"predecessor-version":[{"id":4896,"href":"http:\/\/jnr-cpl.com\/index.php?rest_route=\/wp\/v2\/posts\/4891\/revisions\/4896"}],"wp:attachment":[{"href":"http:\/\/jnr-cpl.com\/index.php?rest_route=%2Fwp%2Fv2%2Fmedia&parent=4891"}],"wp:term":[{"taxonomy":"category","embeddable":true,"href":"http:\/\/jnr-cpl.com\/index.php?rest_route=%2Fwp%2Fv2%2Fcategories&post=4891"},{"taxonomy":"post_tag","embeddable":true,"href":"http:\/\/jnr-cpl.com\/index.php?rest_route=%2Fwp%2Fv2%2Ftags&post=4891"}],"curies":[{"name":"wp","href":"https:\/\/api.w.org\/{rel}","templated":true}]}}