{"id":4890,"date":"2022-05-23T10:44:54","date_gmt":"2022-05-23T08:44:54","guid":{"rendered":"http:\/\/jnr-cpl.com\/?p=4890"},"modified":"2022-05-23T10:44:55","modified_gmt":"2022-05-23T08:44:55","slug":"pierre-charret-a-narre-aux-collegiens-de-la-madeleine-sa-resistance-deleve-instituteur","status":"publish","type":"post","link":"http:\/\/jnr-cpl.com\/?p=4890","title":{"rendered":"Pierre Charret a narr\u00e9 aux coll\u00e9giens de La Madeleine sa r\u00e9sistance d\u2019\u00e9l\u00e8ve instituteur"},"content":{"rendered":"<p><img loading=\"lazy\" decoding=\"async\" class=\"alignnone size-full wp-image-4880\" src=\"http:\/\/jnr-cpl.com\/wp-content\/uploads\/2022\/05\/Capture-de\u0301cran-2022-05-23-a\u0300-10.22.19.png\" alt=\"\" width=\"108\" height=\"99\" \/><\/p>\n<header class=\"r-article--header\">Ces vendredi et lundi, Pierre Charret, 96 ans, est venu t\u00e9moigner de son pass\u00e9 de r\u00e9sistant dans les maquis du centre de la France, aupr\u00e8s d\u2019\u00e9l\u00e8ves du coll\u00e8ge Yvonne-Abbas de La Madeleine. Apr\u00e8s la guerre, il a \u00e9pous\u00e9 une Nordiste et s\u2019est install\u00e9 \u00e0 Wasquehal.<\/p>\n<p>Apr\u00e8s avoir parcouru en d\u00e9tail le \u00ab\u00a0<em>si\u00e8cle des guerres<\/em>\u00a0\u00bb, Pierre Charret, 96\u00a0ans, a confi\u00e9 aux coll\u00e9giens d\u2019Yvonne-Abbas, \u00e0 La Madeleine, ce qui l\u2019avait pouss\u00e9 \u00e0 la R\u00e9sistance. \u00ab\u00a0<em>Dans la famille de ma m\u00e8re, l\u2019a\u00een\u00e9 a conduit des camions jusqu\u2019\u00e0 l\u2019arm\u00e9e r\u00e9publicaine espagnole. J\u2019\u00e9tais en vacances chez mes grands-parents, dans le Limousin, et je l\u2019\u00e9coutais raconter les atrocit\u00e9s commises par les fascistes d\u2019Espagne.<\/em>\u00a0\u00bb<\/p>\n<p>Apr\u00e8s avoir parcouru en d\u00e9tail le \u00ab\u00a0<em>si\u00e8cle des guerres<\/em>\u00a0\u00bb, Pierre Charret, 96\u00a0ans, a confi\u00e9 aux coll\u00e9giens d\u2019Yvonne-Abbas, \u00e0 La Madeleine, ce qui l\u2019avait pouss\u00e9 \u00e0 la R\u00e9sistance. \u00ab\u00a0<em>Dans la famille de ma m\u00e8re, l\u2019a\u00een\u00e9 a conduit des camions jusqu\u2019\u00e0 l\u2019arm\u00e9e r\u00e9publicaine espagnole. J\u2019\u00e9tais en vacances chez mes grands-parents, dans le Limousin, et je l\u2019\u00e9coutais raconter les atrocit\u00e9s commises par les fascistes d\u2019Espagne.<\/em> \u00bb<\/p>\n<p>Pierre Charret int\u00e8gre l\u2019\u00c9cole normale sup\u00e9rieure de Gu\u00e9ret (Creuse) en 1942. Pendant l\u2019\u00e9t\u00e9 43, \u00ab\u00a0<em>un camarade aide \u00e0 ravitailler un maquis avec les paysans et fraternise avec les r\u00e9sistants. Leur principale action \u00e9tait de faire d\u00e9railler les trains sur la ligne Paris-Toulouse.<\/em>\u00a0\u00bb<\/p>\n<p>\u00c0 la rentr\u00e9e, quatre de ces \u00e9l\u00e8ves instituteurs d\u00e9cident de cr\u00e9er un groupe de Francs Tireurs Partisans, baptis\u00e9 Ren\u00e9 Laforge en m\u00e9moire d\u2019un normalien fusill\u00e9 pr\u00e8s de Dijon. Tr\u00e8s vite, il compte une quinzaine de membres. Il se r\u00e9unit et cache des armes au domicile d\u2019un copain, Pierre Jamet, qui mourra en d\u00e9portation. Une nuit, il vole des explosifs dans des caves de granit non gard\u00e9es, pr\u00e8s de Gu\u00e9ret. Une autre nuit, les instit\u2019 font le plein de tickets de ravitaillement gr\u00e2ce \u00e0 leurs <a href=\"https:\/\/www.lavoixdunord.fr\/1180121\/article\/2022-05-16\/pierre-charret-narre-aux-collegiens-de-la-madeleine-sa-resistance-d-eleve-d\" target=\"_blank\" rel=\"noopener\">v\u00e9los tous feux \u00e9teints.<\/a><\/p>\n<\/header>\n<p><strong>LIRE LA SUITE<\/strong><\/p>\n","protected":false},"excerpt":{"rendered":"<p>Ces vendredi et lundi, Pierre Charret, 96 ans, est venu t\u00e9moigner de son pass\u00e9 de r\u00e9sistant dans les maquis du centre de la France, aupr\u00e8s d\u2019\u00e9l\u00e8ves du coll\u00e8ge Yvonne-Abbas de La Madeleine. Apr\u00e8s la guerre, il a \u00e9pous\u00e9 une Nordiste et s\u2019est install\u00e9 \u00e0 Wasquehal. Apr\u00e8s avoir parcouru en d\u00e9tail le \u00ab\u00a0si\u00e8cle des guerres\u00a0\u00bb, Pierre &hellip; <\/p>\n<p class=\"read-more\"><a class=\"btn btn-default\" href=\"http:\/\/jnr-cpl.com\/?p=4890\"> Read More<span class=\"screen-reader-text\">  Read More<\/span><\/a><\/p>\n","protected":false},"author":1,"featured_media":0,"comment_status":"closed","ping_status":"open","sticky":false,"template":"","format":"standard","meta":{"footnotes":""},"categories":[19,18],"tags":[],"class_list":["post-4890","post","type-post","status-publish","format-standard","hentry","category-actualite-de-la-deportation","category-actualite-de-la-resistance"],"_links":{"self":[{"href":"http:\/\/jnr-cpl.com\/index.php?rest_route=\/wp\/v2\/posts\/4890","targetHints":{"allow":["GET"]}}],"collection":[{"href":"http:\/\/jnr-cpl.com\/index.php?rest_route=\/wp\/v2\/posts"}],"about":[{"href":"http:\/\/jnr-cpl.com\/index.php?rest_route=\/wp\/v2\/types\/post"}],"author":[{"embeddable":true,"href":"http:\/\/jnr-cpl.com\/index.php?rest_route=\/wp\/v2\/users\/1"}],"replies":[{"embeddable":true,"href":"http:\/\/jnr-cpl.com\/index.php?rest_route=%2Fwp%2Fv2%2Fcomments&post=4890"}],"version-history":[{"count":1,"href":"http:\/\/jnr-cpl.com\/index.php?rest_route=\/wp\/v2\/posts\/4890\/revisions"}],"predecessor-version":[{"id":4897,"href":"http:\/\/jnr-cpl.com\/index.php?rest_route=\/wp\/v2\/posts\/4890\/revisions\/4897"}],"wp:attachment":[{"href":"http:\/\/jnr-cpl.com\/index.php?rest_route=%2Fwp%2Fv2%2Fmedia&parent=4890"}],"wp:term":[{"taxonomy":"category","embeddable":true,"href":"http:\/\/jnr-cpl.com\/index.php?rest_route=%2Fwp%2Fv2%2Fcategories&post=4890"},{"taxonomy":"post_tag","embeddable":true,"href":"http:\/\/jnr-cpl.com\/index.php?rest_route=%2Fwp%2Fv2%2Ftags&post=4890"}],"curies":[{"name":"wp","href":"https:\/\/api.w.org\/{rel}","templated":true}]}}