{"id":4868,"date":"2022-05-23T10:41:32","date_gmt":"2022-05-23T08:41:32","guid":{"rendered":"http:\/\/jnr-cpl.com\/?p=4868"},"modified":"2022-05-23T10:41:44","modified_gmt":"2022-05-23T08:41:44","slug":"a-brest-une-plaque-en-la-memoire-direne-valle-resistante-de-la-premiere-heure","status":"publish","type":"post","link":"http:\/\/jnr-cpl.com\/?p=4868","title":{"rendered":"\u00c0 Brest, une plaque en la m\u00e9moire d\u2019Ir\u00e8ne Vall\u00e9, r\u00e9sistante de la premi\u00e8re heure"},"content":{"rendered":"<p><img loading=\"lazy\" decoding=\"async\" class=\"alignnone size-full wp-image-4877\" src=\"http:\/\/jnr-cpl.com\/wp-content\/uploads\/2022\/05\/Capture-de\u0301cran-2022-05-23-a\u0300-10.22.35.png\" alt=\"\" width=\"320\" height=\"71\" srcset=\"http:\/\/jnr-cpl.com\/wp-content\/uploads\/2022\/05\/Capture-de\u0301cran-2022-05-23-a\u0300-10.22.35.png 320w, http:\/\/jnr-cpl.com\/wp-content\/uploads\/2022\/05\/Capture-de\u0301cran-2022-05-23-a\u0300-10.22.35-300x67.png 300w\" sizes=\"auto, (max-width: 320px) 100vw, 320px\" \/><\/p>\n<p>Dans le cadre du 75e anniversaire de l\u2019attribution par la Nation, de la m\u00e9daille de la r\u00e9sistance \u00e0 la ville de Brest, et du dixi\u00e8me anniversaire de son d\u00e9c\u00e8s, une plaque \u00e0 la m\u00e9moire d\u2019Ir\u00e8ne Vall\u00e9 a \u00e9t\u00e9 d\u00e9voil\u00e9e samedi 21 mai, dans le quartier du Restic.<\/p>\n<h2>Agent tr\u00e8s actif de la R\u00e9sistance<\/h2>\n<p>R\u00e9sistante, officier de la L\u00e9gion d&rsquo;honneur, Ir\u00e8ne Vall\u00e9 (Daven\u00e9, de son nom de jeune fille) est n\u00e9e le 21 mai 1921 \u00e0 Rennes. Entr\u00e9e tr\u00e8s t\u00f4t dans la r\u00e9sistance, elle est d\u00e9nonc\u00e9e et arr\u00eat\u00e9e le 7 avril 1942. Apr\u00e8s un an de prison, elle devient un agent tr\u00e8s actif de la R\u00e9sistance sous le nom de \u00ab\u00a0Claudine\u00a0\u00bb. Elle fut une des seules femmes \u00e0 avoir eu des responsabilit\u00e9s nationales chez les Forces fran\u00e7aises de l\u2019int\u00e9rieur.<\/p>\n<p>\u00ab\u00a0J\u2019ai donn\u00e9 ma jeunesse \u00e0 mon pays, et j\u2019ai eu la chance de m\u2019en \u00eatre sortie\u00a0\u00bb, t\u00e9moignait-elle souvent, dans les \u00e9tablissements scolaires o\u00f9 elle transmettait les valeurs de la R\u00e9sistance. En pr\u00e9sence de nombreuses personnalit\u00e9s civiles et militaires, son fils Philippe Vall\u00e9, son arri\u00e8re-petite-fille In\u00e8s (5 ans) et Fran\u00e7ois Cuillandre, le maire de Brest, ont d\u00e9voil\u00e9 la plaque de la rue qui porte d\u00e9sormais son nom.<\/p>\n<p><a href=\"https:\/\/www.letelegramme.fr\/finistere\/brest\/a-brest-une-plaque-en-la-memoire-d-irene-valle-resistante-de-la-premiere-heure-21-05-2022-13036707.php\"><strong>LIRE LA SUITE<\/strong><\/a><\/p>\n","protected":false},"excerpt":{"rendered":"<p>Dans le cadre du 75e anniversaire de l\u2019attribution par la Nation, de la m\u00e9daille de la r\u00e9sistance \u00e0 la ville de Brest, et du dixi\u00e8me anniversaire de son d\u00e9c\u00e8s, une plaque \u00e0 la m\u00e9moire d\u2019Ir\u00e8ne Vall\u00e9 a \u00e9t\u00e9 d\u00e9voil\u00e9e samedi 21 mai, dans le quartier du Restic. Agent tr\u00e8s actif de la R\u00e9sistance R\u00e9sistante, officier &hellip; <\/p>\n<p class=\"read-more\"><a class=\"btn btn-default\" href=\"http:\/\/jnr-cpl.com\/?p=4868\"> Read More<span class=\"screen-reader-text\">  Read More<\/span><\/a><\/p>\n","protected":false},"author":1,"featured_media":0,"comment_status":"closed","ping_status":"open","sticky":false,"template":"","format":"standard","meta":{"footnotes":""},"categories":[18],"tags":[],"class_list":["post-4868","post","type-post","status-publish","format-standard","hentry","category-actualite-de-la-resistance"],"_links":{"self":[{"href":"http:\/\/jnr-cpl.com\/index.php?rest_route=\/wp\/v2\/posts\/4868","targetHints":{"allow":["GET"]}}],"collection":[{"href":"http:\/\/jnr-cpl.com\/index.php?rest_route=\/wp\/v2\/posts"}],"about":[{"href":"http:\/\/jnr-cpl.com\/index.php?rest_route=\/wp\/v2\/types\/post"}],"author":[{"embeddable":true,"href":"http:\/\/jnr-cpl.com\/index.php?rest_route=\/wp\/v2\/users\/1"}],"replies":[{"embeddable":true,"href":"http:\/\/jnr-cpl.com\/index.php?rest_route=%2Fwp%2Fv2%2Fcomments&post=4868"}],"version-history":[{"count":2,"href":"http:\/\/jnr-cpl.com\/index.php?rest_route=\/wp\/v2\/posts\/4868\/revisions"}],"predecessor-version":[{"id":4894,"href":"http:\/\/jnr-cpl.com\/index.php?rest_route=\/wp\/v2\/posts\/4868\/revisions\/4894"}],"wp:attachment":[{"href":"http:\/\/jnr-cpl.com\/index.php?rest_route=%2Fwp%2Fv2%2Fmedia&parent=4868"}],"wp:term":[{"taxonomy":"category","embeddable":true,"href":"http:\/\/jnr-cpl.com\/index.php?rest_route=%2Fwp%2Fv2%2Fcategories&post=4868"},{"taxonomy":"post_tag","embeddable":true,"href":"http:\/\/jnr-cpl.com\/index.php?rest_route=%2Fwp%2Fv2%2Ftags&post=4868"}],"curies":[{"name":"wp","href":"https:\/\/api.w.org\/{rel}","templated":true}]}}