{"id":4867,"date":"2022-05-23T10:42:33","date_gmt":"2022-05-23T08:42:33","guid":{"rendered":"http:\/\/jnr-cpl.com\/?p=4867"},"modified":"2022-05-23T10:42:33","modified_gmt":"2022-05-23T08:42:33","slug":"ginette-kolinka-a-limoges-pour-un-temoignage-inestimable","status":"publish","type":"post","link":"http:\/\/jnr-cpl.com\/?p=4867","title":{"rendered":"Ginette Kolinka \u00e0 Limoges pour un t\u00e9moignage inestimable"},"content":{"rendered":"<p><img loading=\"lazy\" decoding=\"async\" class=\"alignnone size-full wp-image-4878\" src=\"http:\/\/jnr-cpl.com\/wp-content\/uploads\/2022\/05\/Capture-de\u0301cran-2022-05-23-a\u0300-10.22.29.png\" alt=\"\" width=\"155\" height=\"59\" \/><\/p>\n<p class=\"article__intro\">\u00c0 97 ans, l\u2019ancienne d\u00e9port\u00e9e raconte inlassablement son histoire pour sensibiliser les g\u00e9n\u00e9rations futures et former de nouveaux \u00ab\u00a0passeurs de m\u00e9moire\u00a0\u00bb.<\/p>\n<p>La rencontre a eu lieu ce jeudi 19 mai au mus\u00e9e de la r\u00e9sistance de Limoges :\u00a0Ginette\u00a0Kolinka, 97 ans, l\u2019une des derni\u00e8res survivantes des camps de concentration,\u00a0est\u00a0revenue\u00a0sur son parcours\u00a0devant les \u00e9l\u00e8ves de plusieurs coll\u00e8ges de Haute-Vienne.<\/p>\n<h2 class=\"subheader\">D\u00e9nonciation, d\u00e9portation<\/h2>\n<p>Ginette\u00a0Kolinka, juive et ath\u00e9e, a grandi \u00e0 Aubervilliers avec ses parents, ses cinq s\u0153urs et son fr\u00e8re.<\/p>\n<p>Apr\u00e8s le d\u00e9but de la guerre, en juillet 1942, sa famille rejoint la zone libre et se r\u00e9fugie \u00e0 Avignon.<\/p>\n<p>Le 13 mars 1944, \u00e0 la suite d&rsquo;une d\u00e9nonciation, Ginette\u00a0Kolinka\u00a0est arr\u00eat\u00e9e par la\u00a0Gestapo\u00a0avec son p\u00e8re, son fr\u00e8re, et son neveu.\u00a0Elle a 19 ans.\u00a0Un mois plus tard, la famille est d\u00e9port\u00e9e vers le camp d&rsquo;Auschwitz-Birkenau.\u00a0Son p\u00e8re et son fr\u00e8re sont gaz\u00e9s.\u00a0Ginette\u00a0Kolinka\u00a0rejoint le camp des femmes.<\/p>\n<p>En mai 1945, elle change de camp, et\u00a0\u00e0 son arriv\u00e9e, elle est accueillie par les Alli\u00e9s, vainqueurs de la guerre. Elle p\u00e8se alors 26 kilos.\u00a0Elle retrouve \u00e0 Paris les membres de sa famille qui ont surv\u00e9cu :\u00a0sa m\u00e8re et quatre de ses cinq s\u0153urs.<\/p>\n<h2 class=\"subheader\">\u00ab\u00a0L\u2019humiliation, c\u2019\u00e9tait une fa\u00e7on de nous tuer\u00a0\u00bb.<\/h2>\n<p>Pendant son r\u00e9cit, Ginette\u00a0Kolinka\u00a0d\u00e9crit\u00a0sans d\u00e9tour et sans tabou de choses qu\u2019on ne trouve pas dans les livres d\u2019histoire :\u00a0un v\u00e9cu en d\u00e9tail de ses conditions de d\u00e9tention.\u00a0Elle parle de l\u2019hygi\u00e8ne, explique comment les d\u00e9port\u00e9s faisaient leurs besoins \u00e0 une centaine dans le m\u00eame trou, comment ils d\u00e9sinfectaient leurs plaies avec leur urine pour \u00e9viter de mourir d\u2019une infection.<\/p>\n<p><a href=\"https:\/\/france3-regions.francetvinfo.fr\/nouvelle-aquitaine\/haute-vienne\/limoges\/ginette-kolinka-a-limoges-pour-un-temoignage-inestimable-2545556.html\"><strong>LIRE LA SUITE<\/strong><\/a><\/p>\n","protected":false},"excerpt":{"rendered":"<p>\u00c0 97 ans, l\u2019ancienne d\u00e9port\u00e9e raconte inlassablement son histoire pour sensibiliser les g\u00e9n\u00e9rations futures et former de nouveaux \u00ab\u00a0passeurs de m\u00e9moire\u00a0\u00bb. La rencontre a eu lieu ce jeudi 19 mai au mus\u00e9e de la r\u00e9sistance de Limoges :\u00a0Ginette\u00a0Kolinka, 97 ans, l\u2019une des derni\u00e8res survivantes des camps de concentration,\u00a0est\u00a0revenue\u00a0sur son parcours\u00a0devant les \u00e9l\u00e8ves de plusieurs coll\u00e8ges &hellip; <\/p>\n<p class=\"read-more\"><a class=\"btn btn-default\" href=\"http:\/\/jnr-cpl.com\/?p=4867\"> Read More<span class=\"screen-reader-text\">  Read More<\/span><\/a><\/p>\n","protected":false},"author":1,"featured_media":0,"comment_status":"closed","ping_status":"open","sticky":false,"template":"","format":"standard","meta":{"footnotes":""},"categories":[19,18],"tags":[],"class_list":["post-4867","post","type-post","status-publish","format-standard","hentry","category-actualite-de-la-deportation","category-actualite-de-la-resistance"],"_links":{"self":[{"href":"http:\/\/jnr-cpl.com\/index.php?rest_route=\/wp\/v2\/posts\/4867","targetHints":{"allow":["GET"]}}],"collection":[{"href":"http:\/\/jnr-cpl.com\/index.php?rest_route=\/wp\/v2\/posts"}],"about":[{"href":"http:\/\/jnr-cpl.com\/index.php?rest_route=\/wp\/v2\/types\/post"}],"author":[{"embeddable":true,"href":"http:\/\/jnr-cpl.com\/index.php?rest_route=\/wp\/v2\/users\/1"}],"replies":[{"embeddable":true,"href":"http:\/\/jnr-cpl.com\/index.php?rest_route=%2Fwp%2Fv2%2Fcomments&post=4867"}],"version-history":[{"count":1,"href":"http:\/\/jnr-cpl.com\/index.php?rest_route=\/wp\/v2\/posts\/4867\/revisions"}],"predecessor-version":[{"id":4895,"href":"http:\/\/jnr-cpl.com\/index.php?rest_route=\/wp\/v2\/posts\/4867\/revisions\/4895"}],"wp:attachment":[{"href":"http:\/\/jnr-cpl.com\/index.php?rest_route=%2Fwp%2Fv2%2Fmedia&parent=4867"}],"wp:term":[{"taxonomy":"category","embeddable":true,"href":"http:\/\/jnr-cpl.com\/index.php?rest_route=%2Fwp%2Fv2%2Fcategories&post=4867"},{"taxonomy":"post_tag","embeddable":true,"href":"http:\/\/jnr-cpl.com\/index.php?rest_route=%2Fwp%2Fv2%2Ftags&post=4867"}],"curies":[{"name":"wp","href":"https:\/\/api.w.org\/{rel}","templated":true}]}}