{"id":4804,"date":"2022-05-02T08:44:40","date_gmt":"2022-05-02T06:44:40","guid":{"rendered":"http:\/\/jnr-cpl.com\/?p=4804"},"modified":"2022-05-02T08:44:40","modified_gmt":"2022-05-02T06:44:40","slug":"ambrieres-les-vallees-un-parcours-commente-sur-les-traces-des-resistants-deportes-en-1944","status":"publish","type":"post","link":"http:\/\/jnr-cpl.com\/?p=4804","title":{"rendered":"Ambri\u00e8res-les-Vall\u00e9es. Un parcours comment\u00e9 sur les traces des r\u00e9sistants d\u00e9port\u00e9s en 1944"},"content":{"rendered":"<h1><img loading=\"lazy\" decoding=\"async\" class=\"alignnone size-full wp-image-4812\" src=\"http:\/\/jnr-cpl.com\/wp-content\/uploads\/2022\/05\/Capture-de\u0301cran-2022-05-02-a\u0300-08.28.10.png\" alt=\"\" width=\"203\" height=\"86\" \/><\/h1>\n<p>Samedi 30 avril, le M\u00e9morial des D\u00e9port\u00e9s de la Mayenne propose une visite d&rsquo;Ambri\u00e8res sur les traces du groupe de r\u00e9sistants qui a op\u00e9r\u00e9 dans la commune entre 1942 et 1944.<\/p>\n<p><strong>Dimanche 24\u00a0avril 2022<\/strong>, la France c\u00e9l\u00e9brait sa Journ\u00e9e nationale du souvenir de la <strong>D\u00e9portation<\/strong>. Une semaine plus tard, le <strong>30 avril 2022<\/strong>, <strong>Ambri\u00e8res-les-Vall\u00e9es<\/strong> sera le th\u00e9\u00e2tre d\u2019un circuit comment\u00e9 organis\u00e9 par le <strong>M\u00e9morial des D\u00e9port\u00e9s de la Mayenne<\/strong>.<\/p>\n<p>Le sujet\u00a0? Le parcours d\u2019un r\u00e9seau de <strong>r\u00e9sistance<\/strong> bas\u00e9 dans l\u2019ancienne commune d\u2019Ambri\u00e8res-le-Grand, dont la majorit\u00e9 des membres ont \u00e9t\u00e9 arr\u00eat\u00e9s par la Gestapo les<strong> 9 et 10\u00a0mai 1944<\/strong>. Il y a tout juste 78 ans.<\/p>\n<p><a href=\"https:\/\/actu.fr\/pays-de-la-loire\/ambrieres-les-vallees_53003\/ambrieres-les-vallees-un-parcours-commente-sur-les-traces-des-resistants-deportes-en-1944_50582104.html\" target=\"_blank\" rel=\"noopener\"><strong>LIRE LA SUITE<\/strong><\/a><\/p>\n","protected":false},"excerpt":{"rendered":"<p>Samedi 30 avril, le M\u00e9morial des D\u00e9port\u00e9s de la Mayenne propose une visite d&rsquo;Ambri\u00e8res sur les traces du groupe de r\u00e9sistants qui a op\u00e9r\u00e9 dans la commune entre 1942 et 1944. Dimanche 24\u00a0avril 2022, la France c\u00e9l\u00e9brait sa Journ\u00e9e nationale du souvenir de la D\u00e9portation. Une semaine plus tard, le 30 avril 2022, Ambri\u00e8res-les-Vall\u00e9es sera &hellip; <\/p>\n<p class=\"read-more\"><a class=\"btn btn-default\" href=\"http:\/\/jnr-cpl.com\/?p=4804\"> Read More<span class=\"screen-reader-text\">  Read More<\/span><\/a><\/p>\n","protected":false},"author":1,"featured_media":0,"comment_status":"closed","ping_status":"open","sticky":false,"template":"","format":"standard","meta":{"footnotes":""},"categories":[18],"tags":[],"class_list":["post-4804","post","type-post","status-publish","format-standard","hentry","category-actualite-de-la-resistance"],"_links":{"self":[{"href":"http:\/\/jnr-cpl.com\/index.php?rest_route=\/wp\/v2\/posts\/4804","targetHints":{"allow":["GET"]}}],"collection":[{"href":"http:\/\/jnr-cpl.com\/index.php?rest_route=\/wp\/v2\/posts"}],"about":[{"href":"http:\/\/jnr-cpl.com\/index.php?rest_route=\/wp\/v2\/types\/post"}],"author":[{"embeddable":true,"href":"http:\/\/jnr-cpl.com\/index.php?rest_route=\/wp\/v2\/users\/1"}],"replies":[{"embeddable":true,"href":"http:\/\/jnr-cpl.com\/index.php?rest_route=%2Fwp%2Fv2%2Fcomments&post=4804"}],"version-history":[{"count":1,"href":"http:\/\/jnr-cpl.com\/index.php?rest_route=\/wp\/v2\/posts\/4804\/revisions"}],"predecessor-version":[{"id":4823,"href":"http:\/\/jnr-cpl.com\/index.php?rest_route=\/wp\/v2\/posts\/4804\/revisions\/4823"}],"wp:attachment":[{"href":"http:\/\/jnr-cpl.com\/index.php?rest_route=%2Fwp%2Fv2%2Fmedia&parent=4804"}],"wp:term":[{"taxonomy":"category","embeddable":true,"href":"http:\/\/jnr-cpl.com\/index.php?rest_route=%2Fwp%2Fv2%2Fcategories&post=4804"},{"taxonomy":"post_tag","embeddable":true,"href":"http:\/\/jnr-cpl.com\/index.php?rest_route=%2Fwp%2Fv2%2Ftags&post=4804"}],"curies":[{"name":"wp","href":"https:\/\/api.w.org\/{rel}","templated":true}]}}