{"id":4028,"date":"2021-06-21T08:39:35","date_gmt":"2021-06-21T06:39:35","guid":{"rendered":"http:\/\/jnr-cpl.com\/?p=4028"},"modified":"2021-06-21T08:40:37","modified_gmt":"2021-06-21T06:40:37","slug":"le-jour-ou-le-general-de-gaulle-aurait-eu-lidee-de-lappel-du-18-juin-40-a-huppy-dans-la-somme","status":"publish","type":"post","link":"http:\/\/jnr-cpl.com\/?p=4028","title":{"rendered":"Le jour o\u00f9 le G\u00e9n\u00e9ral de Gaulle aurait eu l&rsquo;id\u00e9e de l&rsquo;appel du 18 juin 40 \u00e0 Huppy dans la Somme"},"content":{"rendered":"<p><img loading=\"lazy\" decoding=\"async\" class=\"alignnone size-full wp-image-4032\" src=\"http:\/\/jnr-cpl.com\/wp-content\/uploads\/2021\/06\/Capture-d\u2019e\u0301cran-2021-06-21-a\u0300-08.29.34.png\" alt=\"\" width=\"234\" height=\"92\" \/><\/p>\n<p>En 1940, c\u2019est \u00e0 Huppy, un village de 800 habitants dans la Somme, que le G\u00e9n\u00e9ral de Gaulle aurait eu l\u2019id\u00e9e de son c\u00e9l\u00e8bre discours apr\u00e8s \u00eatre venu fin mai de la m\u00eame ann\u00e9e.<\/p>\n<p><img loading=\"lazy\" decoding=\"async\" class=\"alignnone size-full wp-image-4037\" src=\"http:\/\/jnr-cpl.com\/wp-content\/uploads\/2021\/06\/Capture-d\u2019e\u0301cran-2021-06-21-a\u0300-08.38.25.png\" alt=\"\" width=\"673\" height=\"380\" srcset=\"http:\/\/jnr-cpl.com\/wp-content\/uploads\/2021\/06\/Capture-d\u2019e\u0301cran-2021-06-21-a\u0300-08.38.25.png 673w, http:\/\/jnr-cpl.com\/wp-content\/uploads\/2021\/06\/Capture-d\u2019e\u0301cran-2021-06-21-a\u0300-08.38.25-300x169.png 300w, http:\/\/jnr-cpl.com\/wp-content\/uploads\/2021\/06\/Capture-d\u2019e\u0301cran-2021-06-21-a\u0300-08.38.25-478x270.png 478w\" sizes=\"auto, (max-width: 673px) 100vw, 673px\" \/><\/p>\n<p>En cette ann\u00e9e 2021,\u00a0le 81 on c\u00e9l\u00e8bre le 81<sup>e <\/sup>anniversaire de l\u2019appel du 18 juin 1940 du G\u00e9n\u00e9ral de Gaulle.\u00a0Ce c\u00e9l\u00e8bre discours, prononc\u00e9 \u00e0 la radio de Londres, est consid\u00e9r\u00e9 comme le texte fondateur de la R\u00e9sistance fran\u00e7aise, dont il demeure le symbole.<\/p>\n<p>Un \u00e9v\u00e9nement majeur qui a marqu\u00e9 l\u2019Histoire de France, mais aussi, celle d\u2019un village de la Somme, Huppy. Car c\u2019est dans cette bourgade de 800 habitants que le G\u00e9n\u00e9ral de Gaulle aurait eu l\u2019id\u00e9e de faire appel aux Fran\u00e7ais pour continuer le combat contre l\u2019Allemagne.<\/p>\n<h2>Un passage express \u00e0\u00a0Huppy\u00a0en 1940 \u00e0 l\u2019origine de tout<\/h2>\n<p>En mai 1940, nous ne sommes qu\u2019au d\u00e9but de la Seconde guerre mondiale et Charles de Gaulle n\u2019est encore que colonel.\u00a0\u00c0 la t\u00eate de la 4<sup>e<\/sup> division cuirass\u00e9e\u00a0(4<sup>e<\/sup>\u00a0DCr), il dirige le 17 mai une contre-attaque vers Montcornet, au nord-est de Laon dans l&rsquo;Aisne.\u00a0Offensive r\u00e9ussie pour une division blind\u00e9e r\u00e9cemment constitu\u00e9e et dont les unit\u00e9s n\u2019avaient encore jamais op\u00e9r\u00e9 ensemble.<\/p>\n<p>Une dizaine de jours plus tard, la division se dirige au sud d\u2019Abbeville dans la Somme dans le but d\u2019attaquer la t\u00eate de pont allemande, l&rsquo;objectif g\u00e9n\u00e9ral \u00e9tant de d\u00e9gager les unit\u00e9s encercl\u00e9es de la poche de Dunkerque.<\/p>\n<p><a href=\"https:\/\/france3-regions.francetvinfo.fr\/hauts-de-france\/somme\/l-histoire-du-dimanche-le-jour-ou-le-general-de-gaulle-aurait-eu-l-idee-de-l-appel-du-18-juin-40-a-huppy-dans-la-somme-2140717.html\" target=\"_blank\" rel=\"noopener noreferrer\">LIRE LA SUITE<\/a><\/p>\n<p>&nbsp;<\/p>\n","protected":false},"excerpt":{"rendered":"<p>En 1940, c\u2019est \u00e0 Huppy, un village de 800 habitants dans la Somme, que le G\u00e9n\u00e9ral de Gaulle aurait eu l\u2019id\u00e9e de son c\u00e9l\u00e8bre discours apr\u00e8s \u00eatre venu fin mai de la m\u00eame ann\u00e9e. En cette ann\u00e9e 2021,\u00a0le 81 on c\u00e9l\u00e8bre le 81e anniversaire de l\u2019appel du 18 juin 1940 du G\u00e9n\u00e9ral de Gaulle.\u00a0Ce c\u00e9l\u00e8bre &hellip; <\/p>\n<p class=\"read-more\"><a class=\"btn btn-default\" href=\"http:\/\/jnr-cpl.com\/?p=4028\"> Read More<span class=\"screen-reader-text\">  Read More<\/span><\/a><\/p>\n","protected":false},"author":1,"featured_media":0,"comment_status":"closed","ping_status":"open","sticky":false,"template":"","format":"standard","meta":{"footnotes":""},"categories":[18],"tags":[],"class_list":["post-4028","post","type-post","status-publish","format-standard","hentry","category-actualite-de-la-resistance"],"_links":{"self":[{"href":"http:\/\/jnr-cpl.com\/index.php?rest_route=\/wp\/v2\/posts\/4028","targetHints":{"allow":["GET"]}}],"collection":[{"href":"http:\/\/jnr-cpl.com\/index.php?rest_route=\/wp\/v2\/posts"}],"about":[{"href":"http:\/\/jnr-cpl.com\/index.php?rest_route=\/wp\/v2\/types\/post"}],"author":[{"embeddable":true,"href":"http:\/\/jnr-cpl.com\/index.php?rest_route=\/wp\/v2\/users\/1"}],"replies":[{"embeddable":true,"href":"http:\/\/jnr-cpl.com\/index.php?rest_route=%2Fwp%2Fv2%2Fcomments&post=4028"}],"version-history":[{"count":1,"href":"http:\/\/jnr-cpl.com\/index.php?rest_route=\/wp\/v2\/posts\/4028\/revisions"}],"predecessor-version":[{"id":4038,"href":"http:\/\/jnr-cpl.com\/index.php?rest_route=\/wp\/v2\/posts\/4028\/revisions\/4038"}],"wp:attachment":[{"href":"http:\/\/jnr-cpl.com\/index.php?rest_route=%2Fwp%2Fv2%2Fmedia&parent=4028"}],"wp:term":[{"taxonomy":"category","embeddable":true,"href":"http:\/\/jnr-cpl.com\/index.php?rest_route=%2Fwp%2Fv2%2Fcategories&post=4028"},{"taxonomy":"post_tag","embeddable":true,"href":"http:\/\/jnr-cpl.com\/index.php?rest_route=%2Fwp%2Fv2%2Ftags&post=4028"}],"curies":[{"name":"wp","href":"https:\/\/api.w.org\/{rel}","templated":true}]}}