{"id":4024,"date":"2021-06-21T08:37:38","date_gmt":"2021-06-21T06:37:38","guid":{"rendered":"http:\/\/jnr-cpl.com\/?p=4024"},"modified":"2021-06-21T08:37:38","modified_gmt":"2021-06-21T06:37:38","slug":"hommage-a-lhistorien-et-resistant-marc-bloch-execute-dans-lain-le-16-juin-1944","status":"publish","type":"post","link":"http:\/\/jnr-cpl.com\/?p=4024","title":{"rendered":"Hommage \u00e0 l\u2019historien et r\u00e9sistant Marc Bloch, ex\u00e9cut\u00e9 dans l\u2019Ain le 16\u00a0juin 1944"},"content":{"rendered":"<p><img loading=\"lazy\" decoding=\"async\" class=\"alignnone size-full wp-image-4014\" src=\"http:\/\/jnr-cpl.com\/wp-content\/uploads\/2021\/06\/Capture-d\u2019e\u0301cran-2021-06-14-a\u0300-14.48.12.png\" alt=\"\" width=\"165\" height=\"86\" \/><\/p>\n<p class=\"chapo\">L\u2019historien r\u00e9put\u00e9 et r\u00e9sistant a \u00e9t\u00e9 ex\u00e9cut\u00e9 il y a 77 ans.<\/p>\n<div class=\"textComponent element1\">\n<p>Ce mercredi a \u00e9t\u00e9 comm\u00e9mor\u00e9, \u00e0 Caluire et \u00e0 Saint Didier de Formans, le \u00ab\u00a0massacre de Rousille\u00a0\u00bb\u00a0: le 16\u00a0juin 1944, Marc Bloch \u00e9tait ex\u00e9cut\u00e9 dans ce village de l\u2019Ain avec 32 d\u00e9tenus extraits de Montluc.<\/p>\n<p>De g\u00e9n\u00e9reux donateurs, membres de l\u2019association Histoire et Patrimoine et du groupe de travail Marc Bloch, ont offert la gerbe d\u00e9pos\u00e9e au pied de la plaque comm\u00e9morative viss\u00e9e l\u2019an dernier au 21bis rue de l\u2019Orangerie\u00a0: c\u2019\u00e9tait aussi l\u2019occasion de saluer le souvenir de Blanche et Ren\u00e9 Molino qui ont h\u00e9berg\u00e9 \u00e0 La Sabli\u00e8re le r\u00e9sistant jusqu\u2019\u00e0 son arrestation le 8\u00a0mars 1944. La boulang\u00e8re a d\u00e9nonc\u00e9 bien involontairement \u00ab\u00a0M.\u00a0Blanchard\u00a0\u00bb \u00e0 la Gestapo alors qu\u2019il descendait prendre le tramway place de la Boucle en sortant de chez elle. Emprisonn\u00e9, il fera avec d\u2019autres, les frais de la r\u00e9pression extrajudiciaire exerc\u00e9e par les Allemands apr\u00e8s le d\u00e9barquement alli\u00e9.<\/p>\n<p>Micha Roumiantzeff animait la c\u00e9r\u00e9monie en pr\u00e9sence de Patrick Ciappara, adjoint au maire. Le fils de Marc Bloch, Daniel, \u00e9voquait la fin tragique de son p\u00e8re, et l\u2019historienne de Lyon 2 Cindy Biesse, auteur d\u2019une th\u00e8se sur \u00ab\u00a0500 Justes de la R\u00e9gion Rh\u00f4ne-Alpes\u00a0\u00bb, revenait sur le d\u00e9roulement des \u00e9v\u00e9nements.<\/p>\n<\/div>\n","protected":false},"excerpt":{"rendered":"<p>L\u2019historien r\u00e9put\u00e9 et r\u00e9sistant a \u00e9t\u00e9 ex\u00e9cut\u00e9 il y a 77 ans. Ce mercredi a \u00e9t\u00e9 comm\u00e9mor\u00e9, \u00e0 Caluire et \u00e0 Saint Didier de Formans, le \u00ab\u00a0massacre de Rousille\u00a0\u00bb\u00a0: le 16\u00a0juin 1944, Marc Bloch \u00e9tait ex\u00e9cut\u00e9 dans ce village de l\u2019Ain avec 32 d\u00e9tenus extraits de Montluc. De g\u00e9n\u00e9reux donateurs, membres de l\u2019association Histoire et &hellip; <\/p>\n<p class=\"read-more\"><a class=\"btn btn-default\" href=\"http:\/\/jnr-cpl.com\/?p=4024\"> Read More<span class=\"screen-reader-text\">  Read More<\/span><\/a><\/p>\n","protected":false},"author":1,"featured_media":0,"comment_status":"closed","ping_status":"open","sticky":false,"template":"","format":"standard","meta":{"footnotes":""},"categories":[18],"tags":[],"class_list":["post-4024","post","type-post","status-publish","format-standard","hentry","category-actualite-de-la-resistance"],"_links":{"self":[{"href":"http:\/\/jnr-cpl.com\/index.php?rest_route=\/wp\/v2\/posts\/4024","targetHints":{"allow":["GET"]}}],"collection":[{"href":"http:\/\/jnr-cpl.com\/index.php?rest_route=\/wp\/v2\/posts"}],"about":[{"href":"http:\/\/jnr-cpl.com\/index.php?rest_route=\/wp\/v2\/types\/post"}],"author":[{"embeddable":true,"href":"http:\/\/jnr-cpl.com\/index.php?rest_route=\/wp\/v2\/users\/1"}],"replies":[{"embeddable":true,"href":"http:\/\/jnr-cpl.com\/index.php?rest_route=%2Fwp%2Fv2%2Fcomments&post=4024"}],"version-history":[{"count":1,"href":"http:\/\/jnr-cpl.com\/index.php?rest_route=\/wp\/v2\/posts\/4024\/revisions"}],"predecessor-version":[{"id":4036,"href":"http:\/\/jnr-cpl.com\/index.php?rest_route=\/wp\/v2\/posts\/4024\/revisions\/4036"}],"wp:attachment":[{"href":"http:\/\/jnr-cpl.com\/index.php?rest_route=%2Fwp%2Fv2%2Fmedia&parent=4024"}],"wp:term":[{"taxonomy":"category","embeddable":true,"href":"http:\/\/jnr-cpl.com\/index.php?rest_route=%2Fwp%2Fv2%2Fcategories&post=4024"},{"taxonomy":"post_tag","embeddable":true,"href":"http:\/\/jnr-cpl.com\/index.php?rest_route=%2Fwp%2Fv2%2Ftags&post=4024"}],"curies":[{"name":"wp","href":"https:\/\/api.w.org\/{rel}","templated":true}]}}