{"id":4023,"date":"2021-06-21T08:36:47","date_gmt":"2021-06-21T06:36:47","guid":{"rendered":"http:\/\/jnr-cpl.com\/?p=4023"},"modified":"2021-06-21T08:37:01","modified_gmt":"2021-06-21T06:37:01","slug":"ginette-kolinka-rescapee-dauschwitz-maintenant-vous-savez","status":"publish","type":"post","link":"http:\/\/jnr-cpl.com\/?p=4023","title":{"rendered":"Ginette Kolinka, rescap\u00e9e d\u2019Auschwitz : \u00ab Maintenant, vous savez\u2026 \u00bb"},"content":{"rendered":"<p><img loading=\"lazy\" decoding=\"async\" class=\"alignnone size-full wp-image-4030\" src=\"http:\/\/jnr-cpl.com\/wp-content\/uploads\/2021\/06\/Capture-d\u2019e\u0301cran-2021-06-21-a\u0300-08.29.40.png\" alt=\"\" width=\"332\" height=\"80\" srcset=\"http:\/\/jnr-cpl.com\/wp-content\/uploads\/2021\/06\/Capture-d\u2019e\u0301cran-2021-06-21-a\u0300-08.29.40.png 332w, http:\/\/jnr-cpl.com\/wp-content\/uploads\/2021\/06\/Capture-d\u2019e\u0301cran-2021-06-21-a\u0300-08.29.40-300x72.png 300w\" sizes=\"auto, (max-width: 332px) 100vw, 332px\" \/><\/p>\n<div class=\"infos-publication\">\n<p>Publi\u00e9 le <time class=\"ng-binding\" datetime=\"2021-06-20T06:25:00.000+0200\"> 20\/06\/2021 \u00e0 06:25 <\/time> <span class=\"sep\">|<\/span> Mis \u00e0 jour le <time class=\"ng-binding\" datetime=\"2021-06-20T06:25:00.000+0200\"> 20\/06\/2021 \u00e0 06:25 <\/time><\/p>\n<div class=\"chapo-wrapper ng-scope\">\n<div class=\"wysiwyg\">\n<div class=\"rubedo-field-inner\">\n<div class=\"ng-scope\">\n<div class=\"ng-scope\">\n<div class=\"ng-scope\">\n<div class=\"chapo ng-scope\">\n<p class=\"ng-binding ng-scope\">Pendant plus de deux heures, Ginette Kolinka, 96 ans, a racont\u00e9 \u00e0 des coll\u00e9giens son extraordinaire histoire dans l\u2019enfer des camps de la mort, dont elle a r\u00e9chapp\u00e9.<\/p>\n<\/div>\n<\/div>\n<\/div>\n<\/div>\n<\/div>\n<\/div>\n<\/div>\n<div class=\"rubedo-block-pave-haut ng-scope\">\n<div class=\"rubedo-block-nr ng-scope true\">\n<div class=\"ng-scope\">\n<div class=\"rubedo-block-nr-has-content rubedo-block-dfp\">\n<div id=\"nrco_pub_dfp_Pave_Haut_57da5cf9459a4552008b4b1b\" class=\"nrco_pub_dfp Pave_Haut\">\n<div><\/div>\n<\/div>\n<\/div>\n<\/div>\n<\/div>\n<\/div>\n<div>\n<div class=\"wysiwyg paywall clearfix\">\n<div class=\"rubedo-field-inner\">\n<div class=\"ng-scope\">\n<div class=\"ng-scope\">\n<div class=\"wrapper-rubedo-field ng-scope\">\n<div class=\"rubedo-field-inner\">\n<div class=\"ng-scope\">\n<div class=\"ng-scope\">\n<div class=\"ng-scope\">Les \u00e9l\u00e8ves de 4e et 3e du coll\u00e8ge de Chavagnes ont \u00e9t\u00e9 \u00e9mus par le t\u00e9moignage de Ginette Kolinka (1), au centre culturel Ren\u00e9-Monory, bien que pr\u00e9par\u00e9s par leur professeur d\u2019histoire Anne Lemetayer. Elle a \u00e9t\u00e9 accueillie par le principal Gr\u00e9gory Adam et Jo\u00ebl Dazas, le maire de Loudun.<br \/>\nAu d\u00e9but de sa conf\u00e9rence, Ginette Kolinka montre deux photos. L\u2019une, c\u2019est son fr\u00e8re de 10\u00a0ans et l\u2019autre, son neveu de 14\u00a0ans. Elle demande aux coll\u00e9giens\u00a0: <em>\u00ab\u00a0Regardez-moi bien et ces photos que je vous montre, est-ce que ce sont des gens normaux\u00a0?\u00a0\u00bb<\/em> La r\u00e9ponse est \u00e9videmment affirmative. <em>\u00ab\u00a0Pour vous, nous sommes normaux, mais pas pour les nazis, nous ne sommes pas normaux parce que nous sommes juifs.\u00a0\u00bb<\/em><br \/>\n<span class=\"Relance\">\u00ab\u00a0Mon p\u00e8re, mon fr\u00e8re et mon neveu sont gaz\u00e9s \u00e0 l\u2019arriv\u00e9e\u00a0\u00bb <\/span>Elle \u00e9voque le souvenir d\u2019une enfance normale. Elle est n\u00e9e \u00e0 Paris en f\u00e9vrier\u00a01925, la petite derni\u00e8re d\u2019une famille de six filles et un gar\u00e7on. <em>\u00ab\u00a0Avec mes s\u0153urs, nous avions un stand au march\u00e9 d\u2019Aubervilliers, on vendait de la lingerie et mon p\u00e8re avait un atelier de confection.\u00a0\u00bb<\/em><br \/>\nFin d\u00e9cembre\u00a01942, les juifs sont recens\u00e9s dans les commissariats, la mention \u00ab\u00a0juif\u00a0\u00bb est appos\u00e9e sur leur carte d\u2019identit\u00e9, ils sont oblig\u00e9s de porter une \u00e9toile jaune bord\u00e9e de noir sur leurs v\u00eatements. <em>\u00ab\u00a0En 1942, toute la famille est partie s\u2019installer \u00e0 Avignon, apr\u00e8s un p\u00e9riple avec des faux papiers et l\u2019aide de passeurs.\u00a0\u00bb \u00ab\u00a0En 1944, nous pensions que tout le monde avait oubli\u00e9 que nous \u00e9tions juifs avec nos nouveaux papiers mais, autour de nous, tout le monde savait\u00a0\u00bb<\/em>, se souvient-elle. Le 13\u00a0mars 1944 sur d\u00e9nonciation, la Gestapo et la Milice viennent arr\u00eater son p\u00e8re, son fr\u00e8re de 12 ans, son neveu de 14 ans et Ginette elle-m\u00eame sur le march\u00e9.<br \/>\n<em>\u00ab\u00a0Nous sommes intern\u00e9s au camp de Drancy, le 13\u00a0avril. Nous sommes d\u00e9port\u00e9s en wagons \u00e0 bestiaux depuis la gare de Bobigny jusqu\u2019\u00e0 Auschwitz Birkenau. Mon p\u00e8re, mon fr\u00e8re et mon neveu rejoignent les camions et sont gaz\u00e9s \u00e0 l\u2019arriv\u00e9e.\u00a0Moi, je pensais que nous allions rejoindre un camp de travail.\u00a0\u00bb<\/em><br \/>\nPuis elle raconte l\u2019impensable horreur\u00a0: <em>\u00ab\u00a0En un instant, c\u2019\u00e9tait fini, on perdait notre identit\u00e9, notre humanit\u00e9, il fallait se d\u00e9shabiller, on nous rasait les cheveux et le sexe, on nous tatouait un matricule sur le bras. Nous \u00e9tions couch\u00e9s \u00e0 deux sur une couchette \u00e9troite, rien pour la toilette, nous vivions dans la crasse et la puanteur, d\u00e9vor\u00e9s par les poux. Une humiliation intentionnelle et m\u00e9thodique, accentu\u00e9e par les coups des kapos, la faim et la peur.\u00a0\u00bb<\/em><\/div>\n<div><\/div>\n<div><a href=\"https:\/\/www.lanouvellerepublique.fr\/loudun\/ginette-kolinka-rescapee-d-auschwitz-maintenant-vous-savez\" target=\"_blank\" rel=\"noopener noreferrer\"><strong>LIRE LA SUITE<\/strong><\/a><\/div>\n<\/div>\n<\/div>\n<\/div>\n<\/div>\n<\/div>\n<\/div>\n<\/div>\n<\/div>\n<\/div>\n<\/div>\n","protected":false},"excerpt":{"rendered":"<p>Publi\u00e9 le 20\/06\/2021 \u00e0 06:25 | Mis \u00e0 jour le 20\/06\/2021 \u00e0 06:25 Pendant plus de deux heures, Ginette Kolinka, 96 ans, a racont\u00e9 \u00e0 des coll\u00e9giens son extraordinaire histoire dans l\u2019enfer des camps de la mort, dont elle a r\u00e9chapp\u00e9. Les \u00e9l\u00e8ves de 4e et 3e du coll\u00e8ge de Chavagnes ont \u00e9t\u00e9 \u00e9mus par &hellip; <\/p>\n<p class=\"read-more\"><a class=\"btn btn-default\" href=\"http:\/\/jnr-cpl.com\/?p=4023\"> Read More<span class=\"screen-reader-text\">  Read More<\/span><\/a><\/p>\n","protected":false},"author":1,"featured_media":0,"comment_status":"closed","ping_status":"open","sticky":false,"template":"","format":"standard","meta":{"footnotes":""},"categories":[19,18],"tags":[],"class_list":["post-4023","post","type-post","status-publish","format-standard","hentry","category-actualite-de-la-deportation","category-actualite-de-la-resistance"],"_links":{"self":[{"href":"http:\/\/jnr-cpl.com\/index.php?rest_route=\/wp\/v2\/posts\/4023","targetHints":{"allow":["GET"]}}],"collection":[{"href":"http:\/\/jnr-cpl.com\/index.php?rest_route=\/wp\/v2\/posts"}],"about":[{"href":"http:\/\/jnr-cpl.com\/index.php?rest_route=\/wp\/v2\/types\/post"}],"author":[{"embeddable":true,"href":"http:\/\/jnr-cpl.com\/index.php?rest_route=\/wp\/v2\/users\/1"}],"replies":[{"embeddable":true,"href":"http:\/\/jnr-cpl.com\/index.php?rest_route=%2Fwp%2Fv2%2Fcomments&post=4023"}],"version-history":[{"count":1,"href":"http:\/\/jnr-cpl.com\/index.php?rest_route=\/wp\/v2\/posts\/4023\/revisions"}],"predecessor-version":[{"id":4035,"href":"http:\/\/jnr-cpl.com\/index.php?rest_route=\/wp\/v2\/posts\/4023\/revisions\/4035"}],"wp:attachment":[{"href":"http:\/\/jnr-cpl.com\/index.php?rest_route=%2Fwp%2Fv2%2Fmedia&parent=4023"}],"wp:term":[{"taxonomy":"category","embeddable":true,"href":"http:\/\/jnr-cpl.com\/index.php?rest_route=%2Fwp%2Fv2%2Fcategories&post=4023"},{"taxonomy":"post_tag","embeddable":true,"href":"http:\/\/jnr-cpl.com\/index.php?rest_route=%2Fwp%2Fv2%2Ftags&post=4023"}],"curies":[{"name":"wp","href":"https:\/\/api.w.org\/{rel}","templated":true}]}}