{"id":4006,"date":"2021-06-14T14:57:27","date_gmt":"2021-06-14T12:57:27","guid":{"rendered":"http:\/\/jnr-cpl.com\/?p=4006"},"modified":"2021-06-14T14:57:27","modified_gmt":"2021-06-14T12:57:27","slug":"francois-de-gaalon-figure-de-la-resistance-et-ancien-maire-de-bieville-quetieville-est-decede","status":"publish","type":"post","link":"http:\/\/jnr-cpl.com\/?p=4006","title":{"rendered":"Fran\u00e7ois de Gaalon, figure de la R\u00e9sistance et ancien maire de Bi\u00e9ville-Qu\u00e9ti\u00e9ville, est d\u00e9c\u00e9d\u00e9"},"content":{"rendered":"<p><img loading=\"lazy\" decoding=\"async\" class=\"alignnone size-full wp-image-4014\" src=\"http:\/\/jnr-cpl.com\/wp-content\/uploads\/2021\/06\/Capture-d\u2019e\u0301cran-2021-06-14-a\u0300-14.48.12.png\" alt=\"\" width=\"165\" height=\"86\" \/><\/p>\n<p>Fran\u00e7ois de Gaalon restera une figure embl\u00e9matique de la R\u00e9sistance fran\u00e7aise lors de la Seconde Guerre mondiale. Il est d\u00e9c\u00e9d\u00e9 le 1er juin 2021, \u00e0 96 ans.<\/p>\n<p>N\u00e9 le 12 mai 1925 \u00e0 Paris, Fran\u00e7ois de Gaalon s\u2019installe dans une propri\u00e9t\u00e9 familiale de Bi\u00e9ville-en-Auge (Calvados) apr\u00e8s son mariage, \u00e0 la fin des ann\u00e9es quarante. Tout d\u2019abord agriculteur, fabriquant notamment les Petits-Suisses de la marque \u00ab La petite normande \u00bb, il se consacre ensuite \u00e0 son v\u00e9ritable m\u00e9tier d\u2019expert foncier agricole jusqu\u2019\u00e0 sa retraite, qu\u2019il prendra tr\u00e8s tard.<\/p>\n<p>Entr\u00e9 en r\u00e9sistance en 1943 sous le nom de guerre \u00ab Franck \u00bb, il est affect\u00e9 au service de diffusion et des faux papiers, puis fait partie du maquis de Seine-et-Oise (ex-Val d\u2019Oise), o\u00f9 il prend part \u00e0 de nombreuses actions \u00ab Avec beaucoup de courage et d\u2019initiative \u00bb, selon Philippe Vianney, chef du r\u00e9seau D\u00e9fense de la France, qui le nommera Sous-Lieutenant en ao\u00fbt 1944, et le proposera pour la L\u00e9gion d\u2019Honneur.<\/p>\n<p>&nbsp;<\/p>\n<p><a href=\"https:\/\/actu.fr\/normandie\/mezidon-vallee-d-auge_14431\/francois-de-gaalon-figure-de-la-resistance-et-ancien-maire-de-bieville-quetieville-est-decede_42432536.html\" target=\"_blank\" rel=\"noopener noreferrer\"><strong>LIRE LA SUITE<\/strong><\/a><\/p>\n","protected":false},"excerpt":{"rendered":"<p>Fran\u00e7ois de Gaalon restera une figure embl\u00e9matique de la R\u00e9sistance fran\u00e7aise lors de la Seconde Guerre mondiale. Il est d\u00e9c\u00e9d\u00e9 le 1er juin 2021, \u00e0 96 ans. N\u00e9 le 12 mai 1925 \u00e0 Paris, Fran\u00e7ois de Gaalon s\u2019installe dans une propri\u00e9t\u00e9 familiale de Bi\u00e9ville-en-Auge (Calvados) apr\u00e8s son mariage, \u00e0 la fin des ann\u00e9es quarante. Tout &hellip; <\/p>\n<p class=\"read-more\"><a class=\"btn btn-default\" href=\"http:\/\/jnr-cpl.com\/?p=4006\"> Read More<span class=\"screen-reader-text\">  Read More<\/span><\/a><\/p>\n","protected":false},"author":1,"featured_media":0,"comment_status":"closed","ping_status":"open","sticky":false,"template":"","format":"standard","meta":{"footnotes":""},"categories":[18],"tags":[],"class_list":["post-4006","post","type-post","status-publish","format-standard","hentry","category-actualite-de-la-resistance"],"_links":{"self":[{"href":"http:\/\/jnr-cpl.com\/index.php?rest_route=\/wp\/v2\/posts\/4006","targetHints":{"allow":["GET"]}}],"collection":[{"href":"http:\/\/jnr-cpl.com\/index.php?rest_route=\/wp\/v2\/posts"}],"about":[{"href":"http:\/\/jnr-cpl.com\/index.php?rest_route=\/wp\/v2\/types\/post"}],"author":[{"embeddable":true,"href":"http:\/\/jnr-cpl.com\/index.php?rest_route=\/wp\/v2\/users\/1"}],"replies":[{"embeddable":true,"href":"http:\/\/jnr-cpl.com\/index.php?rest_route=%2Fwp%2Fv2%2Fcomments&post=4006"}],"version-history":[{"count":2,"href":"http:\/\/jnr-cpl.com\/index.php?rest_route=\/wp\/v2\/posts\/4006\/revisions"}],"predecessor-version":[{"id":4019,"href":"http:\/\/jnr-cpl.com\/index.php?rest_route=\/wp\/v2\/posts\/4006\/revisions\/4019"}],"wp:attachment":[{"href":"http:\/\/jnr-cpl.com\/index.php?rest_route=%2Fwp%2Fv2%2Fmedia&parent=4006"}],"wp:term":[{"taxonomy":"category","embeddable":true,"href":"http:\/\/jnr-cpl.com\/index.php?rest_route=%2Fwp%2Fv2%2Fcategories&post=4006"},{"taxonomy":"post_tag","embeddable":true,"href":"http:\/\/jnr-cpl.com\/index.php?rest_route=%2Fwp%2Fv2%2Ftags&post=4006"}],"curies":[{"name":"wp","href":"https:\/\/api.w.org\/{rel}","templated":true}]}}