{"id":3557,"date":"2021-01-25T17:28:40","date_gmt":"2021-01-25T16:28:40","guid":{"rendered":"http:\/\/jnr-cpl.com\/?p=3557"},"modified":"2021-01-25T17:30:19","modified_gmt":"2021-01-25T16:30:19","slug":"3557","status":"publish","type":"post","link":"http:\/\/jnr-cpl.com\/?p=3557","title":{"rendered":"le massacre de Marsoulas, le 10 juin 1944."},"content":{"rendered":"<p><img loading=\"lazy\" decoding=\"async\" class=\"alignnone size-full wp-image-3562\" src=\"http:\/\/jnr-cpl.com\/wp-content\/uploads\/2021\/01\/Capture-d\u2019e\u0301cran-2021-01-25-a\u0300-17.12.25.png\" alt=\"\" width=\"108\" height=\"74\" \/> <img loading=\"lazy\" decoding=\"async\" class=\"alignnone size-full wp-image-3561\" src=\"http:\/\/jnr-cpl.com\/wp-content\/uploads\/2021\/01\/Capture-d\u2019e\u0301cran-2021-01-25-a\u0300-17.12.31.png\" alt=\"\" width=\"742\" height=\"446\" srcset=\"http:\/\/jnr-cpl.com\/wp-content\/uploads\/2021\/01\/Capture-d\u2019e\u0301cran-2021-01-25-a\u0300-17.12.31.png 742w, http:\/\/jnr-cpl.com\/wp-content\/uploads\/2021\/01\/Capture-d\u2019e\u0301cran-2021-01-25-a\u0300-17.12.31-300x180.png 300w, http:\/\/jnr-cpl.com\/wp-content\/uploads\/2021\/01\/Capture-d\u2019e\u0301cran-2021-01-25-a\u0300-17.12.31-449x270.png 449w\" sizes=\"auto, (max-width: 742px) 100vw, 742px\" \/><\/p>\n<p>Le 10 juin 1944, le m\u00eame jour qu&rsquo;Oradour-sur-Glane, 27 habitants \u00e9taient tu\u00e9s par une division SS, dans ce petit village de Haute-Garonne. Pour rappeler ce drame m\u00e9connu, le conseil d\u00e9partemental inaugure un grand panneau explicatif, samedi, et va diffuser un \u00ab\u00a0livre-m\u00e9moire\u00a0\u00bb.<\/p>\n<p>C&rsquo;est un des \u00e9pisodes m\u00e9connus de la seconde guerre mondiale en Haute-Garonne, et c&rsquo;est pourtant un des plus meurtriers\u00a0: <a href=\"https:\/\/www.francebleu.fr\/infos\/societe\/le-village-martyr-de-marsoulas-commemore-les-27-victimes-du-massacre-meconnu-du-10-juin-44-1560024544\">le massacre de Marsoulas, le 10 juin 1944<\/a>. Ce jour-l\u00e0, <strong>27 habitants sont tu\u00e9s<\/strong> par les SS Allemands dans ce petit village du Comminges, le m\u00eame jour qu&rsquo;Oradour-sur-Glane. Repr\u00e9sailles des nazis, alors que la R\u00e9sistance \u00e9tait tr\u00e8s active dans le secteur.<\/p>\n<p>Ce samedi 23 janvier, le conseil d\u00e9partemental de Haute-Garonne d\u00e9voile un grand panneau explicatif, pour faite conna\u00eetre aux visiteurs ce qui s&rsquo;est pass\u00e9 ce jour-l\u00e0. Car \u00e0 Marsoulas, <strong>il y a une st\u00e8le, des noms dessus<\/strong>, un drapeau et une date, mais pas vraiment de recontextualisation historique.<\/p>\n<p>Ce grand panneau, avec r\u00e9cit et photos, est donc le bienvenu pour Jean-Pierre Blanc, ancien maire, qui perp\u00e9tue la m\u00e9moire du 10 juin 1944\u00a0: \u00ab\u00a0<em>Je pense que c&rsquo;\u00e9tait n\u00e9cessaire. Nous avions d\u00e9j\u00e0 fait des panneaux simplifi\u00e9s par le pass\u00e9, indiquant que nous \u00e9tions un village martyr. Mais l&rsquo;histoire elle-m\u00eame, on ne la racontait pas. Sur place, il n&rsquo;y avait rien qui l&rsquo;indiquait\u00a0\u00bb.<\/em><\/p>\n<p>L&rsquo;ancien \u00e9lu a pourtant fond\u00e9 un petit mus\u00e9e, mais dont les heures d&rsquo;ouverture sont limit\u00e9es. Alors qu&rsquo;un panneau est accessible \u00e0 toute heure. Il regrette d&rsquo;ailleurs de ne pas avoir eu l&rsquo;id\u00e9e plus t\u00f4t.<\/p>\n<p><a href=\"https:\/\/www.francebleu.fr\/infos\/societe\/76-ans-apres-un-grand-panneau-installe-pour-expliquer-le-massacre-de-marsoulas-1611255612?fbclid=IwAR2sDvBWeAA44JJFdP4TwtI_76-7C4PIkvwr8iVWH3dBiUPXWck6Vv6Oask\" target=\"_blank\" rel=\"noopener noreferrer\"><strong>LIRE LA SUITE<\/strong><\/a><\/p>\n","protected":false},"excerpt":{"rendered":"<p>Le 10 juin 1944, le m\u00eame jour qu&rsquo;Oradour-sur-Glane, 27 habitants \u00e9taient tu\u00e9s par une division SS, dans ce petit village de Haute-Garonne. Pour rappeler ce drame m\u00e9connu, le conseil d\u00e9partemental inaugure un grand panneau explicatif, samedi, et va diffuser un \u00ab\u00a0livre-m\u00e9moire\u00a0\u00bb. C&rsquo;est un des \u00e9pisodes m\u00e9connus de la seconde guerre mondiale en Haute-Garonne, et c&rsquo;est &hellip; <\/p>\n<p class=\"read-more\"><a class=\"btn btn-default\" href=\"http:\/\/jnr-cpl.com\/?p=3557\"> Read More<span class=\"screen-reader-text\">  Read More<\/span><\/a><\/p>\n","protected":false},"author":1,"featured_media":0,"comment_status":"closed","ping_status":"open","sticky":false,"template":"","format":"standard","meta":{"footnotes":""},"categories":[18],"tags":[],"class_list":["post-3557","post","type-post","status-publish","format-standard","hentry","category-actualite-de-la-resistance"],"_links":{"self":[{"href":"http:\/\/jnr-cpl.com\/index.php?rest_route=\/wp\/v2\/posts\/3557","targetHints":{"allow":["GET"]}}],"collection":[{"href":"http:\/\/jnr-cpl.com\/index.php?rest_route=\/wp\/v2\/posts"}],"about":[{"href":"http:\/\/jnr-cpl.com\/index.php?rest_route=\/wp\/v2\/types\/post"}],"author":[{"embeddable":true,"href":"http:\/\/jnr-cpl.com\/index.php?rest_route=\/wp\/v2\/users\/1"}],"replies":[{"embeddable":true,"href":"http:\/\/jnr-cpl.com\/index.php?rest_route=%2Fwp%2Fv2%2Fcomments&post=3557"}],"version-history":[{"count":2,"href":"http:\/\/jnr-cpl.com\/index.php?rest_route=\/wp\/v2\/posts\/3557\/revisions"}],"predecessor-version":[{"id":3568,"href":"http:\/\/jnr-cpl.com\/index.php?rest_route=\/wp\/v2\/posts\/3557\/revisions\/3568"}],"wp:attachment":[{"href":"http:\/\/jnr-cpl.com\/index.php?rest_route=%2Fwp%2Fv2%2Fmedia&parent=3557"}],"wp:term":[{"taxonomy":"category","embeddable":true,"href":"http:\/\/jnr-cpl.com\/index.php?rest_route=%2Fwp%2Fv2%2Fcategories&post=3557"},{"taxonomy":"post_tag","embeddable":true,"href":"http:\/\/jnr-cpl.com\/index.php?rest_route=%2Fwp%2Fv2%2Ftags&post=3557"}],"curies":[{"name":"wp","href":"https:\/\/api.w.org\/{rel}","templated":true}]}}