{"id":3550,"date":"2021-01-18T10:24:31","date_gmt":"2021-01-18T09:24:31","guid":{"rendered":"http:\/\/jnr-cpl.com\/?p=3550"},"modified":"2021-01-18T10:24:31","modified_gmt":"2021-01-18T09:24:31","slug":"alexis-le-gall-une-figure-de-la-resistance-jusqua-la-fin","status":"publish","type":"post","link":"http:\/\/jnr-cpl.com\/?p=3550","title":{"rendered":"Alexis Le Gall, \u00ab\u00a0une figure de la R\u00e9sistance jusqu\u2019\u00e0 la fin\u00a0\u00bb"},"content":{"rendered":"<p class=\"titre  monet\"><strong>ENTRETIEN. Alexis Le Gall, \u00ab\u00a0une figure de la R\u00e9sistance jusqu\u2019\u00e0 la fin\u00a0\u00bb<\/strong><\/p>\n<p class=\"su-standfirst chapeau\"><span class=\"paywall-free\">Le 20 juin 1940, le jeune Alexis Le Gall n\u2019a que 17 ans. Avec son grand fr\u00e8re Jacques, ils embarquent depuis Audierne (Finist\u00e8re) \u00e0 bord de l\u2019Ar Zenith. Le lendemain, ils atteignent l\u2019Angleterre et int\u00e8grent la l\u00e9gion de Gaulle, des Forces fran\u00e7aises libres (FFL). L\u2019exposition qui lui est consacr\u00e9e dans le hall de la mairie est prolong\u00e9e jusqu\u2019\u00e0 la fin du mois.<\/span><\/p>\n<div class=\"photo choix-legende rs_skip\">\n<figure>\n<div class=\"photo-ratio\"><img class=\"media\" sizes=\"(max-width: 767px) and (min-resolution: 2dppx) and (max-resolution: 2.9dppx) 50vw, (max-width: 767px) and (min-resolution: 3dppx) and (max-resolution: 3.9dppx) 33.3vw, (max-width: 767px) and (min-resolution: 4dppx) 25vw, (max-width: 767px) 100vw, (min-width: 768px) and (max-width: 979px) 630px, (min-width: 980px) and (max-width: 1279px) 940px, 1260px\" srcset=\"https:\/\/media.ouest-france.fr\/v1\/pictures\/MjAyMTAxNWRkNjZjOTE3YjEyNWU4YWExMTAyMzQ3Mjg1YTE3MDg?width=320&amp;height=180&amp;focuspoint=50%2C25&amp;cropresize=1&amp;client_id=bpeditorial&amp;sign=ab219d816e0353bfc6b1860851e72cd27f7ca32a17c4b7995f9c8058259f04fb 320w, https:\/\/media.ouest-france.fr\/v1\/pictures\/MjAyMTAxNWRkNjZjOTE3YjEyNWU4YWExMTAyMzQ3Mjg1YTE3MDg?width=375&amp;height=210&amp;focuspoint=50%2C25&amp;cropresize=1&amp;client_id=bpeditorial&amp;sign=772ef1883fa8e991ff2a9cb31d49d6355025e8549ac55246c6d9be0bdb463dea 360w, https:\/\/media.ouest-france.fr\/v1\/pictures\/MjAyMTAxNWRkNjZjOTE3YjEyNWU4YWExMTAyMzQ3Mjg1YTE3MDg?width=480&amp;height=270&amp;focuspoint=50%2C25&amp;cropresize=1&amp;client_id=bpeditorial&amp;sign=5d6a591133d5eb0be8acc220cd598a36616ff97618fae2e537922c97e9967bd8 480w, https:\/\/media.ouest-france.fr\/v1\/pictures\/MjAyMTAxNWRkNjZjOTE3YjEyNWU4YWExMTAyMzQ3Mjg1YTE3MDg?width=630&amp;height=354&amp;focuspoint=50%2C25&amp;cropresize=1&amp;client_id=bpeditorial&amp;sign=23d41ebec3468f6a91dc56bf694ea212437879e0aba89a326e6d34befcc72ff0 630w, https:\/\/media.ouest-france.fr\/v1\/pictures\/MjAyMTAxNWRkNjZjOTE3YjEyNWU4YWExMTAyMzQ3Mjg1YTE3MDg?width=940&amp;height=528&amp;focuspoint=50%2C25&amp;cropresize=1&amp;client_id=bpeditorial&amp;sign=cdc2fc0716217769aa3659c7a4ce288778e2487917d812e748b695ea5148d588 940w, https:\/\/media.ouest-france.fr\/v1\/pictures\/MjAyMTAxNWRkNjZjOTE3YjEyNWU4YWExMTAyMzQ3Mjg1YTE3MDg?width=1260&amp;height=708&amp;focuspoint=50%2C25&amp;cropresize=1&amp;client_id=bpeditorial&amp;sign=bcf684e388c2f7b89dba14b742b0ec1a6c662861bea4d54a8f24ad6bec1b4734 1260w\" alt=\"Alexis Le Gall avait rejoint la France libre \u00e0 l\u2019appel du g\u00e9n\u00e9ral de Gaulle en juin\u00a01940.\" \/><\/div><figcaption>Alexis Le Gall avait rejoint la France libre \u00e0 l\u2019appel du g\u00e9n\u00e9ral de Gaulle en juin\u00a01940. | ARCHIVES OUEST-FRANCE<\/figcaption><\/figure>\n<\/div>\n<header class=\"su-article  payant  \">\n<div class=\"metadata\"><span class=\"auteur\"> <span class=\"su-source source-lien su-cockade-of\"> <a href=\"https:\/\/www.ouest-france.fr\/\">Ouest-France<\/a> <\/span> <span class=\"meta-auteur\"> Recueilli par Timothy GAIGNOUX. <\/span> <\/span> <span class=\"dates\"> <span class=\"date \">Publi\u00e9 le <time class=\"meta-time\" datetime=\"2021-01-11T17:09:00+01:00\">11\/01\/2021 <span class=\"heure\"> \u00e0 17h09<\/span><\/time><\/span> <\/span><\/div>\n<\/header>\n<div id=\"article-detail\" class=\"contenu-principal p402_premium  cache\">\n<div class=\"su-article\">\n<p>Louis Briens, d\u00e9l\u00e9gu\u00e9 \u00e0 la fondation de la France libre, section douarneniste, retrace le parcours d\u2019Alexis Le Gall, figure de la R\u00e9sistance et des Forces fran\u00e7aises libres, d\u00e9c\u00e9d\u00e9 le 22\u00a0d\u00e9cembre 2019 \u00e0 Douarnenez (Finist\u00e8re).<\/p>\n<p>&nbsp;<\/p>\n<\/div>\n<\/div>\n<div class=\"su-col-lg-16 su-col-xl-18\">\n<div id=\"bloc_3quarts_pub_1\" class=\"_b\" data-trk=\"[{&amp;quot;n&amp;quot;:&amp;quot;detail-article-pub-centrale&amp;quot;,&amp;quot;o&amp;quot;:&amp;quot;Detail Article - Atoms&amp;quot;,&amp;quot;v&amp;quot;:&amp;quot;6.0.0&amp;quot;}]\">\n<div id=\"taboola-below-article-premium-thumbnails\"><\/div>\n<div id=\"taboola-organic-below-article-premium-thumbnails\"><\/div>\n<div id=\"taboola-organic-below-article-premium-thumbnails-2nd\"><\/div>\n<\/div>\n<\/div>\n<div class=\"su-col-lg-8 su-col-xl-6 contenu-tertiaire\">\n<div id=\"col_droite_1\" class=\"_b\" data-trk=\"[{&amp;quot;n&amp;quot;:&amp;quot;pub-param&amp;quot;,&amp;quot;o&amp;quot;:&amp;quot;Blocktopus PROD pubs&amp;quot;,&amp;quot;v&amp;quot;:&amp;quot;5.0.0&amp;quot;}]\">\n<div id=\"pub_pave1\" class=\"pub\"><\/div>\n<\/div>\n<div id=\"col_droite_2\" class=\"_b\" data-trk=\"[{&amp;quot;n&amp;quot;:&amp;quot;annonces-ofm&amp;quot;,&amp;quot;o&amp;quot;:&amp;quot;Blocktopus PROD pubs&amp;quot;,&amp;quot;v&amp;quot;:&amp;quot;5.0.0&amp;quot;}]\">\n<div class=\"iframe-srcdoc su-visible-lg su-visible-xl su-margin-bottom-m\"><\/div>\n<\/div>\n<\/div>\n","protected":false},"excerpt":{"rendered":"<p>ENTRETIEN. Alexis Le Gall, \u00ab\u00a0une figure de la R\u00e9sistance jusqu\u2019\u00e0 la fin\u00a0\u00bb Le 20 juin 1940, le jeune Alexis Le Gall n\u2019a que 17 ans. Avec son grand fr\u00e8re Jacques, ils embarquent depuis Audierne (Finist\u00e8re) \u00e0 bord de l\u2019Ar Zenith. Le lendemain, ils atteignent l\u2019Angleterre et int\u00e8grent la l\u00e9gion de Gaulle, des Forces fran\u00e7aises libres &hellip; <\/p>\n<p class=\"read-more\"><a class=\"btn btn-default\" href=\"http:\/\/jnr-cpl.com\/?p=3550\"> Read More<span class=\"screen-reader-text\">  Read More<\/span><\/a><\/p>\n","protected":false},"author":1,"featured_media":0,"comment_status":"closed","ping_status":"open","sticky":false,"template":"","format":"standard","meta":{"footnotes":""},"categories":[18],"tags":[],"class_list":["post-3550","post","type-post","status-publish","format-standard","hentry","category-actualite-de-la-resistance"],"_links":{"self":[{"href":"http:\/\/jnr-cpl.com\/index.php?rest_route=\/wp\/v2\/posts\/3550","targetHints":{"allow":["GET"]}}],"collection":[{"href":"http:\/\/jnr-cpl.com\/index.php?rest_route=\/wp\/v2\/posts"}],"about":[{"href":"http:\/\/jnr-cpl.com\/index.php?rest_route=\/wp\/v2\/types\/post"}],"author":[{"embeddable":true,"href":"http:\/\/jnr-cpl.com\/index.php?rest_route=\/wp\/v2\/users\/1"}],"replies":[{"embeddable":true,"href":"http:\/\/jnr-cpl.com\/index.php?rest_route=%2Fwp%2Fv2%2Fcomments&post=3550"}],"version-history":[{"count":1,"href":"http:\/\/jnr-cpl.com\/index.php?rest_route=\/wp\/v2\/posts\/3550\/revisions"}],"predecessor-version":[{"id":3551,"href":"http:\/\/jnr-cpl.com\/index.php?rest_route=\/wp\/v2\/posts\/3550\/revisions\/3551"}],"wp:attachment":[{"href":"http:\/\/jnr-cpl.com\/index.php?rest_route=%2Fwp%2Fv2%2Fmedia&parent=3550"}],"wp:term":[{"taxonomy":"category","embeddable":true,"href":"http:\/\/jnr-cpl.com\/index.php?rest_route=%2Fwp%2Fv2%2Fcategories&post=3550"},{"taxonomy":"post_tag","embeddable":true,"href":"http:\/\/jnr-cpl.com\/index.php?rest_route=%2Fwp%2Fv2%2Ftags&post=3550"}],"curies":[{"name":"wp","href":"https:\/\/api.w.org\/{rel}","templated":true}]}}