{"id":3541,"date":"2021-01-18T10:23:28","date_gmt":"2021-01-18T09:23:28","guid":{"rendered":"http:\/\/jnr-cpl.com\/?p=3541"},"modified":"2021-01-18T10:23:28","modified_gmt":"2021-01-18T09:23:28","slug":"representation-exceptionnelle-de-la-piece-le-petit-coiffeur-ce-week-end-en-direct-sur-facebook","status":"publish","type":"post","link":"http:\/\/jnr-cpl.com\/?p=3541","title":{"rendered":"Repr\u00e9sentation exceptionnelle de la pi\u00e8ce \u00ab Le Petit Coiffeur \u00bb, ce week-end en direct sur Facebook."},"content":{"rendered":"<div class=\"ob-section ob-section-html\">\n<p>Alors que le monde de la culture s\u2019enfonce dans la crise avec le maintien de la fermeture des salles, le Th\u00e9\u00e2tre Rive Gauche, \u00e0 Paris, a d\u00e9cid\u00e9 de se mobiliser pour poursuivre son activit\u00e9 et continuer d\u2019offrir \u00e0 son public la cr\u00e9ation \u00ab Le Petit Coiffeur \u00bb, qui n\u2019a pu \u00eatre jou\u00e9e que quelques semaines avant sa suspension le 30 octobre dernier pour une dur\u00e9e ind\u00e9termin\u00e9e.<\/p>\n<p>Le th\u00e9\u00e2tre et la troupe vont proposer aux utilisateurs de Facebook une exp\u00e9rience interactive in\u00e9dite au plus pr\u00e8s des artistes et de l\u2019auteur <strong>via la fonctionnalit\u00e9 \u201c\u00e9v\u00e9nement payant en ligne\u201d de Facebook.<\/strong><\/p>\n<p>\u00ab Le Petit Coiffeur \u00bb, la nouvelle cr\u00e9ation de Jean-Philippe Daguerre Eric-Emmanuel Schmitt, Directeur Artistique du Th\u00e9\u00e2tre Rive Gauche, Jean-Philippe Daguerre, auteur et metteur en sc\u00e8ne, les com\u00e9diens F\u00e9lix Beauperin, Arnaud Dupont, Brigitte Faure, Romain Lagarde et Charlotte Matzneff, et toute l\u2019\u00e9quipe du Th\u00e9\u00e2tre vous donnent rendez-vous pour redonner vie \u00e0 cette pi\u00e8ce sur Facebook ce dimanche \u00e0 15h15.<\/p>\n<p>D\u2019une dur\u00e9e d\u20191h20, cette pi\u00e8ce contemporaine, qui s\u2019inscrit \u00e0 la crois\u00e9e de la com\u00e9die dramatique et de la pi\u00e8ce historique, est sign\u00e9e par Jean-Philippe Daguerre, auteur de plus d\u2019une trentaine de spectacles dont \u00ab Adieu Monsieur Haffmann \u00bb, prix de la fondation Barri\u00e8re qui a \u00e9t\u00e9 r\u00e9compens\u00e9e par 4 Moli\u00e8res en 2018.<\/p>\n<p><strong>R\u00e9sum\u00e9 : En ao\u00fbt 1944, Chartres vient tout juste d\u2019\u00eatre lib\u00e9r\u00e9e de l\u2019Occupation allemande. Dans la famille Giraud, on est coiffeur de p\u00e8re en fils, et c\u2019est donc Pierre qui a d\u00fb reprendre le salon-hommes de son p\u00e8re, mort dans un camp de travail un an plus t\u00f4t. Marie, sa m\u00e8re, h\u00e9ro\u00efne de la R\u00e9sistance fran\u00e7aise, s\u2019occupe quant \u00e0 elle du salon-femmes, mais se charge \u00e9galement de rabattre quelques clientes vers son fils, pour se pr\u00eater \u00e0 une activit\u00e9 tout \u00e0 fait particuli\u00e8re\u2026 Tout est dans l\u2019ordre des choses, jusqu\u2019\u00e0 ce que Lise entre dans leur vie.<\/strong><\/p>\n<p><strong>Jean-Philippe Daguerre a \u00e9t\u00e9 inspir\u00e9 pour cette pi\u00e8ce lorsqu\u2019il a d\u00e9couvert La tondue de Chartres, c\u00e9l\u00e8bre photo du photographe Robert Capa repr\u00e9sentant une femme tondue \u00e0 la Lib\u00e9ration dans une rue de Chartres portant son b\u00e9b\u00e9 de trois mois, et a imagin\u00e9 l\u2019histoire romanesque du petit coiffeur qui a d\u00fb malgr\u00e9 lui tondre cette femme. L\u2019auteur a cherch\u00e9 \u00e0 trouver un angle po\u00e9tique \u00e0 cette terrible histoire dans laquelle s\u2019invitent parfois des sourires voire des rires.<\/strong><\/p>\n<p>Pour l\u2019auteur et metteur en sc\u00e8ne : <em>\u201cMerci du fond du c\u0153ur \u00e0 Facebook de permettre \u00e0 notre \u00ab\u00a0Petit Coiffeur\u00a0\u00bb d&rsquo;\u00eatre jou\u00e9 lors d&rsquo;une s\u00e9ance exceptionnelle en direct du Th\u00e9\u00e2tre Rive Gauche. En ces temps de disette culturelle, cette repr\u00e9sentation aura une saveur d\u2019autant plus particuli\u00e8re qu\u2019on ne sait toujours pas quand aura lieu la prochaine. Vous imaginez bien notre furieuse envie de remonter sur sc\u00e8ne pour partager notre \u00e9motion \u00e0 cette occasion avec nos spectateurs amis Facebook. Vive le th\u00e9\u00e2tre !<\/em>\u201d.<\/p>\n<\/div>\n<div class=\"ob-section ob-section-images ob-default\">\n<div class=\"ob-row-1-col\"><a class=\"ob-link-img\" href=\"https:\/\/image.over-blog.com\/QmrEewGeWrahB4cokl-T-SMyAlY=\/filters:no_upscale()\/image%2F0953084%2F20210112%2Fob_e9ee56_ab993674-ce08-4928-bfb1-16c1428deadc-a.jpg\" rel=\"fancybox\"><img decoding=\"async\" class=\"ob-cell ob-img ob-media\" src=\"https:\/\/image.over-blog.com\/QmrEewGeWrahB4cokl-T-SMyAlY=\/filters:no_upscale()\/image%2F0953084%2F20210112%2Fob_e9ee56_ab993674-ce08-4928-bfb1-16c1428deadc-a.jpg\" alt=\"Repr\u00e9sentation exceptionnelle de la pi\u00e8ce \u00ab Le Petit Coiffeur \u00bb, ce week-end en direct sur Facebook.\" \/><\/a><\/div>\n<\/div>\n<div class=\"ob-section ob-section-html\">\n<p>Pour acc\u00e9der \u00e0 l\u2019\u00e9v\u00e9nement payant en ligne sur Facebook (9 euros), il suffit aux utilisateurs de suivre les \u00e9tapes suivantes :<\/p>\n<p>Se connecter \u00e0 Facebook, en veillant \u00e0 utiliser la derni\u00e8re version de l&rsquo;application Facebook sur mobile<\/p>\n<p>Se rendre sur la page du Th\u00e9\u00e2tre Rive Gauche Cliquer sur l&rsquo;\u00e9v\u00e9nement puis sur le bouton \u00ab Achat \u00bb et suivre les instructions pour effectuer le paiement via Facebook Pay, l&rsquo;Apple Store ou le Google Play Store.<\/p>\n<p>Avant et apr\u00e8s la repr\u00e9sentation, les spectateurs pourront parcourir les coulisses du th\u00e9\u00e2tre et les pr\u00e9paratifs de ce dispositif exceptionnel en compagnie de Jean-Philippe Daguerre. Ils pourront \u00e9galement interagir avec l\u2019auteur et metteur en sc\u00e8ne ainsi que ses com\u00e9diens lors d\u2019une s\u00e9ance de questions-r\u00e9ponses \u00e0 l\u2019issue de la repr\u00e9sentation.<\/p>\n<p><strong>L\u2019ensemble des recettes g\u00e9n\u00e9r\u00e9es par cette repr\u00e9sentation iront au Th\u00e9\u00e2tre Rive Gauche et Facebook ne percevra aucun frais.<\/strong><\/p>\n<\/div>\n","protected":false},"excerpt":{"rendered":"<p>Alors que le monde de la culture s\u2019enfonce dans la crise avec le maintien de la fermeture des salles, le Th\u00e9\u00e2tre Rive Gauche, \u00e0 Paris, a d\u00e9cid\u00e9 de se mobiliser pour poursuivre son activit\u00e9 et continuer d\u2019offrir \u00e0 son public la cr\u00e9ation \u00ab Le Petit Coiffeur \u00bb, qui n\u2019a pu \u00eatre jou\u00e9e que quelques semaines &hellip; <\/p>\n<p class=\"read-more\"><a class=\"btn btn-default\" href=\"http:\/\/jnr-cpl.com\/?p=3541\"> Read More<span class=\"screen-reader-text\">  Read More<\/span><\/a><\/p>\n","protected":false},"author":1,"featured_media":0,"comment_status":"closed","ping_status":"open","sticky":false,"template":"","format":"standard","meta":{"footnotes":""},"categories":[18],"tags":[],"class_list":["post-3541","post","type-post","status-publish","format-standard","hentry","category-actualite-de-la-resistance"],"_links":{"self":[{"href":"http:\/\/jnr-cpl.com\/index.php?rest_route=\/wp\/v2\/posts\/3541","targetHints":{"allow":["GET"]}}],"collection":[{"href":"http:\/\/jnr-cpl.com\/index.php?rest_route=\/wp\/v2\/posts"}],"about":[{"href":"http:\/\/jnr-cpl.com\/index.php?rest_route=\/wp\/v2\/types\/post"}],"author":[{"embeddable":true,"href":"http:\/\/jnr-cpl.com\/index.php?rest_route=\/wp\/v2\/users\/1"}],"replies":[{"embeddable":true,"href":"http:\/\/jnr-cpl.com\/index.php?rest_route=%2Fwp%2Fv2%2Fcomments&post=3541"}],"version-history":[{"count":1,"href":"http:\/\/jnr-cpl.com\/index.php?rest_route=\/wp\/v2\/posts\/3541\/revisions"}],"predecessor-version":[{"id":3548,"href":"http:\/\/jnr-cpl.com\/index.php?rest_route=\/wp\/v2\/posts\/3541\/revisions\/3548"}],"wp:attachment":[{"href":"http:\/\/jnr-cpl.com\/index.php?rest_route=%2Fwp%2Fv2%2Fmedia&parent=3541"}],"wp:term":[{"taxonomy":"category","embeddable":true,"href":"http:\/\/jnr-cpl.com\/index.php?rest_route=%2Fwp%2Fv2%2Fcategories&post=3541"},{"taxonomy":"post_tag","embeddable":true,"href":"http:\/\/jnr-cpl.com\/index.php?rest_route=%2Fwp%2Fv2%2Ftags&post=3541"}],"curies":[{"name":"wp","href":"https:\/\/api.w.org\/{rel}","templated":true}]}}