{"id":3540,"date":"2021-01-18T10:22:32","date_gmt":"2021-01-18T09:22:32","guid":{"rendered":"http:\/\/jnr-cpl.com\/?p=3540"},"modified":"2021-01-18T10:22:32","modified_gmt":"2021-01-18T09:22:32","slug":"les-traitres-de-la-resistance-lumiere-sur-la-plus-sombre-des-collaborations","status":"publish","type":"post","link":"http:\/\/jnr-cpl.com\/?p=3540","title":{"rendered":"\u201cLes Tra\u00eetres de la R\u00e9sistance\u201d : lumi\u00e8re sur la plus sombre des collaborations"},"content":{"rendered":"<p><img loading=\"lazy\" decoding=\"async\" class=\"alignnone size-full wp-image-3546\" src=\"http:\/\/jnr-cpl.com\/wp-content\/uploads\/2021\/01\/Capture-d\u2019e\u0301cran-2021-01-18-a\u0300-10.16.00.png\" alt=\"\" width=\"170\" height=\"103\" \/><\/p>\n<section class=\"publication__card\">\n<p class=\"author author--simple\">Fran\u00e7ois Ekchajzer<\/p>\n<p class=\"publication__date\">Publi\u00e9 le 14\/01\/21<\/p>\n<p class=\"article__chapeau\">Vingt \u00e0 trente mille Fran\u00e7ais ont aid\u00e9 les Allemands \u00e0 infiltrer les r\u00e9seaux de la R\u00e9sistance. Patrick Benquet, l\u2019auteur de l\u2019\u00e9poustouflante investigation \u201cFran\u00e7afrique\u201d, explore un pan de l\u2019histoire contemporaine m\u00e9connu et minor\u00e9, qui se solda par l\u2019arrestation, la d\u00e9portation ou l\u2019ex\u00e9cution de milliers de r\u00e9sistants. \u00c0 voir prochainement sur France T\u00e9l\u00e9visions.<\/p>\n<p class=\"paragraph\">France 2 diffuse le 19 janvier <a href=\"https:\/\/www.telerama.fr\/television\/les-lyceens,-le-traitre-et-les-nazis,-la-resistance-dhier-et-daujourdhui,n6593638.php\" target=\"_blank\" rel=\"noopener noreferrer\"><em>Les Lyc\u00e9ens, le tra\u00eetre et les nazis<\/em><\/a><em>,<\/em> documentaire de David Andr\u00e9 qui recourt \u00e0 de jeunes com\u00e9diens pour retracer l\u2019histoire du Corps franc Libert\u00e9, r\u00e9seau de R\u00e9sistance compos\u00e9 d\u2019\u00e9l\u00e8ves de lyc\u00e9es parisiens qui furent massacr\u00e9s en juin 1944 apr\u00e8s la trahison de l\u2019un des leurs. En ce d\u00e9but d\u2019ann\u00e9e, le documentariste Patrick Benquet termine quant \u00e0 lui le montage des <em>Tra\u00eetres de la R\u00e9sistance,<\/em> qui portera un \u00e9clairage plus \u00e9tendu sur l\u2019usage de l\u2019infiltration et du retournement dans la neutralisation de ces organisations clandestines qualifi\u00e9es de \u00ab terroristes \u00bb par l\u2019occupant. Longtemps sous-estim\u00e9e, la part de certains r\u00e9sistants dans l\u2019arrestation de leurs \u00ab camarades \u00bb fait depuis peu l\u2019objet de nouvelles recherches historiques.<\/p>\n<p class=\"paragraph\"><em>\u00ab La r\u00e9cente d\u00e9classification d\u2019archives fran\u00e7aises, contenant notamment des interrogatoires de tra\u00eetres et des rapports \u00e9tablis sur leurs actions par les services secrets, a permis d\u2019approfondir les connaissances sur ce sujet \u00bb,<\/em> explique l\u2019auteur de <em><a href=\"https:\/\/www.telerama.fr\/television\/la-francafrique-n-est-plus-ce-qu-elle-etait,63033.php\" target=\"_blank\" rel=\"noopener noreferrer\">Fran\u00e7afrique<\/a> <\/em>(en 2010) et de<a href=\"https:\/\/television.telerama.fr\/tele\/programmes-tv\/nouvelle-caledonie-histoire-dune-decolonisation,142122831.php\" target=\"_blank\" rel=\"noopener noreferrer\"><em> Nouvelle-Cal\u00e9donie : histoire d&rsquo;une d\u00e9colonisation<\/em><\/a> (en 2018), qui s\u2019est vu proposer par Morgane production de travailler avec l\u2019historien Fabrice Grenard, auteur de <a href=\"https:\/\/www.tallandier.com\/livre\/la-traque-des-resistants\/\" target=\"_blank\" rel=\"noopener noreferrer\"><em>La Traque des r\u00e9sistants<\/em><\/a><em>, <\/em>paru en 2019 aux \u00e9ditions Tallandier.<\/p>\n<p><a href=\"https:\/\/www.telerama.fr\/ecrans\/les-traitres-de-la-resistance-lumiere-sur-la-plus-sombre-des-collaborations-6787702.php?fbclid=IwAR3R-byuuOlQfWWGVJOdOl_IY7QtVMOVq0cUyL6WMwv1AY2O_YLc0FHdOJM\" target=\"_blank\" rel=\"noopener noreferrer\"><strong>LIRE LA SUITE<\/strong><\/a><\/p>\n<\/section>\n","protected":false},"excerpt":{"rendered":"<p>Fran\u00e7ois Ekchajzer Publi\u00e9 le 14\/01\/21 Vingt \u00e0 trente mille Fran\u00e7ais ont aid\u00e9 les Allemands \u00e0 infiltrer les r\u00e9seaux de la R\u00e9sistance. Patrick Benquet, l\u2019auteur de l\u2019\u00e9poustouflante investigation \u201cFran\u00e7afrique\u201d, explore un pan de l\u2019histoire contemporaine m\u00e9connu et minor\u00e9, qui se solda par l\u2019arrestation, la d\u00e9portation ou l\u2019ex\u00e9cution de milliers de r\u00e9sistants. \u00c0 voir prochainement sur France &hellip; <\/p>\n<p class=\"read-more\"><a class=\"btn btn-default\" href=\"http:\/\/jnr-cpl.com\/?p=3540\"> Read More<span class=\"screen-reader-text\">  Read More<\/span><\/a><\/p>\n","protected":false},"author":1,"featured_media":0,"comment_status":"closed","ping_status":"open","sticky":false,"template":"","format":"standard","meta":{"footnotes":""},"categories":[18],"tags":[],"class_list":["post-3540","post","type-post","status-publish","format-standard","hentry","category-actualite-de-la-resistance"],"_links":{"self":[{"href":"http:\/\/jnr-cpl.com\/index.php?rest_route=\/wp\/v2\/posts\/3540","targetHints":{"allow":["GET"]}}],"collection":[{"href":"http:\/\/jnr-cpl.com\/index.php?rest_route=\/wp\/v2\/posts"}],"about":[{"href":"http:\/\/jnr-cpl.com\/index.php?rest_route=\/wp\/v2\/types\/post"}],"author":[{"embeddable":true,"href":"http:\/\/jnr-cpl.com\/index.php?rest_route=\/wp\/v2\/users\/1"}],"replies":[{"embeddable":true,"href":"http:\/\/jnr-cpl.com\/index.php?rest_route=%2Fwp%2Fv2%2Fcomments&post=3540"}],"version-history":[{"count":1,"href":"http:\/\/jnr-cpl.com\/index.php?rest_route=\/wp\/v2\/posts\/3540\/revisions"}],"predecessor-version":[{"id":3547,"href":"http:\/\/jnr-cpl.com\/index.php?rest_route=\/wp\/v2\/posts\/3540\/revisions\/3547"}],"wp:attachment":[{"href":"http:\/\/jnr-cpl.com\/index.php?rest_route=%2Fwp%2Fv2%2Fmedia&parent=3540"}],"wp:term":[{"taxonomy":"category","embeddable":true,"href":"http:\/\/jnr-cpl.com\/index.php?rest_route=%2Fwp%2Fv2%2Fcategories&post=3540"},{"taxonomy":"post_tag","embeddable":true,"href":"http:\/\/jnr-cpl.com\/index.php?rest_route=%2Fwp%2Fv2%2Ftags&post=3540"}],"curies":[{"name":"wp","href":"https:\/\/api.w.org\/{rel}","templated":true}]}}