{"id":3519,"date":"2021-01-11T11:45:31","date_gmt":"2021-01-11T10:45:31","guid":{"rendered":"http:\/\/jnr-cpl.com\/?p=3519"},"modified":"2021-01-11T11:45:31","modified_gmt":"2021-01-11T10:45:31","slug":"camille-senon-episode-01-le-massacre-doradour-sur-glane","status":"publish","type":"post","link":"http:\/\/jnr-cpl.com\/?p=3519","title":{"rendered":"Camille Senon, \u00e9pisode 01: le massacre d&rsquo;Oradour-sur-Glane"},"content":{"rendered":"<p><img loading=\"lazy\" decoding=\"async\" class=\"alignnone size-full wp-image-3527\" src=\"http:\/\/jnr-cpl.com\/wp-content\/uploads\/2021\/01\/Capture-d\u2019e\u0301cran-2021-01-11-a\u0300-11.37.30.png\" alt=\"\" width=\"131\" height=\"67\" \/><\/p>\n<p><img loading=\"lazy\" decoding=\"async\" class=\"alignnone size-full wp-image-3526\" src=\"http:\/\/jnr-cpl.com\/wp-content\/uploads\/2021\/01\/Capture-d\u2019e\u0301cran-2021-01-11-a\u0300-11.37.37.png\" alt=\"\" width=\"813\" height=\"619\" srcset=\"http:\/\/jnr-cpl.com\/wp-content\/uploads\/2021\/01\/Capture-d\u2019e\u0301cran-2021-01-11-a\u0300-11.37.37.png 813w, http:\/\/jnr-cpl.com\/wp-content\/uploads\/2021\/01\/Capture-d\u2019e\u0301cran-2021-01-11-a\u0300-11.37.37-300x228.png 300w, http:\/\/jnr-cpl.com\/wp-content\/uploads\/2021\/01\/Capture-d\u2019e\u0301cran-2021-01-11-a\u0300-11.37.37-768x585.png 768w, http:\/\/jnr-cpl.com\/wp-content\/uploads\/2021\/01\/Capture-d\u2019e\u0301cran-2021-01-11-a\u0300-11.37.37-355x270.png 355w\" sizes=\"auto, (max-width: 813px) 100vw, 813px\" \/><\/p>\n<p>A 95 ans, Camille n&rsquo;a rien perdu de sa verve. Infatigable militante, elle continue de raconter son histoire et celle du massacre de son village, o\u00f9 643 habitants furent br\u00fbl\u00e9s vifs par les SS le 10 juin 44. Un combat qu&rsquo;elle m\u00e8ne pour sensibiliser la jeunesse et la mettre en garde face \u00e0 la mont\u00e9e du n\u00e9o-nazisme.<\/p>\n<p>Camille venait d&rsquo;avoir 19 ans le 10 juin 1944. \u00a0Elle travaillait \u00e0 Limoges et, comme chaque samedi, elle rentrait chez ses parents \u00e0 Oradour-sur -Glane en tramway. Mais ce soir-l\u00e0, les employ\u00e9s du tram lui ont dit \u00ab\u00a0les Allemands sont arriv\u00e9s \u00e0 Oradour en d\u00e9but d&rsquo;apr\u00e8s-midi, et nous ne savons pas ce qui se passe. <strong>Nous avons essay\u00e9 de t\u00e9l\u00e9phoner, mais Oradour ne r\u00e9pond pas.<\/strong>\u00a0\u00bb Camille et les autres passagers embarquent n\u00e9anmoins. <strong>Jamais ils n&rsquo;auraient pu imaginer ce qu&rsquo;ils allaient d\u00e9couvrir en arrivant l\u00e0-bas<\/strong>.<\/p>\n<p><strong>Ce 10 juin 1944, Camille a perdu son p\u00e8re, son grand-p\u00e8re, ses oncles et ses tantes, de nombreux cousins et camarades. Sur les 643 victimes de ce terrible massacre, 350 \u00e9taient des femmes et des enfants. Il s&rsquo;agit du plus grand massacre de civils perp\u00e9tr\u00e9 par l&rsquo;arm\u00e9e Allemande en France pendant la seconde guerre mondiale.<\/strong><\/p>\n<p><a href=\"https:\/\/www.franceinter.fr\/emissions\/des-vies-francaises\/des-vies-francaises-09-janvier-2021?s=09&amp;fbclid=IwAR2ZmuaXifDi4CxGQyeaWv3_nak6rVCMi6_LYn88x4YWprSsQQfMc3kARWU\" target=\"_blank\" rel=\"noopener noreferrer\"><strong>LIRE LA SUITE<\/strong><\/a><\/p>\n","protected":false},"excerpt":{"rendered":"<p>A 95 ans, Camille n&rsquo;a rien perdu de sa verve. Infatigable militante, elle continue de raconter son histoire et celle du massacre de son village, o\u00f9 643 habitants furent br\u00fbl\u00e9s vifs par les SS le 10 juin 44. Un combat qu&rsquo;elle m\u00e8ne pour sensibiliser la jeunesse et la mettre en garde face \u00e0 la mont\u00e9e &hellip; <\/p>\n<p class=\"read-more\"><a class=\"btn btn-default\" href=\"http:\/\/jnr-cpl.com\/?p=3519\"> Read More<span class=\"screen-reader-text\">  Read More<\/span><\/a><\/p>\n","protected":false},"author":1,"featured_media":0,"comment_status":"closed","ping_status":"open","sticky":false,"template":"","format":"standard","meta":{"footnotes":""},"categories":[18],"tags":[],"class_list":["post-3519","post","type-post","status-publish","format-standard","hentry","category-actualite-de-la-resistance"],"_links":{"self":[{"href":"http:\/\/jnr-cpl.com\/index.php?rest_route=\/wp\/v2\/posts\/3519","targetHints":{"allow":["GET"]}}],"collection":[{"href":"http:\/\/jnr-cpl.com\/index.php?rest_route=\/wp\/v2\/posts"}],"about":[{"href":"http:\/\/jnr-cpl.com\/index.php?rest_route=\/wp\/v2\/types\/post"}],"author":[{"embeddable":true,"href":"http:\/\/jnr-cpl.com\/index.php?rest_route=\/wp\/v2\/users\/1"}],"replies":[{"embeddable":true,"href":"http:\/\/jnr-cpl.com\/index.php?rest_route=%2Fwp%2Fv2%2Fcomments&post=3519"}],"version-history":[{"count":1,"href":"http:\/\/jnr-cpl.com\/index.php?rest_route=\/wp\/v2\/posts\/3519\/revisions"}],"predecessor-version":[{"id":3532,"href":"http:\/\/jnr-cpl.com\/index.php?rest_route=\/wp\/v2\/posts\/3519\/revisions\/3532"}],"wp:attachment":[{"href":"http:\/\/jnr-cpl.com\/index.php?rest_route=%2Fwp%2Fv2%2Fmedia&parent=3519"}],"wp:term":[{"taxonomy":"category","embeddable":true,"href":"http:\/\/jnr-cpl.com\/index.php?rest_route=%2Fwp%2Fv2%2Fcategories&post=3519"},{"taxonomy":"post_tag","embeddable":true,"href":"http:\/\/jnr-cpl.com\/index.php?rest_route=%2Fwp%2Fv2%2Ftags&post=3519"}],"curies":[{"name":"wp","href":"https:\/\/api.w.org\/{rel}","templated":true}]}}