{"id":3498,"date":"2021-01-04T09:50:58","date_gmt":"2021-01-04T08:50:58","guid":{"rendered":"http:\/\/jnr-cpl.com\/?p=3498"},"modified":"2021-01-04T09:50:58","modified_gmt":"2021-01-04T08:50:58","slug":"du-metro-au-maquis-la-resistance-armee-du-colonel-fabien","status":"publish","type":"post","link":"http:\/\/jnr-cpl.com\/?p=3498","title":{"rendered":"Du m\u00e9tro au maquis, la r\u00e9sistance arm\u00e9e du Colonel Fabien"},"content":{"rendered":"<div class=\"group-ft-auteur-date-media field-group-div\">\n<div class=\"field field-name-field-news-date-publication field-type-datetime field-label-hidden\">\n<div class=\"field-items\">\n<div class=\"field-item even\"><span class=\"date-display-single\"><img loading=\"lazy\" decoding=\"async\" class=\"size-full wp-image-3505 alignleft\" src=\"http:\/\/jnr-cpl.com\/wp-content\/uploads\/2021\/01\/Capture-d\u2019e\u0301cran-2021-01-04-a\u0300-09.41.26.png\" alt=\"\" width=\"259\" height=\"78\" \/>Lundi 28 D\u00e9cembre 2020<\/span><\/div>\n<\/div>\n<\/div>\n<div class=\"field field-name-field-news-auteur field-type-node-reference field-label-hidden\">\n<div class=\"field-items\">\n<div class=\"field-item even\"><a href=\"https:\/\/www.humanite.fr\/auteurs\/paul-ricaud-696624\">Paul Ricaud<\/a><\/div>\n<\/div>\n<\/div>\n<\/div>\n<div class=\"group-texte-long field-group-div\">\n<div class=\"field field-name-field-news-chapo field-type-text-long field-label-hidden\">\n<div class=\"field-items\">\n<div class=\"field-item even\">\n<p>Jeune militant, combattant antifasciste, franc-tireur, militaire\u2026 Le Colonel Fabien, n\u00e9 Pierre Georges, a marqu\u00e9 l\u2019histoire en \u00e9tant le premier r\u00e9sistant \u00e0 abattre un soldat allemand.<\/p>\n<\/div>\n<\/div>\n<\/div>\n<div class=\"qiota_reserve\">\n<div class=\"field field-name-field-news-text field-type-text-long field-label-hidden\">\n<div class=\"field-items\">\n<div class=\"field-item even\">\n<p class=\"TX\">Le 21\u00a0ao\u00fbt 1941, il est un peu moins de 9\u00a0heures quand trois hommes p\u00e9n\u00e8trent dans la station de m\u00e9tro Barb\u00e8s- Rochechouart, \u00e0 Paris. Deux d\u2019entre eux montent sur le quai, en face du wagon de la premi\u00e8re classe. Chacun tient dans sa paume un revolver. Celui qui est utilis\u00e9, un 6,35\u00a0mm, a \u00e9t\u00e9 \u00ab\u2009emprunt\u00e9\u2009\u00bb \u00e0 la m\u00e8re d\u2019un \u00e9tudiant communiste. Il est tenu par un jeune homme de 22\u00a0ans. Sa cible, l\u2019aspirant allemand Alfons Moser. Deux coups de feu retentissent dans la rame et sur le quai. Les r\u00e9sistants s\u2019enfuient et se retrouvent dans un square. Le tireur est surnomm\u00e9 Fabien. <em>\u00ab\u2009Il respire profond\u00e9ment et fait un mouvement d\u2019expiration avec ses bras. Il s\u2019exclame\u2009: \u201cTiti est veng\u00e9.\u201d\u00bb,<\/em> racontera l\u2019un des camarades de Fabien apr\u00e8s l\u2019op\u00e9ration. Samuel Tiszelman \u00ab\u2009Titi\u2009\u00bb avait \u00e9t\u00e9 fusill\u00e9 par l\u2019occupant deux jours plus t\u00f4t.<\/p>\n<p><a href=\"https:\/\/www.humanite.fr\/du-metro-au-maquis-la-resistance-armee-du-colonel-fabien-698067\" target=\"_blank\" rel=\"noopener noreferrer\"><strong>LIRE LA SUITE<\/strong><\/a><\/p>\n<\/div>\n<\/div>\n<\/div>\n<\/div>\n<\/div>\n","protected":false},"excerpt":{"rendered":"<p>Lundi 28 D\u00e9cembre 2020 Paul Ricaud Jeune militant, combattant antifasciste, franc-tireur, militaire\u2026 Le Colonel Fabien, n\u00e9 Pierre Georges, a marqu\u00e9 l\u2019histoire en \u00e9tant le premier r\u00e9sistant \u00e0 abattre un soldat allemand. Le 21\u00a0ao\u00fbt 1941, il est un peu moins de 9\u00a0heures quand trois hommes p\u00e9n\u00e8trent dans la station de m\u00e9tro Barb\u00e8s- Rochechouart, \u00e0 Paris. Deux &hellip; <\/p>\n<p class=\"read-more\"><a class=\"btn btn-default\" href=\"http:\/\/jnr-cpl.com\/?p=3498\"> Read More<span class=\"screen-reader-text\">  Read More<\/span><\/a><\/p>\n","protected":false},"author":1,"featured_media":0,"comment_status":"closed","ping_status":"open","sticky":false,"template":"","format":"standard","meta":{"footnotes":""},"categories":[18],"tags":[],"class_list":["post-3498","post","type-post","status-publish","format-standard","hentry","category-actualite-de-la-resistance"],"_links":{"self":[{"href":"http:\/\/jnr-cpl.com\/index.php?rest_route=\/wp\/v2\/posts\/3498","targetHints":{"allow":["GET"]}}],"collection":[{"href":"http:\/\/jnr-cpl.com\/index.php?rest_route=\/wp\/v2\/posts"}],"about":[{"href":"http:\/\/jnr-cpl.com\/index.php?rest_route=\/wp\/v2\/types\/post"}],"author":[{"embeddable":true,"href":"http:\/\/jnr-cpl.com\/index.php?rest_route=\/wp\/v2\/users\/1"}],"replies":[{"embeddable":true,"href":"http:\/\/jnr-cpl.com\/index.php?rest_route=%2Fwp%2Fv2%2Fcomments&post=3498"}],"version-history":[{"count":1,"href":"http:\/\/jnr-cpl.com\/index.php?rest_route=\/wp\/v2\/posts\/3498\/revisions"}],"predecessor-version":[{"id":3516,"href":"http:\/\/jnr-cpl.com\/index.php?rest_route=\/wp\/v2\/posts\/3498\/revisions\/3516"}],"wp:attachment":[{"href":"http:\/\/jnr-cpl.com\/index.php?rest_route=%2Fwp%2Fv2%2Fmedia&parent=3498"}],"wp:term":[{"taxonomy":"category","embeddable":true,"href":"http:\/\/jnr-cpl.com\/index.php?rest_route=%2Fwp%2Fv2%2Fcategories&post=3498"},{"taxonomy":"post_tag","embeddable":true,"href":"http:\/\/jnr-cpl.com\/index.php?rest_route=%2Fwp%2Fv2%2Ftags&post=3498"}],"curies":[{"name":"wp","href":"https:\/\/api.w.org\/{rel}","templated":true}]}}