{"id":3367,"date":"2020-11-16T09:44:51","date_gmt":"2020-11-16T08:44:51","guid":{"rendered":"http:\/\/jnr-cpl.com\/?p=3367"},"modified":"2020-11-16T09:44:51","modified_gmt":"2020-11-16T08:44:51","slug":"hommage-bernard-bouveret-dernier-passeur-de-franche-comte-et-resistant-est-decede-a-96-ans","status":"publish","type":"post","link":"http:\/\/jnr-cpl.com\/?p=3367","title":{"rendered":"HOMMAGE. Bernard Bouveret, dernier passeur de Franche-Comt\u00e9 et R\u00e9sistant, est d\u00e9c\u00e9d\u00e9 \u00e0 96 ans"},"content":{"rendered":"<p><img loading=\"lazy\" decoding=\"async\" class=\"alignnone size-full wp-image-3369\" src=\"http:\/\/jnr-cpl.com\/wp-content\/uploads\/2020\/11\/Capture-d\u2019e\u0301cran-2020-11-16-a\u0300-09.41.46.png\" alt=\"\" width=\"225\" height=\"100\" \/><\/p>\n<p><img loading=\"lazy\" decoding=\"async\" class=\"alignnone size-full wp-image-3368\" src=\"http:\/\/jnr-cpl.com\/wp-content\/uploads\/2020\/11\/Capture-d\u2019e\u0301cran-2020-11-16-a\u0300-09.41.52.png\" alt=\"\" width=\"793\" height=\"542\" srcset=\"http:\/\/jnr-cpl.com\/wp-content\/uploads\/2020\/11\/Capture-d\u2019e\u0301cran-2020-11-16-a\u0300-09.41.52.png 793w, http:\/\/jnr-cpl.com\/wp-content\/uploads\/2020\/11\/Capture-d\u2019e\u0301cran-2020-11-16-a\u0300-09.41.52-300x205.png 300w, http:\/\/jnr-cpl.com\/wp-content\/uploads\/2020\/11\/Capture-d\u2019e\u0301cran-2020-11-16-a\u0300-09.41.52-768x525.png 768w, http:\/\/jnr-cpl.com\/wp-content\/uploads\/2020\/11\/Capture-d\u2019e\u0301cran-2020-11-16-a\u0300-09.41.52-395x270.png 395w\" sizes=\"auto, (max-width: 793px) 100vw, 793px\" \/><\/p>\n<div class=\"article__chapo\">\n<p>Bernard Bouveret, jurassien R\u00e9sistant, passeur mais aussi ancien d\u00e9port\u00e9 de Dachau est d\u00e9c\u00e9d\u00e9 ce samedi 7 novembre \u00e0 l&rsquo;\u00e2ge de 96 ans.<\/p>\n<\/div>\n<div class=\"article-dates\"><time datetime=\"2020-11-08T10:27:53+01:00\">Publi\u00e9 le 08\/11\/2020 \u00e0 10h27<\/time><\/div>\n<div><\/div>\n<div>Il \u00e9tait un sacr\u00e9 personnage. Ceux qui ont eu la chance de le rencontrer, dans son Haut-Jura natal ou ailleurs, se souviennent de lui comme d&rsquo;un homme hors du commun. <em>\u00ab\u00a0Nous nous souviendrons de l&rsquo;homme que tu \u00e9tais : courageux, engag\u00e9, simple, g\u00e9n\u00e9reux, attentionn\u00e9. Merci pour ce beau passage sur terre ! Beaucoup de chagrin mais nous te gardons solidement dans notre coeur. Tu seras un exemple pour ces autres passagers que nous sommes\u00a0\u00bb <\/em>peut-on lire sur une page web qui lui est destin\u00e9e, et sur laquelle les hommages se multiplient depuis l&rsquo;annonce de son d\u00e9c\u00e8s.<\/p>\n<p>Il faut dire que le Jurassien a eu une vie incroyable. En 1940, \u00e0 l&rsquo;\u00e2ge de 16 ans, il s&rsquo;engage dans la R\u00e9sistance fran\u00e7aise par l&rsquo;interm\u00e9diaire d&rsquo;un ami de son p\u00e8re. Commencent alors des va-et-vient incessants entre Chapelle-des-Bois, son lieu de vie, et la Suisse voisine, mais en passant par les bois pour \u00e9viter les troupes allemandes.<\/p>\n<h2>Pr\u00e8s de 200 personnes passent la fronti\u00e8re avec Bernard<\/h2>\n<p>Le\u00a0massif du Risoux, il finit par le conna\u00eetre par coeur. Il transporte des documents secrets, des micro-films, puis lorsque la guerre se durcit, ce sont des familles juives fuyant les Nazis qu&rsquo;il aide \u00e0 traverser.<\/p>\n<p>Le passeur aura guid\u00e9 pr\u00e8s de 200 personnes, souvent en pleine nuit, jusqu&rsquo;aux bornes suisses, en prenant des risques consid\u00e9rables. L&rsquo;un de ces amis passeurs perdra la vie dans ce bois, mort sous les balles des Allemands.<\/p><\/div>\n<div><\/div>\n<div><a href=\"https:\/\/france3-regions.francetvinfo.fr\/bourgogne-franche-comte\/jura\/haut-jura\/hommage-bernard-bouveret-dernier-passeur-franche-comte-resistant-est-decede-96-ans-1892574.html\" target=\"_blank\" rel=\"noopener noreferrer\"><strong>LIRE LA SUITE<\/strong><\/a><\/div>\n","protected":false},"excerpt":{"rendered":"<p>Bernard Bouveret, jurassien R\u00e9sistant, passeur mais aussi ancien d\u00e9port\u00e9 de Dachau est d\u00e9c\u00e9d\u00e9 ce samedi 7 novembre \u00e0 l&rsquo;\u00e2ge de 96 ans. Publi\u00e9 le 08\/11\/2020 \u00e0 10h27 Il \u00e9tait un sacr\u00e9 personnage. Ceux qui ont eu la chance de le rencontrer, dans son Haut-Jura natal ou ailleurs, se souviennent de lui comme d&rsquo;un homme hors &hellip; <\/p>\n<p class=\"read-more\"><a class=\"btn btn-default\" href=\"http:\/\/jnr-cpl.com\/?p=3367\"> Read More<span class=\"screen-reader-text\">  Read More<\/span><\/a><\/p>\n","protected":false},"author":1,"featured_media":0,"comment_status":"closed","ping_status":"open","sticky":false,"template":"","format":"standard","meta":{"footnotes":""},"categories":[19,18],"tags":[],"class_list":["post-3367","post","type-post","status-publish","format-standard","hentry","category-actualite-de-la-deportation","category-actualite-de-la-resistance"],"_links":{"self":[{"href":"http:\/\/jnr-cpl.com\/index.php?rest_route=\/wp\/v2\/posts\/3367","targetHints":{"allow":["GET"]}}],"collection":[{"href":"http:\/\/jnr-cpl.com\/index.php?rest_route=\/wp\/v2\/posts"}],"about":[{"href":"http:\/\/jnr-cpl.com\/index.php?rest_route=\/wp\/v2\/types\/post"}],"author":[{"embeddable":true,"href":"http:\/\/jnr-cpl.com\/index.php?rest_route=\/wp\/v2\/users\/1"}],"replies":[{"embeddable":true,"href":"http:\/\/jnr-cpl.com\/index.php?rest_route=%2Fwp%2Fv2%2Fcomments&post=3367"}],"version-history":[{"count":1,"href":"http:\/\/jnr-cpl.com\/index.php?rest_route=\/wp\/v2\/posts\/3367\/revisions"}],"predecessor-version":[{"id":3375,"href":"http:\/\/jnr-cpl.com\/index.php?rest_route=\/wp\/v2\/posts\/3367\/revisions\/3375"}],"wp:attachment":[{"href":"http:\/\/jnr-cpl.com\/index.php?rest_route=%2Fwp%2Fv2%2Fmedia&parent=3367"}],"wp:term":[{"taxonomy":"category","embeddable":true,"href":"http:\/\/jnr-cpl.com\/index.php?rest_route=%2Fwp%2Fv2%2Fcategories&post=3367"},{"taxonomy":"post_tag","embeddable":true,"href":"http:\/\/jnr-cpl.com\/index.php?rest_route=%2Fwp%2Fv2%2Ftags&post=3367"}],"curies":[{"name":"wp","href":"https:\/\/api.w.org\/{rel}","templated":true}]}}