{"id":3361,"date":"2020-11-16T09:47:51","date_gmt":"2020-11-16T08:47:51","guid":{"rendered":"http:\/\/jnr-cpl.com\/?p=3361"},"modified":"2020-11-16T09:47:51","modified_gmt":"2020-11-16T08:47:51","slug":"11-novembre-quinquin-un-petit-valenciennois-plus-jeune-resistant-de-france-honore-aujourdhui","status":"publish","type":"post","link":"http:\/\/jnr-cpl.com\/?p=3361","title":{"rendered":"11 novembre : Quinquin un petit Valenciennois plus jeune r\u00e9sistant de France honor\u00e9 aujourd&rsquo;hui"},"content":{"rendered":"<header>\n<div class=\"rfb-article-spacing-m\">\n<div class=\"rfb-infos-redaction\"><time class=\"rfb-infos-redaction-published-date\" datetime=\"2020-11-11T03:09:56+01:00\">Mercredi 11 novembre 2020 \u00e0 3:09<\/time> &#8211;<\/p>\n<address class=\"rfb-infos-redaction-writters\">Par <a class=\"rfb-infos-redaction-author rfb-infos-redaction-link\" href=\"https:\/\/www.francebleu.fr\/les-equipes\/rafaela-biry-vicente\" rel=\"author\">Rafaela Biry-Vicente<\/a>, <a class=\"rfb-infos-redaction-station rfb-infos-redaction-link\" href=\"https:\/\/www.francebleu.fr\/nord\">France Bleu Nord<\/a>, <a class=\"rfb-infos-redaction-station rfb-infos-redaction-link\" href=\"https:\/\/www.francebleu.fr\/\">France Bleu<\/a><\/address>\n<\/div>\n<\/div>\n<div class=\"geopoint-marker\"><a title=\"Valenciennes\" href=\"https:\/\/www.francebleu.fr\/hauts-de-france\/nord-59\/valenciennes-59606\"><span aria-label=\"Valenciennes\">Valenciennes<\/span><\/a><\/div>\n<p class=\"hat\">Le nom de Marcel Pinte, alias Quinquin, sera aujourd&rsquo;hui d\u00e9voil\u00e9 sur le monument aux morts d&rsquo;Aixe-sur-Vienne pr\u00e8s de Limoges o\u00f9 sa famille avait d\u00e9m\u00e9nag\u00e9. A 6 ans, il \u00e9tait une sorte d&rsquo;agent de liaison pour le maquis fond\u00e9 par son p\u00e8re Eug\u00e8ne Pinte. Il est mort en ao\u00fbt 1944 par un tir accidentel.<\/p>\n<\/header>\n<figure class=\"ressource-principale\"><picture><source class=\"dejavu\" srcset=\"https:\/\/cdn.radiofrance.fr\/s3\/cruiser-production\/2020\/11\/16e82425-0cb0-41b0-bfc4-eb8d8c18ff22\/870x489_93041290320fa77cdfc431ba2ddb460f742600ac73e1d62785c6890200077ea2fa1a38b2.webp\" type=\"image\/webp\" \/><img decoding=\"async\" class=\"dejavu dejavu-loaded\" src=\"https:\/\/cdn.radiofrance.fr\/s3\/cruiser-production\/2020\/11\/16e82425-0cb0-41b0-bfc4-eb8d8c18ff22\/870x489_93041290320fa77cdfc431ba2ddb460f742600ac73e1d62785c6890200077ea2fa1a38b2.jpg\" alt=\"Marcel Pinte plus jeune r\u00e9sistant de France \" width=\"748\" data-preset=\"748x420\" \/><\/picture><figcaption>Marcel Pinte plus jeune r\u00e9sistant de France &#8211; photo transmise par Alexandre Br\u00e9maud<\/figcaption><\/figure>\n<div class=\"body\">\n<p>Loin de l&rsquo;image habituelle des soldats de l&rsquo;ombre, Marcel Pinte, n\u00e9 \u00e0 Valenciennes en 1938, \u00e9tait un petit blondinet aux yeux bleus, \u00a0en culotte courte qui avait commenc\u00e9 ses missions \u00e0 5 ans, et pourtant il avait un r\u00f4le important dans le maquis \u00a0cr\u00e9e par son papa Eug\u00e8ne Pinte, alias le commandant Athos \u00e0 Aix-sur-Vienne pr\u00e8s de Limoges.<\/p>\n<div id=\"inread\" class=\"inread\" data-adunit=\"infos\/infos_societe\/article\" data-keywords=\"nord\/Limousin\/Nord\/Seconde Guerre mondiale\" data-advertising=\"\"><\/div>\n<p>Un homme du Nord <strong>membre du Bureau central de renseignement et d&rsquo;action et de l&rsquo;organisation de r\u00e9sistance de l&rsquo;arm\u00e9e<\/strong> qui avait \u00ab\u00a0enr\u00f4l\u00e9\u00a0\u00bb ses 5 enfants, jusqu&rsquo;\u00e0 d\u00e9scolariser sa fille devenue <em>\u00ab\u00a0petite main\u00a0\u00bb<\/em> au maquis. Le petit dernier Marcel \u00a0\u00e9tait lui une sorte d&rsquo;agent de liaison raconte son petit neveu Alexandre Br\u00e9maud, qui fait des recherches depuis 5 ans pour r\u00e9habiliter la m\u00e9moire de son aieul<\/p>\n<blockquote><p>Des messages surement assez brefs qu&rsquo;il cachait sur lui, des informations parfois assez basiques pour confirmer un rdv, etc, les femmes, les enfants n&rsquo;attiraient pas forc\u00e9ment les soup\u00e7ons, ils arrivaient \u00e0 passer inaper\u00e7us, ce qui a permis que \u00e7a fonctionne. Et je pense que les femmes et les enfants ont un peu \u00e9t\u00e9 les oubli\u00e9s de l&rsquo;histoire<\/p><\/blockquote>\n<h2>Nomm\u00e9 sergent \u00e0 titre posthume, et reconnu comme \u00ab\u00a0mort pour la France\u00a0\u00bb<\/h2>\n<p><strong>Surnomm\u00e9 Quinquin pour ses origines nordistes<\/strong>, Marcel savait tr\u00e8s bien ce qu&rsquo;il faisait assure son petit neveu, car toute la famille \u00e9tait mobilis\u00e9e et vivait \u00e0 l&rsquo;heure de Londres. Mais <strong>il<\/strong> <strong>restait quand m\u00eame un petit gar\u00e7on de son \u00e2ge avec encore un peu d&rsquo;insouciance, et quand il apprenait les chansons contestataires des maquisards dans les bois, il lui arrivait de les chanter \u00e0 tue t\u00eate sur le chemin du retour,<\/strong> mais il a \u00e9t\u00e9 \u00ab\u00a0sermonn\u00e9 sur ce point\u00a0\u00bb assure son petit neveu.<\/p>\n<\/div>\n<p><a href=\"https:\/\/www.francebleu.fr\/infos\/societe\/11-novembre-quinquin-un-petit-valenciennois-plus-jeune-resistant-de-france-honore-aujourd-hui-1604928544\" target=\"_blank\" rel=\"noopener noreferrer\"><strong>EN SAVOIR PLUS<\/strong><\/a><\/p>\n","protected":false},"excerpt":{"rendered":"<p>Mercredi 11 novembre 2020 \u00e0 3:09 &#8211; Par Rafaela Biry-Vicente, France Bleu Nord, France Bleu Valenciennes Le nom de Marcel Pinte, alias Quinquin, sera aujourd&rsquo;hui d\u00e9voil\u00e9 sur le monument aux morts d&rsquo;Aixe-sur-Vienne pr\u00e8s de Limoges o\u00f9 sa famille avait d\u00e9m\u00e9nag\u00e9. A 6 ans, il \u00e9tait une sorte d&rsquo;agent de liaison pour le maquis fond\u00e9 par &hellip; <\/p>\n<p class=\"read-more\"><a class=\"btn btn-default\" href=\"http:\/\/jnr-cpl.com\/?p=3361\"> Read More<span class=\"screen-reader-text\">  Read More<\/span><\/a><\/p>\n","protected":false},"author":1,"featured_media":0,"comment_status":"closed","ping_status":"open","sticky":false,"template":"","format":"standard","meta":{"footnotes":""},"categories":[18],"tags":[],"class_list":["post-3361","post","type-post","status-publish","format-standard","hentry","category-actualite-de-la-resistance"],"_links":{"self":[{"href":"http:\/\/jnr-cpl.com\/index.php?rest_route=\/wp\/v2\/posts\/3361","targetHints":{"allow":["GET"]}}],"collection":[{"href":"http:\/\/jnr-cpl.com\/index.php?rest_route=\/wp\/v2\/posts"}],"about":[{"href":"http:\/\/jnr-cpl.com\/index.php?rest_route=\/wp\/v2\/types\/post"}],"author":[{"embeddable":true,"href":"http:\/\/jnr-cpl.com\/index.php?rest_route=\/wp\/v2\/users\/1"}],"replies":[{"embeddable":true,"href":"http:\/\/jnr-cpl.com\/index.php?rest_route=%2Fwp%2Fv2%2Fcomments&post=3361"}],"version-history":[{"count":1,"href":"http:\/\/jnr-cpl.com\/index.php?rest_route=\/wp\/v2\/posts\/3361\/revisions"}],"predecessor-version":[{"id":3376,"href":"http:\/\/jnr-cpl.com\/index.php?rest_route=\/wp\/v2\/posts\/3361\/revisions\/3376"}],"wp:attachment":[{"href":"http:\/\/jnr-cpl.com\/index.php?rest_route=%2Fwp%2Fv2%2Fmedia&parent=3361"}],"wp:term":[{"taxonomy":"category","embeddable":true,"href":"http:\/\/jnr-cpl.com\/index.php?rest_route=%2Fwp%2Fv2%2Fcategories&post=3361"},{"taxonomy":"post_tag","embeddable":true,"href":"http:\/\/jnr-cpl.com\/index.php?rest_route=%2Fwp%2Fv2%2Ftags&post=3361"}],"curies":[{"name":"wp","href":"https:\/\/api.w.org\/{rel}","templated":true}]}}