{"id":3341,"date":"2020-11-09T10:41:27","date_gmt":"2020-11-09T09:41:27","guid":{"rendered":"http:\/\/jnr-cpl.com\/?p=3341"},"modified":"2020-11-09T10:41:27","modified_gmt":"2020-11-09T09:41:27","slug":"pierre-simonet-lun-des-trois-derniers-compagnons-de-la-liberation-est-mort-a-99-ans","status":"publish","type":"post","link":"http:\/\/jnr-cpl.com\/?p=3341","title":{"rendered":"Pierre Simonet, l\u2019un des trois derniers compagnons de la Lib\u00e9ration, est mort \u00e0 99\u00a0ans"},"content":{"rendered":"<div class=\"article__heading\">\n<h1 class=\"article__title\"><img loading=\"lazy\" decoding=\"async\" class=\"alignnone size-full wp-image-3347\" src=\"http:\/\/jnr-cpl.com\/wp-content\/uploads\/2020\/11\/Capture-d\u2019e\u0301cran-2020-11-09-a\u0300-10.18.37.png\" alt=\"\" width=\"332\" height=\"100\" srcset=\"http:\/\/jnr-cpl.com\/wp-content\/uploads\/2020\/11\/Capture-d\u2019e\u0301cran-2020-11-09-a\u0300-10.18.37.png 332w, http:\/\/jnr-cpl.com\/wp-content\/uploads\/2020\/11\/Capture-d\u2019e\u0301cran-2020-11-09-a\u0300-10.18.37-300x90.png 300w\" sizes=\"auto, (max-width: 332px) 100vw, 332px\" \/><\/h1>\n<p class=\"article__desc\">Engag\u00e9 d\u00e8s juin\u00a01940 dans les Forces fran\u00e7aises libres au c\u00f4t\u00e9 du g\u00e9n\u00e9ral de Gaulle, combattant de Bir Hakeim en\u00a01942, il s\u2019\u00e9tait ensuite mis au service de plusieurs institutions internationales.<\/p>\n<\/div>\n<p class=\"meta meta__publisher\"><span class=\"meta__author\">Par <a class=\"article__author-link\" href=\"https:\/\/www.lemonde.fr\/signataires\/benoit-hopquin\/\">Beno\u00eet Hopquin<\/a><\/span> <span class=\"meta__date\">Publi\u00e9 le 06 novembre 2020 \u00e0 00h17 &#8211; Mis \u00e0 jour le 06 novembre 2020 \u00e0 05h05<\/span><\/p>\n<h1 class=\"article__title\"><img loading=\"lazy\" decoding=\"async\" class=\"alignnone size-full wp-image-3348\" src=\"http:\/\/jnr-cpl.com\/wp-content\/uploads\/2020\/11\/Capture-d\u2019e\u0301cran-2020-11-09-a\u0300-10.18.30.png\" alt=\"\" width=\"597\" height=\"310\" srcset=\"http:\/\/jnr-cpl.com\/wp-content\/uploads\/2020\/11\/Capture-d\u2019e\u0301cran-2020-11-09-a\u0300-10.18.30.png 597w, http:\/\/jnr-cpl.com\/wp-content\/uploads\/2020\/11\/Capture-d\u2019e\u0301cran-2020-11-09-a\u0300-10.18.30-300x156.png 300w, http:\/\/jnr-cpl.com\/wp-content\/uploads\/2020\/11\/Capture-d\u2019e\u0301cran-2020-11-09-a\u0300-10.18.30-520x270.png 520w\" sizes=\"auto, (max-width: 597px) 100vw, 597px\" \/><\/h1>\n<p class=\"article__paragraph \">A Toulon, la maison de Pierre Simonet, dont les fen\u00eatres ouvraient sur le mont Faron, racontait une vie hors norme qui vient de s\u2019achever, jeudi 5\u00a0novembre \u00e0 l\u2019\u00e2ge de 99\u00a0ans. Le d\u00e9cor faisait voyager le visiteur d\u2019Asie en Afrique, bien plus que les phrases parcimonieuses, pudiques, de l\u2019h\u00f4te, qui buvait son th\u00e9 et racontait sa vie par courtes lamp\u00e9es. <em>\u00ab\u00a0On n\u2019aime pas les grands mots dans la famille\u00a0\u00bb<\/em>, s\u2019excusait-il. Le r\u00e9cit \u00e9tait ponctu\u00e9 de longs silences qui en disaient bien plus. Les pens\u00e9es semblaient alors s\u2019\u00e9vader vers un ailleurs sans doute indescriptible \u00e0 qui ne l\u2019avait pas connu.<\/p>\n<p class=\"article__paragraph \">Comment raconter cette guerre qui l\u2019a trimbal\u00e9 \u00e0 travers la moiti\u00e9 de la terre\u00a0? Comment d\u00e9crire, par exemple, la guerre de hasard, de maraude dans le d\u00e9sert libyen, o\u00f9 l\u2019on pouvait \u00eatre tour \u00e0 tour chasseur et proie\u00a0? Comment raconter la bataille de Bir Hakeim et sa pluie d\u2019acier\u00a0? Et la Syrie avec ces journ\u00e9es ext\u00e9nu\u00e9es de chaleur\u00a0? Et l\u2019Italie\u00a0? Et la lib\u00e9ration de la France\u00a0? Comment\u00a0?<\/p>\n<p><a href=\"https:\/\/www.lemonde.fr\/disparitions\/article\/2020\/11\/06\/pierre-simonet-l-un-des-trois-derniers-compagnons-de-la-liberation-est-mort-a-99-ans_6058680_3382.html?fbclid=IwAR2K1hGMXIsWyp1-3g7RyCaFUq97VXYEj5U1d-q3k8it5Or65-XAVIb1xBI\" target=\"_blank\" rel=\"noopener noreferrer\"><strong>LIRE LA SUITE<\/strong><\/a><\/p>\n","protected":false},"excerpt":{"rendered":"<p>Engag\u00e9 d\u00e8s juin\u00a01940 dans les Forces fran\u00e7aises libres au c\u00f4t\u00e9 du g\u00e9n\u00e9ral de Gaulle, combattant de Bir Hakeim en\u00a01942, il s\u2019\u00e9tait ensuite mis au service de plusieurs institutions internationales. Par Beno\u00eet Hopquin Publi\u00e9 le 06 novembre 2020 \u00e0 00h17 &#8211; Mis \u00e0 jour le 06 novembre 2020 \u00e0 05h05 A Toulon, la maison de Pierre &hellip; <\/p>\n<p class=\"read-more\"><a class=\"btn btn-default\" href=\"http:\/\/jnr-cpl.com\/?p=3341\"> Read More<span class=\"screen-reader-text\">  Read More<\/span><\/a><\/p>\n","protected":false},"author":1,"featured_media":0,"comment_status":"closed","ping_status":"open","sticky":false,"template":"","format":"standard","meta":{"footnotes":""},"categories":[18],"tags":[],"class_list":["post-3341","post","type-post","status-publish","format-standard","hentry","category-actualite-de-la-resistance"],"_links":{"self":[{"href":"http:\/\/jnr-cpl.com\/index.php?rest_route=\/wp\/v2\/posts\/3341","targetHints":{"allow":["GET"]}}],"collection":[{"href":"http:\/\/jnr-cpl.com\/index.php?rest_route=\/wp\/v2\/posts"}],"about":[{"href":"http:\/\/jnr-cpl.com\/index.php?rest_route=\/wp\/v2\/types\/post"}],"author":[{"embeddable":true,"href":"http:\/\/jnr-cpl.com\/index.php?rest_route=\/wp\/v2\/users\/1"}],"replies":[{"embeddable":true,"href":"http:\/\/jnr-cpl.com\/index.php?rest_route=%2Fwp%2Fv2%2Fcomments&post=3341"}],"version-history":[{"count":1,"href":"http:\/\/jnr-cpl.com\/index.php?rest_route=\/wp\/v2\/posts\/3341\/revisions"}],"predecessor-version":[{"id":3357,"href":"http:\/\/jnr-cpl.com\/index.php?rest_route=\/wp\/v2\/posts\/3341\/revisions\/3357"}],"wp:attachment":[{"href":"http:\/\/jnr-cpl.com\/index.php?rest_route=%2Fwp%2Fv2%2Fmedia&parent=3341"}],"wp:term":[{"taxonomy":"category","embeddable":true,"href":"http:\/\/jnr-cpl.com\/index.php?rest_route=%2Fwp%2Fv2%2Fcategories&post=3341"},{"taxonomy":"post_tag","embeddable":true,"href":"http:\/\/jnr-cpl.com\/index.php?rest_route=%2Fwp%2Fv2%2Ftags&post=3341"}],"curies":[{"name":"wp","href":"https:\/\/api.w.org\/{rel}","templated":true}]}}