{"id":3339,"date":"2020-11-09T10:36:53","date_gmt":"2020-11-09T09:36:53","guid":{"rendered":"http:\/\/jnr-cpl.com\/?p=3339"},"modified":"2020-11-09T10:36:53","modified_gmt":"2020-11-09T09:36:53","slug":"le-journal-de-guerre-de-paul-morand-un-temoignage-capital-sur-le-role-de-vichy-dans-lextermination-des-juifs","status":"publish","type":"post","link":"http:\/\/jnr-cpl.com\/?p=3339","title":{"rendered":"Le \u00ab\u00a0Journal de guerre\u00a0\u00bb de Paul Morand, un t\u00e9moignage capital sur le r\u00f4le de Vichy dans l\u2019extermination des juifs"},"content":{"rendered":"<div class=\"article__heading\">\n<p><img loading=\"lazy\" decoding=\"async\" class=\"alignnone size-full wp-image-3347\" src=\"http:\/\/jnr-cpl.com\/wp-content\/uploads\/2020\/11\/Capture-d\u2019e\u0301cran-2020-11-09-a\u0300-10.18.37.png\" alt=\"\" width=\"332\" height=\"100\" srcset=\"http:\/\/jnr-cpl.com\/wp-content\/uploads\/2020\/11\/Capture-d\u2019e\u0301cran-2020-11-09-a\u0300-10.18.37.png 332w, http:\/\/jnr-cpl.com\/wp-content\/uploads\/2020\/11\/Capture-d\u2019e\u0301cran-2020-11-09-a\u0300-10.18.37-300x90.png 300w\" sizes=\"auto, (max-width: 332px) 100vw, 332px\" \/><\/p>\n<p class=\"article__desc\">Des notations de premi\u00e8re main qui r\u00e9v\u00e8lent l\u2019\u00e9tat d\u2019esprit du gouvernement de Vichy, accablant, m\u00ealant cynisme h\u00e2bleur, mauvaise conscience agressive et humour poisseux.<\/p>\n<\/div>\n<p class=\"meta meta__publisher\"><span class=\"meta__author\">Par Laurent Joly<\/span> <span class=\"meta__date\">Publi\u00e9 le 05 novembre 2020 \u00e0 07h30 &#8211; Mis \u00e0 jour le 05 novembre 2020 \u00e0 07h52<\/span><\/p>\n<p class=\"article__paragraph \">A qui douterait de l\u2019inanit\u00e9 historique de la th\u00e9orie du \u00ab\u00a0moindre mal\u00a0\u00bb (en vertu de laquelle le gouvernement de Vichy n\u2019aurait livr\u00e9 les juifs apatrides aux nazis \u00e0 l\u2019\u00e9t\u00e9 1942 que pour sauver les juifs fran\u00e7ais exig\u00e9s par l\u2019occupant et en ignorant le sort fatal qui attendait les d\u00e9port\u00e9s), on ne pourrait que conseiller de se reporter aux pages du <em>Journal de guerre<\/em> de Paul Morand (<em>Tome I. Londres, Paris, Vichy.1939-1943,<\/em> Gallimard, \u00ab\u00a0Les cahiers de la NRF\u00a0\u00bb, 1028 p., 27\u00a0\u20ac) consacr\u00e9es au <em>\u00ab\u00a0probl\u00e8me juif\u00a0\u00bb<\/em>. D\u2019une authenticit\u00e9 incontestable, ces notations de premi\u00e8re main r\u00e9v\u00e8lent un \u00e9tat d\u2019esprit accablant, m\u00ealant cynisme h\u00e2bleur, mauvaise conscience agressive et humour poisseux. Le vase clos de Vichy dans ce qu\u2019il avait de pire.<\/p>\n<h2 class=\"article__sub-title\">Antis\u00e9mite chevronn\u00e9<\/h2>\n<p class=\"article__paragraph \">C\u2019est Laval d\u00e9fendant froidement sa politique en petit comit\u00e9 le 15\u00a0ao\u00fbt\u00a01942\u00a0: <em>\u00ab\u00a0L\u2019alignement du probl\u00e8me juif fran\u00e7ais sur le probl\u00e8me juif allemand <\/em>(\u2026) <em>ne nous co\u00fbte rien et n\u2019a pour nous que des avantages. Le sol seul compte.\u00a0\u00bb<\/em><\/p>\n<p class=\"article__paragraph \">C\u2019est Bousquet, le chef de la police de Vichy, p\u00e9rorant \u00e0 la <em>\u00ab\u00a0popote\u00a0\u00bb<\/em> de l\u2019H\u00f4tel du Parc, le 31\u00a0ao\u00fbt\u00a01942\u00a0: <em>\u00ab\u00a0Je ne les poursuis<\/em> [les juifs] <em>que comme antigouvernementaux. Je les sonne dur pour qu\u2019ils comprennent. J\u2019en ai liquid\u00e9 treize mille et continuerai jusqu\u2019\u00e0 ce qu\u2019ils se calment.\u00a0\u00bb<\/em> Puis, r\u00e9agissant \u00e0 la remarque d\u2019un collaborateur de Laval au sujet des exemptions pour certains juifs, de s\u2019exclamer\u00a0: <em>\u00ab\u00a0D\u00e8s qu\u2019on fait une exception, tous y passent.\u00a0\u00bb <\/em><\/p>\n<p><a href=\"https:\/\/www.lemonde.fr\/livres\/article\/2020\/11\/05\/le-journal-de-guerre-de-paul-morand-un-temoignage-capital-sur-le-role-de-vichy-dans-l-extermination-des-juifs_6058561_3260.html?fbclid=IwAR1GJTu4iEU7Tu7OI0skef5CwXIL5mxsQ2R8EQGHShHynikO89q3AgWk4u8\" target=\"_blank\" rel=\"noopener noreferrer\"><strong>LIRE LA SUITE<\/strong><\/a><\/p>\n","protected":false},"excerpt":{"rendered":"<p>Des notations de premi\u00e8re main qui r\u00e9v\u00e8lent l\u2019\u00e9tat d\u2019esprit du gouvernement de Vichy, accablant, m\u00ealant cynisme h\u00e2bleur, mauvaise conscience agressive et humour poisseux. Par Laurent Joly Publi\u00e9 le 05 novembre 2020 \u00e0 07h30 &#8211; Mis \u00e0 jour le 05 novembre 2020 \u00e0 07h52 A qui douterait de l\u2019inanit\u00e9 historique de la th\u00e9orie du \u00ab\u00a0moindre mal\u00a0\u00bb &hellip; <\/p>\n<p class=\"read-more\"><a class=\"btn btn-default\" href=\"http:\/\/jnr-cpl.com\/?p=3339\"> Read More<span class=\"screen-reader-text\">  Read More<\/span><\/a><\/p>\n","protected":false},"author":1,"featured_media":0,"comment_status":"closed","ping_status":"open","sticky":false,"template":"","format":"standard","meta":{"footnotes":""},"categories":[19,18],"tags":[],"class_list":["post-3339","post","type-post","status-publish","format-standard","hentry","category-actualite-de-la-deportation","category-actualite-de-la-resistance"],"_links":{"self":[{"href":"http:\/\/jnr-cpl.com\/index.php?rest_route=\/wp\/v2\/posts\/3339","targetHints":{"allow":["GET"]}}],"collection":[{"href":"http:\/\/jnr-cpl.com\/index.php?rest_route=\/wp\/v2\/posts"}],"about":[{"href":"http:\/\/jnr-cpl.com\/index.php?rest_route=\/wp\/v2\/types\/post"}],"author":[{"embeddable":true,"href":"http:\/\/jnr-cpl.com\/index.php?rest_route=\/wp\/v2\/users\/1"}],"replies":[{"embeddable":true,"href":"http:\/\/jnr-cpl.com\/index.php?rest_route=%2Fwp%2Fv2%2Fcomments&post=3339"}],"version-history":[{"count":1,"href":"http:\/\/jnr-cpl.com\/index.php?rest_route=\/wp\/v2\/posts\/3339\/revisions"}],"predecessor-version":[{"id":3354,"href":"http:\/\/jnr-cpl.com\/index.php?rest_route=\/wp\/v2\/posts\/3339\/revisions\/3354"}],"wp:attachment":[{"href":"http:\/\/jnr-cpl.com\/index.php?rest_route=%2Fwp%2Fv2%2Fmedia&parent=3339"}],"wp:term":[{"taxonomy":"category","embeddable":true,"href":"http:\/\/jnr-cpl.com\/index.php?rest_route=%2Fwp%2Fv2%2Fcategories&post=3339"},{"taxonomy":"post_tag","embeddable":true,"href":"http:\/\/jnr-cpl.com\/index.php?rest_route=%2Fwp%2Fv2%2Ftags&post=3339"}],"curies":[{"name":"wp","href":"https:\/\/api.w.org\/{rel}","templated":true}]}}