{"id":3337,"date":"2020-11-09T10:26:12","date_gmt":"2020-11-09T09:26:12","guid":{"rendered":"http:\/\/jnr-cpl.com\/?p=3337"},"modified":"2020-11-09T10:26:12","modified_gmt":"2020-11-09T09:26:12","slug":"un-atterrissage-en-pleine-nuit-qui-ne-soublie-pas","status":"publish","type":"post","link":"http:\/\/jnr-cpl.com\/?p=3337","title":{"rendered":"Un atterrissage en pleine nuit qui ne s\u2019oublie pas"},"content":{"rendered":"<div class=\"textComponent element1\">\n<p><img loading=\"lazy\" decoding=\"async\" class=\"alignnone size-full wp-image-3343\" src=\"http:\/\/jnr-cpl.com\/wp-content\/uploads\/2020\/11\/Capture-d\u2019e\u0301cran-2020-11-09-a\u0300-10.16.16.png\" alt=\"\" width=\"196\" height=\"72\" \/><\/p>\n<p><img loading=\"lazy\" decoding=\"async\" class=\"alignnone size-full wp-image-3342\" src=\"http:\/\/jnr-cpl.com\/wp-content\/uploads\/2020\/11\/Capture-d\u2019e\u0301cran-2020-11-09-a\u0300-10.16.23.png\" alt=\"\" width=\"864\" height=\"583\" srcset=\"http:\/\/jnr-cpl.com\/wp-content\/uploads\/2020\/11\/Capture-d\u2019e\u0301cran-2020-11-09-a\u0300-10.16.23.png 864w, http:\/\/jnr-cpl.com\/wp-content\/uploads\/2020\/11\/Capture-d\u2019e\u0301cran-2020-11-09-a\u0300-10.16.23-300x202.png 300w, http:\/\/jnr-cpl.com\/wp-content\/uploads\/2020\/11\/Capture-d\u2019e\u0301cran-2020-11-09-a\u0300-10.16.23-768x518.png 768w, http:\/\/jnr-cpl.com\/wp-content\/uploads\/2020\/11\/Capture-d\u2019e\u0301cran-2020-11-09-a\u0300-10.16.23-400x270.png 400w\" sizes=\"auto, (max-width: 864px) 100vw, 864px\" \/><\/p>\n<p>Ce samedi, lors des obs\u00e8ques du r\u00e9sistant <a href=\"https:\/\/c.leprogres.fr\/societe\/2020\/10\/23\/francois-yves-guillin-grand-resistant-s-est-eteint\" target=\"_blank\" rel=\"noopener noreferrer\">Fran\u00e7ois-Yves Guillin<\/a> en l\u2019\u00e9glise Sainte-Foy, discr\u00e8tement au milieu des fid\u00e8les, on remarquait une \u00e9tole bleu blanc rouge. Il s\u2019agissait de Jean-Claude Ducarre, maire de Melay, une commune de Sa\u00f4ne-et-Loire en Bourgogne-Franche-Comt\u00e9.<\/p>\n<p>Intrigu\u00e9 par cette pr\u00e9sence officielle, il l\u2019expliquait \u00e0 V\u00e9ronique Sarselli, maire\u00a0: \u00ab\u00a0Je tenais \u00e0 \u00eatre l\u00e0\u00a0: tous les 20\u00a0mars, \u00e0 Melay, nous comm\u00e9morons l\u2019atterrissage d\u2019un Lysander dans la nuit du 19 au 20\u00a0mars 1943\u00a0: cet avion d\u00e9posait trois grands personnages de la R\u00e9sistance fran\u00e7aise, Jean Moulin, le g\u00e9n\u00e9ral Delestraint, chef de l\u2019arm\u00e9e secr\u00e8te du G\u00e9n\u00e9ral de Gaulle et Christian Pineau, fondateur du bulletin clandestin Lib\u00e9ration. C\u2019\u00e9tait pour ces grands r\u00e9sistants leur dernier retour de Londres. Sur les lieux de cet atterrissage, une st\u00e8le a \u00e9t\u00e9 \u00e9rig\u00e9e en 1990, depuis tous les 20\u00a0mars, nous sommes l\u00e0. Et Fran\u00e7ois-Yves Guillin, secr\u00e9taire du G\u00e9n\u00e9ral Delestraint, soucieux de conserver la m\u00e9moire de tels engagements patriotiques, venait r\u00e9guli\u00e8rement parler, avec une humilit\u00e9 impressionnante, aux jeunes de notre commune. Ce matin, je lui devais d\u2019\u00eatre l\u00e0. \u00bb<\/p>\n<\/div>\n","protected":false},"excerpt":{"rendered":"<p>Ce samedi, lors des obs\u00e8ques du r\u00e9sistant Fran\u00e7ois-Yves Guillin en l\u2019\u00e9glise Sainte-Foy, discr\u00e8tement au milieu des fid\u00e8les, on remarquait une \u00e9tole bleu blanc rouge. Il s\u2019agissait de Jean-Claude Ducarre, maire de Melay, une commune de Sa\u00f4ne-et-Loire en Bourgogne-Franche-Comt\u00e9. Intrigu\u00e9 par cette pr\u00e9sence officielle, il l\u2019expliquait \u00e0 V\u00e9ronique Sarselli, maire\u00a0: \u00ab\u00a0Je tenais \u00e0 \u00eatre l\u00e0\u00a0: tous &hellip; <\/p>\n<p class=\"read-more\"><a class=\"btn btn-default\" href=\"http:\/\/jnr-cpl.com\/?p=3337\"> Read More<span class=\"screen-reader-text\">  Read More<\/span><\/a><\/p>\n","protected":false},"author":1,"featured_media":0,"comment_status":"closed","ping_status":"open","sticky":false,"template":"","format":"standard","meta":{"footnotes":""},"categories":[18],"tags":[],"class_list":["post-3337","post","type-post","status-publish","format-standard","hentry","category-actualite-de-la-resistance"],"_links":{"self":[{"href":"http:\/\/jnr-cpl.com\/index.php?rest_route=\/wp\/v2\/posts\/3337","targetHints":{"allow":["GET"]}}],"collection":[{"href":"http:\/\/jnr-cpl.com\/index.php?rest_route=\/wp\/v2\/posts"}],"about":[{"href":"http:\/\/jnr-cpl.com\/index.php?rest_route=\/wp\/v2\/types\/post"}],"author":[{"embeddable":true,"href":"http:\/\/jnr-cpl.com\/index.php?rest_route=\/wp\/v2\/users\/1"}],"replies":[{"embeddable":true,"href":"http:\/\/jnr-cpl.com\/index.php?rest_route=%2Fwp%2Fv2%2Fcomments&post=3337"}],"version-history":[{"count":1,"href":"http:\/\/jnr-cpl.com\/index.php?rest_route=\/wp\/v2\/posts\/3337\/revisions"}],"predecessor-version":[{"id":3351,"href":"http:\/\/jnr-cpl.com\/index.php?rest_route=\/wp\/v2\/posts\/3337\/revisions\/3351"}],"wp:attachment":[{"href":"http:\/\/jnr-cpl.com\/index.php?rest_route=%2Fwp%2Fv2%2Fmedia&parent=3337"}],"wp:term":[{"taxonomy":"category","embeddable":true,"href":"http:\/\/jnr-cpl.com\/index.php?rest_route=%2Fwp%2Fv2%2Fcategories&post=3337"},{"taxonomy":"post_tag","embeddable":true,"href":"http:\/\/jnr-cpl.com\/index.php?rest_route=%2Fwp%2Fv2%2Ftags&post=3337"}],"curies":[{"name":"wp","href":"https:\/\/api.w.org\/{rel}","templated":true}]}}