{"id":3323,"date":"2020-11-02T12:43:13","date_gmt":"2020-11-02T11:43:13","guid":{"rendered":"http:\/\/jnr-cpl.com\/?p=3323"},"modified":"2020-11-02T12:43:13","modified_gmt":"2020-11-02T11:43:13","slug":"robert-nehlig-le-centenaire-resistant-dennery","status":"publish","type":"post","link":"http:\/\/jnr-cpl.com\/?p=3323","title":{"rendered":"Robert Nehlig, le centenaire r\u00e9sistant d&rsquo;Ennery"},"content":{"rendered":"<p><img loading=\"lazy\" decoding=\"async\" class=\"alignnone size-full wp-image-3333\" src=\"http:\/\/jnr-cpl.com\/wp-content\/uploads\/2020\/11\/Capture-d\u2019e\u0301cran-2020-11-02-a\u0300-12.41.27.png\" alt=\"\" width=\"193\" height=\"51\" \/><\/p>\n<p>Val-d&rsquo;Oise. Robert Nehlig, le centenaire r\u00e9sistant d&rsquo;Ennery<\/p>\n<p>Ancien r\u00e9sistant et soldat de la Lib\u00e9ration, Robert Nehlig a f\u00eat\u00e9 ses 100 ans dans sa ville natale, \u00e0 Ennery.<\/p>\n<p class=\"ac-article-date\">Par <strong><a title=\"Consulter tous les articles de Romain Dameron\" href=\"https:\/\/actu.fr\/auteur\/romain-dameron\" rel=\"nofollow\">Romain Dameron<\/a><\/strong> Publi\u00e9 le <time datetime=\"2020-10-27T16:48:01+01:00\">27 Oct 20 \u00e0 16:48<\/time><\/p>\n<p><img loading=\"lazy\" decoding=\"async\" class=\"alignnone size-full wp-image-3334\" src=\"http:\/\/jnr-cpl.com\/wp-content\/uploads\/2020\/11\/Capture-d\u2019e\u0301cran-2020-11-02-a\u0300-12.41.19.png\" alt=\"\" width=\"761\" height=\"599\" srcset=\"http:\/\/jnr-cpl.com\/wp-content\/uploads\/2020\/11\/Capture-d\u2019e\u0301cran-2020-11-02-a\u0300-12.41.19.png 761w, http:\/\/jnr-cpl.com\/wp-content\/uploads\/2020\/11\/Capture-d\u2019e\u0301cran-2020-11-02-a\u0300-12.41.19-300x236.png 300w, http:\/\/jnr-cpl.com\/wp-content\/uploads\/2020\/11\/Capture-d\u2019e\u0301cran-2020-11-02-a\u0300-12.41.19-343x270.png 343w\" sizes=\"auto, (max-width: 761px) 100vw, 761px\" \/><\/p>\n<p>Souffler 100 bougies ? M\u00eame pas peur ! Du haut de son <strong>si\u00e8cle<\/strong>, c\u00e9l\u00e9br\u00e9 le 8 septembre, \u00e0 l\u2019Ehpad Les Jardins d\u2019Ennery, Robert Nehlig en a vu d\u2019autres.<\/p>\n<p>Le v\u00e9n\u00e9rable <strong>centenaire<\/strong> a fait la guerre et connu une sale \u00e9poque. Celle o\u00f9 la <strong>libert\u00e9 d\u2019expression<\/strong> n\u2019existait plus et o\u00f9 militer et exprimer une opinion diff\u00e9rente de celle de l\u2019occupant pouvait valoir douze balles dans la peau.<\/p>\n<p>Brassards et champignons<\/p>\n<p>Pendant l\u2019Occupation, Robert est \u00e0 Ennery. Il rejoint les rangs des Francs tireurs et partisans (Ftp), l\u2019une des organisations de la r\u00e9sistance fran\u00e7aise.<\/p>\n<p>\u00c0 l\u2019\u00e9t\u00e9 1944, son chef de r\u00e9seau lui demande de se rendre \u00e0 Parmain pour r\u00e9cup\u00e9rer des brassards tricolores qui \u00e9quiperont les r\u00e9sistants au moment de la Lib\u00e9ration toute proche.<\/p>\n<p>\u00ab\u00a0J\u2019ai r\u00e9cup\u00e9r\u00e9 les brassards. Je les ai mis dans mon panier et je suis mont\u00e9 sur mon v\u00e9lo, se souvient Robert. Je me suis arr\u00eat\u00e9 en chemin pour ramasser des champignons que j\u2019ai mis dans mon panier.\u00a0\u00bb<\/p>\n<p>Quelques minutes apr\u00e8s avoir enfourch\u00e9 son biclou, Robert tombe nez \u00e0 nez avec des soldats allemands en pleine retraite.<\/p>\n<p><a href=\"https:\/\/actu.fr\/ile-de-france\/ennery_95211\/val-d-oise-robert-nehlig-le-centenaire-resistant-d-ennery_37062027.html\" target=\"_blank\" rel=\"noopener noreferrer\"><strong>LIRE LA SUITE<\/strong><\/a><\/p>\n","protected":false},"excerpt":{"rendered":"<p>Val-d&rsquo;Oise. Robert Nehlig, le centenaire r\u00e9sistant d&rsquo;Ennery Ancien r\u00e9sistant et soldat de la Lib\u00e9ration, Robert Nehlig a f\u00eat\u00e9 ses 100 ans dans sa ville natale, \u00e0 Ennery. Par Romain Dameron Publi\u00e9 le 27 Oct 20 \u00e0 16:48 Souffler 100 bougies ? M\u00eame pas peur ! Du haut de son si\u00e8cle, c\u00e9l\u00e9br\u00e9 le 8 septembre, \u00e0 &hellip; <\/p>\n<p class=\"read-more\"><a class=\"btn btn-default\" href=\"http:\/\/jnr-cpl.com\/?p=3323\"> Read More<span class=\"screen-reader-text\">  Read More<\/span><\/a><\/p>\n","protected":false},"author":1,"featured_media":0,"comment_status":"closed","ping_status":"open","sticky":false,"template":"","format":"standard","meta":{"footnotes":""},"categories":[18],"tags":[],"class_list":["post-3323","post","type-post","status-publish","format-standard","hentry","category-actualite-de-la-resistance"],"_links":{"self":[{"href":"http:\/\/jnr-cpl.com\/index.php?rest_route=\/wp\/v2\/posts\/3323","targetHints":{"allow":["GET"]}}],"collection":[{"href":"http:\/\/jnr-cpl.com\/index.php?rest_route=\/wp\/v2\/posts"}],"about":[{"href":"http:\/\/jnr-cpl.com\/index.php?rest_route=\/wp\/v2\/types\/post"}],"author":[{"embeddable":true,"href":"http:\/\/jnr-cpl.com\/index.php?rest_route=\/wp\/v2\/users\/1"}],"replies":[{"embeddable":true,"href":"http:\/\/jnr-cpl.com\/index.php?rest_route=%2Fwp%2Fv2%2Fcomments&post=3323"}],"version-history":[{"count":1,"href":"http:\/\/jnr-cpl.com\/index.php?rest_route=\/wp\/v2\/posts\/3323\/revisions"}],"predecessor-version":[{"id":3335,"href":"http:\/\/jnr-cpl.com\/index.php?rest_route=\/wp\/v2\/posts\/3323\/revisions\/3335"}],"wp:attachment":[{"href":"http:\/\/jnr-cpl.com\/index.php?rest_route=%2Fwp%2Fv2%2Fmedia&parent=3323"}],"wp:term":[{"taxonomy":"category","embeddable":true,"href":"http:\/\/jnr-cpl.com\/index.php?rest_route=%2Fwp%2Fv2%2Fcategories&post=3323"},{"taxonomy":"post_tag","embeddable":true,"href":"http:\/\/jnr-cpl.com\/index.php?rest_route=%2Fwp%2Fv2%2Ftags&post=3323"}],"curies":[{"name":"wp","href":"https:\/\/api.w.org\/{rel}","templated":true}]}}