{"id":3289,"date":"2020-10-27T09:54:56","date_gmt":"2020-10-27T08:54:56","guid":{"rendered":"http:\/\/jnr-cpl.com\/?p=3289"},"modified":"2020-10-27T09:54:56","modified_gmt":"2020-10-27T08:54:56","slug":"10-ans-de-bd","status":"publish","type":"post","link":"http:\/\/jnr-cpl.com\/?p=3289","title":{"rendered":"10 ans de BD !"},"content":{"rendered":"<div class=\"et_pb_section dce_post_title et_post_meta_wrapper\">\n<div class=\"et_pb_row dce_row\">\n<h1><img loading=\"lazy\" decoding=\"async\" class=\"alignnone size-full wp-image-3313\" src=\"http:\/\/jnr-cpl.com\/wp-content\/uploads\/2020\/10\/Capture-d\u2019e\u0301cran-2020-10-27-a\u0300-09.54.35.png\" alt=\"\" width=\"370\" height=\"150\" srcset=\"http:\/\/jnr-cpl.com\/wp-content\/uploads\/2020\/10\/Capture-d\u2019e\u0301cran-2020-10-27-a\u0300-09.54.35.png 370w, http:\/\/jnr-cpl.com\/wp-content\/uploads\/2020\/10\/Capture-d\u2019e\u0301cran-2020-10-27-a\u0300-09.54.35-300x122.png 300w\" sizes=\"auto, (max-width: 370px) 100vw, 370px\" \/><\/h1>\n<h1 class=\"entry-title dce-post-title\"><img loading=\"lazy\" decoding=\"async\" class=\"alignnone size-full wp-image-3312\" src=\"http:\/\/jnr-cpl.com\/wp-content\/uploads\/2020\/10\/Capture-d\u2019e\u0301cran-2020-10-27-a\u0300-09.53.36.png\" alt=\"\" width=\"433\" height=\"321\" srcset=\"http:\/\/jnr-cpl.com\/wp-content\/uploads\/2020\/10\/Capture-d\u2019e\u0301cran-2020-10-27-a\u0300-09.53.36.png 433w, http:\/\/jnr-cpl.com\/wp-content\/uploads\/2020\/10\/Capture-d\u2019e\u0301cran-2020-10-27-a\u0300-09.53.36-300x222.png 300w, http:\/\/jnr-cpl.com\/wp-content\/uploads\/2020\/10\/Capture-d\u2019e\u0301cran-2020-10-27-a\u0300-09.53.36-364x270.png 364w\" sizes=\"auto, (max-width: 433px) 100vw, 433px\" \/><\/h1>\n<\/div>\n<\/div>\n<div class=\"entry-content\">\n<div class=\"et_pb_section dce_post_content\">\n<div class=\"et_pb_row  dce_row\">\n<p class=\"has-text-align-left\">Voici 10 ans en effet, le 21 octobre 2010, sortait le tome 1 de<em> KZ Dora<\/em>, ma premi\u00e8re bande dessin\u00e9e publi\u00e9e, aux Editions Des ronds dans l\u2019O. Cette \u00e9dition en 2 volumes (le second est sorti en janvier 2012) est d\u00e9sormais tr\u00e8s rare \u00e0 trouver dans le commerce puisque seule la version int\u00e9grale (mars 2015) est maintenant disponible.<br \/>\nSi pour beaucoup de coll\u00e8gues, leur premi\u00e8re \u0153uvre est un galop d\u2019essai, il repr\u00e9sente bien plus me concernant, car je continue d\u2019en parler quasiment chaque mois dans les \u00e9coles offrant aux enseignants qui avaient l\u2019habitude d\u2019inviter d\u2019anciens t\u00e9moins des camps de concentration, une alternative int\u00e9ressante. Une exposition est \u00e9galement disponible (vente et location) et <a href=\"https:\/\/www.robinwalter.fr\/mediation\/\"><span class=\"color\">la m\u00e9diation autour de <em>KZ Dora<\/em><\/span><\/a> est donc toujours importante.<\/p>\n<div class=\"wp-block-image\">\n<figure class=\"aligncenter size-large is-resized\"><img loading=\"lazy\" decoding=\"async\" class=\"wp-image-1466 jetpack-lazy-image jetpack-lazy-image--handled\" src=\"https:\/\/i1.wp.com\/www.robinwalter.fr\/wp-content\/uploads\/2020\/10\/DSCF0625-scaled.jpg?fit=1024%2C768&amp;ssl=1\" sizes=\"auto, (max-width: 444px) 100vw, 444px\" srcset=\"https:\/\/i1.wp.com\/www.robinwalter.fr\/wp-content\/uploads\/2020\/10\/DSCF0625-scaled.jpg?w=2560&amp;ssl=1 2560w, https:\/\/i1.wp.com\/www.robinwalter.fr\/wp-content\/uploads\/2020\/10\/DSCF0625-scaled.jpg?resize=300%2C225&amp;ssl=1 300w, https:\/\/i1.wp.com\/www.robinwalter.fr\/wp-content\/uploads\/2020\/10\/DSCF0625-scaled.jpg?resize=1024%2C768&amp;ssl=1 1024w, https:\/\/i1.wp.com\/www.robinwalter.fr\/wp-content\/uploads\/2020\/10\/DSCF0625-scaled.jpg?resize=768%2C576&amp;ssl=1 768w, https:\/\/i1.wp.com\/www.robinwalter.fr\/wp-content\/uploads\/2020\/10\/DSCF0625-scaled.jpg?resize=1536%2C1152&amp;ssl=1 1536w, https:\/\/i1.wp.com\/www.robinwalter.fr\/wp-content\/uploads\/2020\/10\/DSCF0625-scaled.jpg?resize=2048%2C1536&amp;ssl=1 2048w, https:\/\/i1.wp.com\/www.robinwalter.fr\/wp-content\/uploads\/2020\/10\/DSCF0625-scaled.jpg?resize=510%2C382&amp;ssl=1 510w, https:\/\/i1.wp.com\/www.robinwalter.fr\/wp-content\/uploads\/2020\/10\/DSCF0625-scaled.jpg?resize=1080%2C810&amp;ssl=1 1080w, https:\/\/i1.wp.com\/www.robinwalter.fr\/wp-content\/uploads\/2020\/10\/DSCF0625-scaled.jpg?w=2160&amp;ssl=1 2160w\" alt=\"\" width=\"444\" height=\"333\" data-attachment-id=\"1466\" data-permalink=\"https:\/\/www.robinwalter.fr\/10-ans-de-bd\/dscf0625\/\" data-orig-file=\"https:\/\/i1.wp.com\/www.robinwalter.fr\/wp-content\/uploads\/2020\/10\/DSCF0625-scaled.jpg?fit=2560%2C1920&amp;ssl=1\" data-orig-size=\"2560,1920\" data-comments-opened=\"0\" data-image-meta=\"{&quot;aperture&quot;:&quot;3.5&quot;,&quot;credit&quot;:&quot;&quot;,&quot;camera&quot;:&quot;FinePix Z2&quot;,&quot;caption&quot;:&quot;&quot;,&quot;created_timestamp&quot;:&quot;1286496354&quot;,&quot;copyright&quot;:&quot;&quot;,&quot;focal_length&quot;:&quot;6.1&quot;,&quot;iso&quot;:&quot;640&quot;,&quot;shutter_speed&quot;:&quot;0.1&quot;,&quot;title&quot;:&quot;&quot;,&quot;orientation&quot;:&quot;1&quot;}\" data-image-title=\"DSCF0625\" data-image-description=\"\" data-medium-file=\"https:\/\/i1.wp.com\/www.robinwalter.fr\/wp-content\/uploads\/2020\/10\/DSCF0625-scaled.jpg?fit=300%2C225&amp;ssl=1\" data-large-file=\"https:\/\/i1.wp.com\/www.robinwalter.fr\/wp-content\/uploads\/2020\/10\/DSCF0625-scaled.jpg?fit=1024%2C768&amp;ssl=1\" data-lazy-loaded=\"1\" \/><\/figure>\n<\/div>\n<p>C\u2019est cet album que St\u00e9phane Hessel avait pr\u00e9fac\u00e9. Son texte qui accompagne d\u00e9sormais l\u2019int\u00e9grale a en effet \u00e9t\u00e9 r\u00e9dig\u00e9 \u00e0 la fin de l\u2019\u00e9t\u00e9 2010. L\u2019ancien r\u00e9sistant d\u00e9port\u00e9, \u00e0 la vie passionnante tant sur le plan de l\u2019engagement que le plan culturel, avait accueilli chez lui mon \u00e9ditrice Marie Moinard, qui lui avait pr\u00e9sent\u00e9 les planches. Le hasard a voulu que quelques semaines plus tard, le 21 octobre, jour de la sortie de ma BD, paraisse \u00e9galement son essai \u00ab\u00a0Indignez-vous\u00a0\u00bb, qui allait devenir un ph\u00e9nom\u00e8ne \u00e9ditorial.<\/p>\n<p><strong><a href=\"https:\/\/www.robinwalter.fr\/10-ans-de-bd\/?fbclid=IwAR18WuZU6pJRZrW1D_IATBDw0JNEyinLXAnnGubFvbBWGvmCWizl6WxUb4g\" target=\"_blank\" rel=\"noopener noreferrer\">LIRE LA SUITE<\/a><\/strong><\/p>\n<\/div>\n<\/div>\n<\/div>\n","protected":false},"excerpt":{"rendered":"<p>Voici 10 ans en effet, le 21 octobre 2010, sortait le tome 1 de KZ Dora, ma premi\u00e8re bande dessin\u00e9e publi\u00e9e, aux Editions Des ronds dans l\u2019O. Cette \u00e9dition en 2 volumes (le second est sorti en janvier 2012) est d\u00e9sormais tr\u00e8s rare \u00e0 trouver dans le commerce puisque seule la version int\u00e9grale (mars 2015) &hellip; <\/p>\n<p class=\"read-more\"><a class=\"btn btn-default\" href=\"http:\/\/jnr-cpl.com\/?p=3289\"> Read More<span class=\"screen-reader-text\">  Read More<\/span><\/a><\/p>\n","protected":false},"author":1,"featured_media":0,"comment_status":"closed","ping_status":"open","sticky":false,"template":"","format":"standard","meta":{"footnotes":""},"categories":[19,18],"tags":[],"class_list":["post-3289","post","type-post","status-publish","format-standard","hentry","category-actualite-de-la-deportation","category-actualite-de-la-resistance"],"_links":{"self":[{"href":"http:\/\/jnr-cpl.com\/index.php?rest_route=\/wp\/v2\/posts\/3289","targetHints":{"allow":["GET"]}}],"collection":[{"href":"http:\/\/jnr-cpl.com\/index.php?rest_route=\/wp\/v2\/posts"}],"about":[{"href":"http:\/\/jnr-cpl.com\/index.php?rest_route=\/wp\/v2\/types\/post"}],"author":[{"embeddable":true,"href":"http:\/\/jnr-cpl.com\/index.php?rest_route=\/wp\/v2\/users\/1"}],"replies":[{"embeddable":true,"href":"http:\/\/jnr-cpl.com\/index.php?rest_route=%2Fwp%2Fv2%2Fcomments&post=3289"}],"version-history":[{"count":2,"href":"http:\/\/jnr-cpl.com\/index.php?rest_route=\/wp\/v2\/posts\/3289\/revisions"}],"predecessor-version":[{"id":3315,"href":"http:\/\/jnr-cpl.com\/index.php?rest_route=\/wp\/v2\/posts\/3289\/revisions\/3315"}],"wp:attachment":[{"href":"http:\/\/jnr-cpl.com\/index.php?rest_route=%2Fwp%2Fv2%2Fmedia&parent=3289"}],"wp:term":[{"taxonomy":"category","embeddable":true,"href":"http:\/\/jnr-cpl.com\/index.php?rest_route=%2Fwp%2Fv2%2Fcategories&post=3289"},{"taxonomy":"post_tag","embeddable":true,"href":"http:\/\/jnr-cpl.com\/index.php?rest_route=%2Fwp%2Fv2%2Ftags&post=3289"}],"curies":[{"name":"wp","href":"https:\/\/api.w.org\/{rel}","templated":true}]}}