{"id":3286,"date":"2020-10-27T09:51:12","date_gmt":"2020-10-27T08:51:12","guid":{"rendered":"http:\/\/jnr-cpl.com\/?p=3286"},"modified":"2020-10-27T09:51:12","modified_gmt":"2020-10-27T08:51:12","slug":"un-poitevin-sur-les-traces-de-son-grand-pere-resistant-polonais","status":"publish","type":"post","link":"http:\/\/jnr-cpl.com\/?p=3286","title":{"rendered":"Un Poitevin sur les traces de son grand-p\u00e8re r\u00e9sistant polonais"},"content":{"rendered":"<p><img loading=\"lazy\" decoding=\"async\" class=\"alignnone size-full wp-image-3270\" src=\"http:\/\/jnr-cpl.com\/wp-content\/uploads\/2020\/10\/Capture-d\u2019e\u0301cran-2020-10-19-a\u0300-17.35.07.png\" alt=\"\" width=\"291\" height=\"78\" \/><\/p>\n<p><img loading=\"lazy\" decoding=\"async\" class=\"alignnone size-large wp-image-3295\" src=\"http:\/\/jnr-cpl.com\/wp-content\/uploads\/2020\/10\/Capture-d\u2019e\u0301cran-2020-10-27-a\u0300-09.36.31-1024x588.png\" alt=\"\" width=\"640\" height=\"368\" srcset=\"http:\/\/jnr-cpl.com\/wp-content\/uploads\/2020\/10\/Capture-d\u2019e\u0301cran-2020-10-27-a\u0300-09.36.31-1024x588.png 1024w, http:\/\/jnr-cpl.com\/wp-content\/uploads\/2020\/10\/Capture-d\u2019e\u0301cran-2020-10-27-a\u0300-09.36.31-300x172.png 300w, http:\/\/jnr-cpl.com\/wp-content\/uploads\/2020\/10\/Capture-d\u2019e\u0301cran-2020-10-27-a\u0300-09.36.31-768x441.png 768w, http:\/\/jnr-cpl.com\/wp-content\/uploads\/2020\/10\/Capture-d\u2019e\u0301cran-2020-10-27-a\u0300-09.36.31-470x270.png 470w, http:\/\/jnr-cpl.com\/wp-content\/uploads\/2020\/10\/Capture-d\u2019e\u0301cran-2020-10-27-a\u0300-09.36.31.png 1104w\" sizes=\"auto, (max-width: 640px) 100vw, 640px\" \/><\/p>\n<div class=\"chapo-wrapper ng-scope\">\n<div class=\"wysiwyg\">\n<div class=\"rubedo-field-inner\">\n<div class=\"ng-scope\">\n<div class=\"ng-scope\">\n<div class=\"ng-scope\">\n<div class=\"chapo ng-scope\">\n<p class=\"ng-binding ng-scope\">Le grand-p\u00e8re du photographe poitevin Thomas Regdosz a d\u00fb fuir la Pologne apr\u00e8s la guerre. Son petit-fils veut tourner un film pour retracer ce p\u00e9riple.<\/p>\n<\/div>\n<\/div>\n<\/div>\n<\/div>\n<\/div>\n<\/div>\n<\/div>\n<div class=\"rubedo-block-pave-haut ng-scope\">\n<div class=\"rubedo-block-nr ng-scope true\">\n<div class=\"ng-scope\">\n<div class=\"rubedo-block-nr-has-content rubedo-block-dfp\">\n<div id=\"nrco_pub_dfp_Pave_Haut_57da5cf9459a4552008b4b2b\" class=\"nrco_pub_dfp Pave_Haut\"><\/div>\n<\/div>\n<\/div>\n<\/div>\n<\/div>\n<div>\n<div class=\"wysiwyg paywall clearfix\">\n<div class=\"rubedo-field-inner\">\n<div class=\"ng-scope\">\n<div class=\"ng-scope\">\n<div class=\"wrapper-rubedo-field ng-scope\">\n<div class=\"rubedo-field-inner\">\n<div class=\"ng-scope\">\n<div class=\"ng-scope\">\n<p class=\"ng-scope\">Sur l\u2019affiche du projet de film, le \u00ab\u00a0p\u00a0\u00bb de Joseph ressemble \u00e0 une ancre de marine\u2026 Il s\u2019agit, en fait, de la Kotwica, le symbole de la r\u00e9sistance polonaise durant la Seconde Guerre mondiale. Grand-p\u00e8re du photographe et r\u00e9alisateur poitevin Thomas Regdosz, Joseph Drozniak a en effet appartenu \u00e0 cette Armia Krajowa et particip\u00e9 \u00e0 l\u2019insurrection de Varsovie, en 1944.<br \/>\n<span class=\"Relance\">De Cracovie \u00e0\u00a0Roubaix, via\u00a0l\u2019Allemagne <\/span><em>\u00ab\u00a0L\u2019\u00e9chec de l\u2019insurrection de Varsovie a \u00e9t\u00e9 voulu par Staline<\/em>, rappelle Thomas Regdosz. <em>Les chars sovi\u00e9tiques se sont arr\u00eat\u00e9s sur la rive oppos\u00e9e de la Vistule et, apr\u00e8s la guerre, ils ont tent\u00e9 d\u2019effacer toute trace de la r\u00e9sistance polonaise non communiste<\/em>\u2026<em> Convoqu\u00e9 \u00e0 Moscou en septembre\u00a01945, mon grand-p\u00e8re a donc d\u00fb fuir la Pologne pour \u00e9viter d\u2019\u00eatre d\u00e9port\u00e9 au goulag ou simplement ex\u00e9cut\u00e9 comme la plupart des r\u00e9sistants appel\u00e9s au Kremlin.\u00a0\u00bb<\/em><\/p>\n<p class=\"ng-scope\">C\u2019est ainsi qu\u2019a d\u00e9but\u00e9 le long p\u00e9riple de Joseph Drozniak, de la banlieue de Cracovie jusqu\u2019\u00e0 Roubaix, en passant par l\u2019Allemagne. Arriv\u00e9 \u00e0 pied dans un camp de r\u00e9fugi\u00e9s de G\u00f6ttingen, en zone anglaise, le r\u00e9sistant s\u2019est ensuite engag\u00e9 dans un bataillon de l\u2019arm\u00e9e am\u00e9ricaine et tint le r\u00f4le de gardien durant les proc\u00e8s de Nuremberg, en 1946.<\/p>\n<p><strong><a href=\"https:\/\/www.lanouvellerepublique.fr\/poitiers\/un-poitevin-sur-les-traces-de-son-grand-pere-resistant\" target=\"_blank\" rel=\"noopener noreferrer\">LIRE LA SUITE<\/a><\/strong><\/p>\n<\/div>\n<\/div>\n<\/div>\n<\/div>\n<\/div>\n<\/div>\n<\/div>\n<\/div>\n<\/div>\n","protected":false},"excerpt":{"rendered":"<p>Le grand-p\u00e8re du photographe poitevin Thomas Regdosz a d\u00fb fuir la Pologne apr\u00e8s la guerre. Son petit-fils veut tourner un film pour retracer ce p\u00e9riple. Sur l\u2019affiche du projet de film, le \u00ab\u00a0p\u00a0\u00bb de Joseph ressemble \u00e0 une ancre de marine\u2026 Il s\u2019agit, en fait, de la Kotwica, le symbole de la r\u00e9sistance polonaise durant &hellip; <\/p>\n<p class=\"read-more\"><a class=\"btn btn-default\" href=\"http:\/\/jnr-cpl.com\/?p=3286\"> Read More<span class=\"screen-reader-text\">  Read More<\/span><\/a><\/p>\n","protected":false},"author":1,"featured_media":0,"comment_status":"closed","ping_status":"open","sticky":false,"template":"","format":"standard","meta":{"footnotes":""},"categories":[19,18],"tags":[],"class_list":["post-3286","post","type-post","status-publish","format-standard","hentry","category-actualite-de-la-deportation","category-actualite-de-la-resistance"],"_links":{"self":[{"href":"http:\/\/jnr-cpl.com\/index.php?rest_route=\/wp\/v2\/posts\/3286","targetHints":{"allow":["GET"]}}],"collection":[{"href":"http:\/\/jnr-cpl.com\/index.php?rest_route=\/wp\/v2\/posts"}],"about":[{"href":"http:\/\/jnr-cpl.com\/index.php?rest_route=\/wp\/v2\/types\/post"}],"author":[{"embeddable":true,"href":"http:\/\/jnr-cpl.com\/index.php?rest_route=\/wp\/v2\/users\/1"}],"replies":[{"embeddable":true,"href":"http:\/\/jnr-cpl.com\/index.php?rest_route=%2Fwp%2Fv2%2Fcomments&post=3286"}],"version-history":[{"count":1,"href":"http:\/\/jnr-cpl.com\/index.php?rest_route=\/wp\/v2\/posts\/3286\/revisions"}],"predecessor-version":[{"id":3309,"href":"http:\/\/jnr-cpl.com\/index.php?rest_route=\/wp\/v2\/posts\/3286\/revisions\/3309"}],"wp:attachment":[{"href":"http:\/\/jnr-cpl.com\/index.php?rest_route=%2Fwp%2Fv2%2Fmedia&parent=3286"}],"wp:term":[{"taxonomy":"category","embeddable":true,"href":"http:\/\/jnr-cpl.com\/index.php?rest_route=%2Fwp%2Fv2%2Fcategories&post=3286"},{"taxonomy":"post_tag","embeddable":true,"href":"http:\/\/jnr-cpl.com\/index.php?rest_route=%2Fwp%2Fv2%2Ftags&post=3286"}],"curies":[{"name":"wp","href":"https:\/\/api.w.org\/{rel}","templated":true}]}}